{"id":26152,"date":"2010-03-01T00:00:00","date_gmt":"2010-03-01T03:00:00","guid":{"rendered":"https:\/\/www.cnbb.org.br\/bispo-de-blumenau-informa-a-instalacao-da-primeira-radio-da-diocese\/"},"modified":"2010-03-01T00:00:00","modified_gmt":"2010-03-01T03:00:00","slug":"bispo-de-blumenau-informa-a-instalacao-da-primeira-radio-da-diocese","status":"publish","type":"post","link":"https:\/\/www.cnbb.org.br\/bispo-de-blumenau-informa-a-instalacao-da-primeira-radio-da-diocese\/","title":{"rendered":"Bispo de Blumenau informa a instala\u00e7\u00e3o da primeira r\u00e1dio da diocese"},"content":{"rendered":"<p style=\"text-align: justify\">Neste final de semana, 27 e 28, nas celebra\u00e7\u00f5es ocorridas na cidade de Blumenau (SC) e pelas par\u00f3quias da diocese, o bispo de Blumenau, dom Jos\u00e9 Negri, comunicou a instala\u00e7\u00e3o de uma r\u00e1dio cat\u00f3lica na regi\u00e3o.<\/p>\n<p><!--more--><\/p>\n<p style=\"text-align: justify\">Dom Jos\u00e9 informou que \u201ca Associa\u00e7\u00e3o Cat\u00f3lica Arca da Alian\u00e7a apostou tudo na provid\u00eancia de Deus e adquiriu a R\u00e1dio Blumenau AM. As negocia\u00e7\u00f5es j\u00e1 vinham sendo realizadas em sigilo h\u00e1 mais ou menos um m\u00eas. Precisamente, no final da semana passada, o neg\u00f3cio foi fechado e, a partir do dia 01 de mar\u00e7o, segunda-feira, os membros da Arca come\u00e7am a remodelar toda a programa\u00e7\u00e3o da tradicional emissora blumenauense, direcionando-a para uma evangeliza\u00e7\u00e3o l\u00facida, forte e corajosa\u201d.<\/p>\n<p style=\"text-align: justify\">\u00c9 a primeira vez que a diocese tem uma r\u00e1dio para, livremente, divulgar sua mensagem, o pensamento da Igreja, seus projetos e at\u00e9 mesmo suas celebra\u00e7\u00f5es, ora\u00e7\u00f5es e atividades. A emissora atingir\u00e1 mais de 50 munic\u00edpios de Santa Catarina.<\/p>\n","protected":false},"excerpt":{"rendered":"<p>Neste final de semana, 27 e 28, nas celebra\u00e7\u00f5es ocorridas na cidade de Blumenau (SC) e pelas par\u00f3quias da diocese, o bispo de Blumenau, dom Jos\u00e9 Negri, comunicou a instala\u00e7\u00e3o de uma r\u00e1dio cat\u00f3lica na regi\u00e3o.<\/p>\n","protected":false},"author":83,"featured_media":26153,"comment_status":"open","ping_status":"open","sticky":false,"template":"","format":"standard","meta":{"site-sidebar-layout":"default","site-content-layout":"default","ast-global-header-display":"","ast-banner-title-visibility":"","ast-main-header-display":"","ast-hfb-above-header-display":"","ast-hfb-below-header-display":"","ast-hfb-mobile-header-display":"","site-post-title":"","ast-breadcrumbs-content":"","ast-featured-img":"","footer-sml-layout":"","theme-transparent-header-meta":"","adv-header-id-meta":"","stick-header-meta":"","header-above-stick-meta":"","header-main-stick-meta":"","header-below-stick-meta":""},"categories":[769,791],"tags":[],"acf":[],"_links":{"self":[{"href":"https:\/\/www.cnbb.org.br\/cnbb-app\/wp\/v2\/posts\/26152"}],"collection":[{"href":"https:\/\/www.cnbb.org.br\/cnbb-app\/wp\/v2\/posts"}],"about":[{"href":"https:\/\/www.cnbb.org.br\/cnbb-app\/wp\/v2\/types\/post"}],"author":[{"embeddable":true,"href":"https:\/\/www.cnbb.org.br\/cnbb-app\/wp\/v2\/users\/83"}],"replies":[{"embeddable":true,"href":"https:\/\/www.cnbb.org.br\/cnbb-app\/wp\/v2\/comments?post=26152"}],"version-history":[{"count":0,"href":"https:\/\/www.cnbb.org.br\/cnbb-app\/wp\/v2\/posts\/26152\/revisions"}],"wp:featuredmedia":[{"embeddable":true,"href":"https:\/\/www.cnbb.org.br\/cnbb-app\/wp\/v2\/media\/26153"}],"wp:attachment":[{"href":"https:\/\/www.cnbb.org.br\/cnbb-app\/wp\/v2\/media?parent=26152"}],"wp:term":[{"taxonomy":"category","embeddable":true,"href":"https:\/\/www.cnbb.org.br\/cnbb-app\/wp\/v2\/categories?post=26152"},{"taxonomy":"post_tag","embeddable":true,"href":"https:\/\/www.cnbb.org.br\/cnbb-app\/wp\/v2\/tags?post=26152"}],"curies":[{"name":"wp","href":"https:\/\/api.w.org\/{rel}","templated":true}]}}