{"id":26154,"date":"2010-04-25T00:00:00","date_gmt":"2010-04-25T03:00:00","guid":{"rendered":"https:\/\/www.cnbb.org.br\/padres-catarinenses-fazem-peregrinacao-ao-santuario-de-fraiburgo\/"},"modified":"2010-04-25T00:00:00","modified_gmt":"2010-04-25T03:00:00","slug":"padres-catarinenses-fazem-peregrinacao-ao-santuario-de-fraiburgo","status":"publish","type":"post","link":"https:\/\/www.cnbb.org.br\/padres-catarinenses-fazem-peregrinacao-ao-santuario-de-fraiburgo\/","title":{"rendered":"Padres catarinenses fazem peregrina\u00e7\u00e3o ao Santu\u00e1rio de Fraiburgo"},"content":{"rendered":"<p style=\"text-align: justify\">Cerca de 250 padres do estado de Santa Catarina, al\u00e9m de cinco bispos,\u00a0 participaram da Peregrina\u00e7\u00e3o Sacerdotal ao Santu\u00e1rio Nossa Senhora de F\u00e1tima, na cidade catarinense de Fraiburgo. A peregrina\u00e7\u00e3o ocorreu na quarta-feira, 21, e for organizada pela Comiss\u00e3o Regional de Presb\u00edteros como parte das comemora\u00e7\u00f5es do Ano Sacerdotal, proclamado por Bento XVI no ano passado.<\/p>\n<p>  <!--more-->  <\/p>\n<p style=\"text-align: justify\">O bispo de Ca\u00e7ador (SC), dom Luis Carlos Eccel, presidiu a missa da romaria e ressaltou a import\u00e2ncia do padre ser coerente e sincero em sua miss\u00e3o. \u201cEste \u00e9 um tempo de dificuldades, desafios, persegui\u00e7\u00e3o da Igreja, mas os problemas s\u00e3o pequenos perto da grandiosidade da miss\u00e3o\u201d, disse.<\/p>\n<p>O arcebispo de Londrina (PR), dom Orlando Brandes, fez uma confer\u00eancia para os padres abordando o tema \u201cFidelidade presbiteral\u201d. \u201cA palestra foi motivadora para a vida ministerial\u201d, avaliou o reitor do Semin\u00e1rio de Teologia de Ca\u00e7ador, padre Moacir Caetano.<\/p>\n<p>Os padres aprovaram a peregrina\u00e7\u00e3o que teve, ainda, uma celebra\u00e7\u00e3o mariana na gruta do Santu\u00e1rio. \u201cA peregrina\u00e7\u00e3o trouxe bastante \u00e2nimo e encorajamento\u201d, disse o p\u00e1roco da Par\u00f3quia Imaculada Concei\u00e7\u00e3o, de Fraiburgo, padre Wilson Maiorki. \u201cEncontro, partilha, fraternidade, voca\u00e7\u00e3o, miss\u00e3o s\u00e3o palavras que nos ajudam a expressar o que significou a peregrina\u00e7\u00e3o regional dos presb\u00edteros\u201d, acrescentou o coordenador diocesano de pastoral de Ca\u00e7ador, padre Jo\u00e3o Claudio Casara.<\/p>\n","protected":false},"excerpt":{"rendered":"<p>Cerca de 250 padres do estado de Santa Catarina, al\u00e9m de cinco bispos,\u00a0 participaram da Peregrina\u00e7\u00e3o Sacerdotal ao Santu\u00e1rio Nossa Senhora de F\u00e1tima, na cidade catarinense de Fraiburgo. A peregrina\u00e7\u00e3o ocorreu na quarta-feira, 21, e for organizada pela Comiss\u00e3o Regional de Presb\u00edteros como parte das comemora\u00e7\u00f5es do Ano Sacerdotal, proclamado por Bento XVI no ano &hellip;<\/p>\n<p class=\"read-more\"> <a class=\"\" href=\"https:\/\/www.cnbb.org.br\/padres-catarinenses-fazem-peregrinacao-ao-santuario-de-fraiburgo\/\"> <span class=\"screen-reader-text\">Padres catarinenses fazem peregrina\u00e7\u00e3o ao Santu\u00e1rio de Fraiburgo<\/span> Leia mais &raquo;<\/a><\/p>\n","protected":false},"author":83,"featured_media":26155,"comment_status":"open","ping_status":"open","sticky":false,"template":"","format":"standard","meta":{"site-sidebar-layout":"default","site-content-layout":"default","ast-global-header-display":"","ast-banner-title-visibility":"","ast-main-header-display":"","ast-hfb-above-header-display":"","ast-hfb-below-header-display":"","ast-hfb-mobile-header-display":"","site-post-title":"","ast-breadcrumbs-content":"","ast-featured-img":"","footer-sml-layout":"","theme-transparent-header-meta":"","adv-header-id-meta":"","stick-header-meta":"","header-above-stick-meta":"","header-main-stick-meta":"","header-below-stick-meta":""},"categories":[769,791],"tags":[],"acf":[],"_links":{"self":[{"href":"https:\/\/www.cnbb.org.br\/cnbb-app\/wp\/v2\/posts\/26154"}],"collection":[{"href":"https:\/\/www.cnbb.org.br\/cnbb-app\/wp\/v2\/posts"}],"about":[{"href":"https:\/\/www.cnbb.org.br\/cnbb-app\/wp\/v2\/types\/post"}],"author":[{"embeddable":true,"href":"https:\/\/www.cnbb.org.br\/cnbb-app\/wp\/v2\/users\/83"}],"replies":[{"embeddable":true,"href":"https:\/\/www.cnbb.org.br\/cnbb-app\/wp\/v2\/comments?post=26154"}],"version-history":[{"count":0,"href":"https:\/\/www.cnbb.org.br\/cnbb-app\/wp\/v2\/posts\/26154\/revisions"}],"wp:featuredmedia":[{"embeddable":true,"href":"https:\/\/www.cnbb.org.br\/cnbb-app\/wp\/v2\/media\/26155"}],"wp:attachment":[{"href":"https:\/\/www.cnbb.org.br\/cnbb-app\/wp\/v2\/media?parent=26154"}],"wp:term":[{"taxonomy":"category","embeddable":true,"href":"https:\/\/www.cnbb.org.br\/cnbb-app\/wp\/v2\/categories?post=26154"},{"taxonomy":"post_tag","embeddable":true,"href":"https:\/\/www.cnbb.org.br\/cnbb-app\/wp\/v2\/tags?post=26154"}],"curies":[{"name":"wp","href":"https:\/\/api.w.org\/{rel}","templated":true}]}}