{"id":261596,"date":"2021-03-31T11:18:43","date_gmt":"2021-03-31T14:18:43","guid":{"rendered":"https:\/\/www.cnbb.org.br\/?p=261596"},"modified":"2021-03-31T11:19:28","modified_gmt":"2021-03-31T14:19:28","slug":"nossa-senhora-das-dores-3","status":"publish","type":"post","link":"https:\/\/www.cnbb.org.br\/nossa-senhora-das-dores-3\/","title":{"rendered":"Nossa Senhora das Dores"},"content":{"rendered":"<p style=\"text-align: right;\"><strong>Cardeal Orani Jo\u00e3o Tempesta<br \/>\n<\/strong><strong>Arcebispo do Rio de Janeiro (RJ)<\/strong><\/p>\n<p style=\"text-align: justify;\"><strong>\u00a0<\/strong><\/p>\n<p style=\"text-align: justify;\"><em>\u201cE quanto a ti, uma espada de dor te traspassar\u00e1 a tua alma\u201d (cf Lc 2, 33-35)<\/em><\/p>\n<p style=\"text-align: justify;\">\n<p style=\"text-align: justify;\">Na tradi\u00e7\u00e3o a semana santa, uma personagem que costumamos acompanhar nestes dias \u00e9 Nossa Senhora das Dores. Existem v\u00e1rias tradi\u00e7\u00f5es como a de levar a imagem de N. Sra. das Dores em uma Igreja para depois sair para a prociss\u00e3o do encontro como Senhor dos Passos, outra de refletir sobre as dores de Maria, a imagem de Maria seguindo o Senhor morto na sexta-feira santa e tantas outras que, neste ano, por\u00e9m, s\u00f3 acontecem de modo virtual ou com pequenos epis\u00f3dios onde s\u00e3o permitidos. Em alguns lugares atualmente a imagem passa pelas ruas das cidades sem acompanhamento.<\/p>\n<p style=\"text-align: justify;\">Mas mesmo assim, de cora\u00e7\u00e3o aberto seria importante uma reflex\u00e3o sobre essas nossas piedosas tradi\u00e7\u00f5es. \u00c9 a mesma M\u00e3e de Jesus, mas da mesma forma que Ela recebe outros t\u00edtulos, devido aos locais em que Ela aparece e a mensagem que Ela quer transmitir, durante a Semana Santa, Ela \u00e9 lembrada com t\u00edtulo de Nossa Senhora das Dores. Dessa forma, se cumpria aquilo que o profeta Sime\u00e3o disse \u00e0 Nossa Senhora: \u201c<em>Quanto a ti, uma espada te atravessar\u00e1 a alma<\/em>\u201d (Cf Lc 2,34-35).<\/p>\n<p style=\"text-align: justify;\">Nossa Senhora tamb\u00e9m \u00e9 lembrada por esse t\u00edtulo, pois a dor dela foi t\u00e3o grande ao ver seu Filho sendo crucificado, que era como se uma espada atravessasse sua alma. Mas, Nossa Senhora sempre guardou e meditou tudo em seu cora\u00e7\u00e3o e mesmo diante de tal sofrimento, se conformava com a vontade de Deus.<\/p>\n<p style=\"text-align: justify;\">Nossa Senhora das Dores, tamb\u00e9m \u00e9 conhecida por outros t\u00edtulos semelhantes, como por exemplo: Nossa Senhora das Ang\u00fastias, Nossa Senhora da Piedade, Nossa Senhora da Agonia e Nossa Senhora das L\u00e1grimas. Todos esses t\u00edtulos se remetem as celebra\u00e7\u00f5es da Semana Santa e ao momento que vai desde a condena\u00e7\u00e3o de Jesus a morte at\u00e9 a sua entrega total na cruz.<\/p>\n<p style=\"text-align: justify;\">O dia de Nossa Senhora das Dores, segundo o nosso calend\u00e1rio, \u00e9 celebrado em 15 de setembro, um dia ap\u00f3s a celebra\u00e7\u00e3o da Exalta\u00e7\u00e3o da Santa Cruz. Mas, como j\u00e1 dissemos, ela \u00e9 bem recordada nesse per\u00edodo da Semana Santa, devido a todo o contexto que envolvem essas celebra\u00e7\u00f5es. Nossa Senhora esteve firme, acompanhando os \u00faltimos passos do seu Filho, at\u00e9 a morte de Cruz.<\/p>\n<p style=\"text-align: justify;\">Ao celebrar Nossa Senhora das Dores recordamos tantas m\u00e3es que sofrem com perda prematura de seus filhos, seja pelas drogas, viol\u00eancia, acidente ou doen\u00e7a. Essas m\u00e3es devem seguir o exemplo de Nossa Senhora e se manter firmes diante desses momentos de sofrimento e se conformarem a vontade de Deus. A for\u00e7a da f\u00e9 ajudar\u00e1 a passar pelos momentos de dificuldade.<\/p>\n<p style=\"text-align: justify;\">\u00c9 junto \u00e0 cruz do seu Filho que Maria se torna a M\u00e3e de todos n\u00f3s, pois Jesus diz a Maria quando Ela estava aos p\u00e9s da cruz, ao lado de Jo\u00e3o: \u201c<em>Mulher, eis a\u00ed o teu filho\u201d. <\/em>E depois diz a Jo\u00e3o: \u201c<em>Filho, eis a\u00ed a tua M\u00e3e\u201d. <\/em>A partir desse momento, Jo\u00e3o acolhe Maria consigo e cuida dela. Por isso, a partir do mandato de Jesus, Ela se torna a m\u00e3e de todos n\u00f3s e M\u00e3e da Igreja. Unir-se \u00e0s dores de Maria \u00e9 unir-se tamb\u00e9m \u00e0s dores de Jesus Cristo, pois onde est\u00e1 a M\u00e3e, tamb\u00e9m est\u00e1 o Filho.<\/p>\n<p style=\"text-align: justify;\">O momento mais marcante do caminho doloroso de Jesus at\u00e9 o calv\u00e1rio, \u00e9 o que nos remete a 4\u00aa dor de Nossa Senhora que \u00e9 o doloroso encontro de Jesus com sua M\u00e3e. Esse momento \u00e9 celebrado na piedosa tradi\u00e7\u00e3o na Quarta-Feira Santa. Nessa ocasi\u00e3o acontece uma troca de olhares entre o Filho e sua M\u00e3e e com o olhar de M\u00e3e, Nossa Senhora contempla a crueldade que estavam fazendo com o seu Filho. Tudo isso causava uma imensa dor no cora\u00e7\u00e3o de Nossa Senhora.<\/p>\n<p style=\"text-align: justify;\">Por isso, podemos imaginar qual m\u00e3e que n\u00e3o sofre ao ver um filho sofrendo, precisando de ajuda, e sofre mais ainda quando n\u00e3o pode fazer nada. Dessa maneira, que possamos nos unir \u00e0 dor que Maria sentiu nessa ocasi\u00e3o e pe\u00e7amos for\u00e7as para suportar com paci\u00eancia as dores que possam ocorrer na nossa vida. Que principalmente Maria conforte as m\u00e3es que sofrem.<\/p>\n<p style=\"text-align: justify;\">Nossa Senhora est\u00e1 intercedendo por cada um de n\u00f3s e \u00e9 aquela M\u00e3e que consola as nossas dores e sofrimentos, sobretudo das m\u00e3es que perderam seus filhos. Agora, no c\u00e9u, os olhares de Jesus e de Nossa Senhora se cruzam, assim como se cruzaram aqui na terra, um olhar de amor e compaix\u00e3o.<\/p>\n<p style=\"text-align: justify;\">Nesse momento t\u00e3o incerto para a humanidade com a pandemia da Covid-19, somos convidados a nos unir ao sofrimento de Cristo e sermos consolados por Nossa Senhora e que por meio deles tenhamos a certeza na vida eterna. Todos n\u00f3s somos passageiros aqui na terra e almejamos viver eternamente ao lado de Deus. Que nesse tempo especial sejamos alimentados pela f\u00e9 e esperan\u00e7a em dias melhores e na certeza da ressurrei\u00e7\u00e3o final.<\/p>\n<p style=\"text-align: justify;\">Que a Virgem das Dores que \u00e9 a nossa M\u00e3e interceda por n\u00f3s e console a todos que passam por momentos de tribula\u00e7\u00e3o e que Ela nos inspire a viver o nosso apostolado, construindo aqui na terra o Reino de Deus. Am\u00e9m.<\/p>\n<p>&nbsp;<\/p>\n<p>&nbsp;<\/p>\n<p>&nbsp;<\/p>\n<p>&nbsp;<\/p>\n<p>&nbsp;<\/p>\n<p>&nbsp;<\/p>\n","protected":false},"excerpt":{"rendered":"<p>Cardeal Orani Jo\u00e3o Tempesta Arcebispo do Rio de Janeiro (RJ) \u00a0 \u201cE quanto a ti, uma espada de dor te traspassar\u00e1 a tua alma\u201d (cf Lc 2, 33-35) Na tradi\u00e7\u00e3o a semana santa, uma personagem que costumamos acompanhar nestes dias \u00e9 Nossa Senhora das Dores. Existem v\u00e1rias tradi\u00e7\u00f5es como a de levar a imagem de &hellip;<\/p>\n<p class=\"read-more\"> <a class=\"\" href=\"https:\/\/www.cnbb.org.br\/nossa-senhora-das-dores-3\/\"> <span class=\"screen-reader-text\">Nossa Senhora das Dores<\/span> Leia mais &raquo;<\/a><\/p>\n","protected":false},"author":31,"featured_media":0,"comment_status":"open","ping_status":"open","sticky":false,"template":"","format":"standard","meta":{"site-sidebar-layout":"default","site-content-layout":"default","ast-global-header-display":"","ast-banner-title-visibility":"","ast-main-header-display":"","ast-hfb-above-header-display":"","ast-hfb-below-header-display":"","ast-hfb-mobile-header-display":"","site-post-title":"","ast-breadcrumbs-content":"","ast-featured-img":"","footer-sml-layout":"","theme-transparent-header-meta":"default","adv-header-id-meta":"","stick-header-meta":"","header-above-stick-meta":"","header-main-stick-meta":"","header-below-stick-meta":""},"categories":[758],"tags":[],"acf":[],"_links":{"self":[{"href":"https:\/\/www.cnbb.org.br\/cnbb-app\/wp\/v2\/posts\/261596"}],"collection":[{"href":"https:\/\/www.cnbb.org.br\/cnbb-app\/wp\/v2\/posts"}],"about":[{"href":"https:\/\/www.cnbb.org.br\/cnbb-app\/wp\/v2\/types\/post"}],"author":[{"embeddable":true,"href":"https:\/\/www.cnbb.org.br\/cnbb-app\/wp\/v2\/users\/31"}],"replies":[{"embeddable":true,"href":"https:\/\/www.cnbb.org.br\/cnbb-app\/wp\/v2\/comments?post=261596"}],"version-history":[{"count":0,"href":"https:\/\/www.cnbb.org.br\/cnbb-app\/wp\/v2\/posts\/261596\/revisions"}],"wp:attachment":[{"href":"https:\/\/www.cnbb.org.br\/cnbb-app\/wp\/v2\/media?parent=261596"}],"wp:term":[{"taxonomy":"category","embeddable":true,"href":"https:\/\/www.cnbb.org.br\/cnbb-app\/wp\/v2\/categories?post=261596"},{"taxonomy":"post_tag","embeddable":true,"href":"https:\/\/www.cnbb.org.br\/cnbb-app\/wp\/v2\/tags?post=261596"}],"curies":[{"name":"wp","href":"https:\/\/api.w.org\/{rel}","templated":true}]}}