{"id":26162,"date":"2010-09-24T00:00:00","date_gmt":"2010-09-24T03:00:00","guid":{"rendered":"https:\/\/www.cnbb.org.br\/assembleia-do-regional-sul-4-e-suspensa-por-causa-de-acidente-que-mata-seminarista\/"},"modified":"2010-09-24T00:00:00","modified_gmt":"2010-09-24T03:00:00","slug":"assembleia-do-regional-sul-4-e-suspensa-por-causa-de-acidente-que-mata-seminarista","status":"publish","type":"post","link":"https:\/\/www.cnbb.org.br\/assembleia-do-regional-sul-4-e-suspensa-por-causa-de-acidente-que-mata-seminarista\/","title":{"rendered":"Assembleia do Regional Sul 4 \u00e9 suspensa por causa de acidente que mata seminarista"},"content":{"rendered":"<p style=\"text-align: justify\">Um acidente de autom\u00f3vel ocorrido ontem, 23, no munic\u00edpio de Pouso Redondo, distante 228 km de Florian\u00f3polis, tirou a vida do seminarista de Filosofia Edinei Gon\u00e7alvez da Cruz, 20 anos. O acontecimento motivou a suspens\u00e3o da Assembleia do Regional Sul 4 da CNBB (Santa Catarina), que come\u00e7aria hoje em Lages.<\/p>\n<p><!--more--><\/p>\n<p style=\"text-align: justify\">Uma nota assinada pelo presidente do Regional, dom Murilo Krieger, informa e lamenta a morte do seminarista, que participaria da assembleia em nome dos colegas de curso. \u201cManifestamos aos familiares desse irm\u00e3o nossos sentimentos; a Dom Jos\u00e9 Negri, Bispo de Blumenau, a seus diocesanos e, particularmente, aos sacerdotes e seminaristas, expressamos nossa unidade\u201d, diz o documento.<\/p>\n<p style=\"text-align: justify\">A reuni\u00e3o do Conselho Regional de Pastoral, prevista para dias 18 e 19 de novembro, na cidade Ca\u00e7ador (SC), abordar\u00e1 os assuntos que seriam tratados em Lages, entre eles o tema central &#8220;A Espiritualidade do Agente de Pastoral&#8221;.<\/p>\n<p style=\"text-align: justify\">A \u00edntegra da Nota da CNBB Regional Sul 4<\/p>\n<hr \/>\n<h1 style=\"text-align: justify\">Nota da CNBB \u2013 Regional Sul 4<\/h1>\n<p style=\"text-align: right\">24 de setembro de 2010<\/p>\n<p style=\"text-align: justify\">Comunica\u00e7\u00e3o do falecimento do seminarista Edinei Gon\u00e7alvez da Cruz<\/p>\n<p style=\"text-align: right\">\u201cEnt\u00e3o, ouvi uma voz forte que sa\u00eda do trono e dizia:<br \/>\nEsta \u00e9 a morada de Deus-com-os-homens.<br \/>\nEle vai morar junto deles. Eles ser\u00e3o o seu povo,<br \/>\ne o pr\u00f3prio Deus-com-eles ser\u00e1 seu Deus.<br \/>\nEle enxugar\u00e1 toda l\u00e1grima dos seus olhos.<br \/>\nA morte n\u00e3o existir\u00e1 mais,<br \/>\ne n\u00e3o haver\u00e1 mais luto, nem grito, nem dor,<br \/>\nporque as coisas anteriores passaram\u201d. (Ap 21,3-4)<\/p>\n<p style=\"text-align: justify\">A CNBB \u2013 Regional Sul 4 cumpre o doloroso dever de comunicar o falecimento do jovem Edinei Gon\u00e7alvez da Cruz, de 20 anos, seminarista da Diocese de Blumenau, que cursava o 3\u00ba ano de Filosofia em Brusque e residia no Semin\u00e1rio Filos\u00f3fico de Santa Catarina \u2013 Sefisc. Edinei, na noite do dia 23 (quinta-feira), dirigia-se com outras pessoas a Lages, onde participaria, em nome dos seminaristas fil\u00f3sofos, da Assembl\u00e9ia da CNBB &#8211; Regional Sul 4. Um acidente automobil\u00edstico tirou sua vida, nada acontecendo a seus companheiros de viagem. Diante de t\u00e3o grave fato, a Assembl\u00e9ia do Regional Sul 4 foi suspensa.<\/p>\n<p style=\"text-align: justify\">Ao mesmo tempo em que convidamos todos a fazerem uma prece por esse nosso irm\u00e3o, comunicamos que o sepultamento de Edinei Gon\u00e7alvez da Cruz ser\u00e1 neste dia 24 de setembro, \u00e0s 16h, na Capela de Palmeiras \u2013 Munic\u00edpio de Rio dos Cedros \u2013 SC.<\/p>\n<p style=\"text-align: justify\">Manifestamos aos familiares desse irm\u00e3o nossos sentimentos; a Dom Jos\u00e9 Negri, Bispo de Blumenau, a seus diocesanos e, particularmente, aos sacerdotes e seminaristas, expressamos nossa unidade. Deus \u201cenxugar\u00e1 toda l\u00e1grima dos seus olhos\u201d!<\/p>\n<p style=\"text-align: justify\">Fraternalmente,<\/p>\n<p style=\"text-align: center\">Dom Murilo S.R. Krieger, scj<br \/>\nArcebispo de Florian\u00f3polis e<br \/>\nPresidente da CNBB \u2013 Regional Sul 4<\/p>\n","protected":false},"excerpt":{"rendered":"<p>Um acidente de autom\u00f3vel ocorrido ontem, 23, no munic\u00edpio de Pouso Redondo, distante 228 km de Florian\u00f3polis, tirou a vida do seminarista de Filosofia Edinei Gon\u00e7alvez da Cruz, 20 anos. O acontecimento motivou a suspens\u00e3o da Assembleia do Regional Sul 4 da CNBB (Santa Catarina), que come\u00e7aria hoje em Lages.<\/p>\n","protected":false},"author":83,"featured_media":26163,"comment_status":"open","ping_status":"open","sticky":false,"template":"","format":"standard","meta":{"site-sidebar-layout":"default","site-content-layout":"default","ast-global-header-display":"","ast-banner-title-visibility":"","ast-main-header-display":"","ast-hfb-above-header-display":"","ast-hfb-below-header-display":"","ast-hfb-mobile-header-display":"","site-post-title":"","ast-breadcrumbs-content":"","ast-featured-img":"","footer-sml-layout":"","theme-transparent-header-meta":"","adv-header-id-meta":"","stick-header-meta":"","header-above-stick-meta":"","header-main-stick-meta":"","header-below-stick-meta":""},"categories":[769,791],"tags":[],"acf":[],"_links":{"self":[{"href":"https:\/\/www.cnbb.org.br\/cnbb-app\/wp\/v2\/posts\/26162"}],"collection":[{"href":"https:\/\/www.cnbb.org.br\/cnbb-app\/wp\/v2\/posts"}],"about":[{"href":"https:\/\/www.cnbb.org.br\/cnbb-app\/wp\/v2\/types\/post"}],"author":[{"embeddable":true,"href":"https:\/\/www.cnbb.org.br\/cnbb-app\/wp\/v2\/users\/83"}],"replies":[{"embeddable":true,"href":"https:\/\/www.cnbb.org.br\/cnbb-app\/wp\/v2\/comments?post=26162"}],"version-history":[{"count":0,"href":"https:\/\/www.cnbb.org.br\/cnbb-app\/wp\/v2\/posts\/26162\/revisions"}],"wp:featuredmedia":[{"embeddable":true,"href":"https:\/\/www.cnbb.org.br\/cnbb-app\/wp\/v2\/media\/26163"}],"wp:attachment":[{"href":"https:\/\/www.cnbb.org.br\/cnbb-app\/wp\/v2\/media?parent=26162"}],"wp:term":[{"taxonomy":"category","embeddable":true,"href":"https:\/\/www.cnbb.org.br\/cnbb-app\/wp\/v2\/categories?post=26162"},{"taxonomy":"post_tag","embeddable":true,"href":"https:\/\/www.cnbb.org.br\/cnbb-app\/wp\/v2\/tags?post=26162"}],"curies":[{"name":"wp","href":"https:\/\/api.w.org\/{rel}","templated":true}]}}