{"id":261622,"date":"2021-03-31T14:44:48","date_gmt":"2021-03-31T17:44:48","guid":{"rendered":"https:\/\/www.cnbb.org.br\/?p=261622"},"modified":"2021-03-31T14:46:02","modified_gmt":"2021-03-31T17:46:02","slug":"a-esperanca-e-a-solidariedade-em-tempo-de-pandemia-e-a-cfe-2021","status":"publish","type":"post","link":"https:\/\/www.cnbb.org.br\/a-esperanca-e-a-solidariedade-em-tempo-de-pandemia-e-a-cfe-2021\/","title":{"rendered":"A Esperan\u00e7a e a Solidariedade em tempo de pandemia e a CFE 2021"},"content":{"rendered":"<p style=\"text-align: right;\"><strong>Dom Vital Corbellini<\/strong><br \/>\n<strong> Bispo de Marab\u00e1 (PA)<\/strong><\/p>\n<p>&nbsp;<\/p>\n<p style=\"text-align: justify;\">O tempo atual de pandemia clama pelos valores de esperan\u00e7a e de solidariedade em todas as pessoas de f\u00e9. As duas virtudes que se transformam em atitudes devem caminhar juntas na viv\u00eancia pessoal, comunit\u00e1ria e social, de do\u00e7\u00e3o de vida sobre a morte. S\u00e3o Paulo afirma que \u201ca esperan\u00e7a n\u00e3o decepciona, porque o amor de Deus foi derramado em nossos cora\u00e7\u00f5es pelo Esp\u00edrito Santo que nos foi dado\u201d (<em>Rm<\/em> 5,5). \u00c9 tempo tamb\u00e9m de vida fraterna e, sobretudo, de olhar aos mais necessitados. A solidariedade se refere \u00e0 ajuda que \u00e9 dada para as pessoas mais carentes neste tempo de pandemia da Covid 19. O Senhor nos diz: \u201cTodas as vezes que fizestes isso a um destes pequeninos que s\u00e3o meus irm\u00e3os, foi a mim que o fizestes\u201d (<em>Mt<\/em> 25, 40). O tempo \u00e9 de gra\u00e7a e a palavra de Cristo ilumina a a\u00e7\u00e3o com coragem, mesmo diante do sofrimento, de nos voltar ao amor a Deus, ao pr\u00f3ximo, como a si mesmo.<\/p>\n<p style=\"text-align: justify;\"><strong>A esperan\u00e7a diante das desesperan\u00e7as<\/strong><\/p>\n<p style=\"text-align: justify;\">A esperan\u00e7a \u00e9 uma virtude teologal essencial para a realidade crist\u00e3 e atual. Ela alude ao nosso contato com Deus. N\u00f3s podemos dizer que carregamos em nosso interior sentimentos de esperan\u00e7a diante da desesperan\u00e7a, da desola\u00e7\u00e3o, porque somos pessoas que olham para o infinito com f\u00e9. A esperan\u00e7a \u00e9 o sentimento de aguardar algo novo para a vida presente e futura de quanto se deseja. N\u00f3s olhamos para o alto porque somos pessoas de f\u00e9 em Deus Uno e Trino e, ao mesmo tempo, carregamos a esperan\u00e7a de dias melhores de vida, que por vezes podem vir atrav\u00e9s dos sofrimentos humanos.<\/p>\n<p style=\"text-align: justify;\">Vemos nessas \u00faltimas semanas um aumento consider\u00e1vel do n\u00famero de infectados e de mortos em todo o pa\u00eds. Muitos analistas afirmaram que a pandemia no Brasil est\u00e1 fora de controle. H\u00e1 uma crise instalada no pa\u00eds. O avan\u00e7o da nova variante de Manaus est\u00e1 se espalhando sempre mais pelo Brasil e tamb\u00e9m em outros pa\u00edses, sendo mais contagiosa que a original, com possibilidade de causar reinfec\u00e7\u00e3o. Anunciam-se medicamentos sem efic\u00e1cia, bem como se v\u00ea o cansa\u00e7o dos profissionais de sa\u00fade, a escassez de oxig\u00eanio em alguns lugares, a falta de UTIs para pacientes e o colapso nos servi\u00e7os de sa\u00fade. O fato \u00e9 que a pandemia superlotou os hospitais. Para muitos analistas, o Brasil est\u00e1 se tornando uma amea\u00e7a \u00e0 sa\u00fade de todos em n\u00edvel global.\u00a0 Nesses dias, contabilizaram-se mais de trezentos e dez mil mortos. A crise brasileira deve aludir \u00e0 valoriza\u00e7\u00e3o da vida sobre a morte.<\/p>\n<p style=\"text-align: justify;\">O texto base da CFE 2021 fala que a pandemia ceifou muitas vidas de nossas comunidades. Foram bispos, padres, religiosos, lideran\u00e7as comunit\u00e1rias, civis, pol\u00edticas, de todas as idades e ra\u00e7as. Vimos casos de mortes na mesma fam\u00edlia, onde o marido partiu antes e foi depois a esposa, ou mesmo casos onde diversos membros da mesma fam\u00edlia morreram em poucas horas ou em poucos dias. Vimos tamb\u00e9m casos de mortes de sacerdotes que trabalharam juntos e acabaram partindo em poucas horas e pessoas religiosas que n\u00e3o sobrevieram ao Covid 19. As informa\u00e7\u00f5es se propagam rapidamente pelas m\u00eddias sociais e, neste sentido, viram-se muitos escritos colocando sentimentos de solidariedade e dor pela partida dos seus entes queridos em unidade com os seus familiares. As pessoas suplicam a Deus a ora\u00e7\u00e3o, a miseric\u00f3rdia e o descanso eterno.<\/p>\n<p style=\"text-align: justify;\"><strong>O colapso hospitalar e as enchentes<\/strong><\/p>\n<p style=\"text-align: justify;\">Estamos atravessando um momento dif\u00edcil de colapso hospitalar. As manchetes nacionais e internacionais colocam esta situa\u00e7\u00e3o. Os leitos nos hospitais est\u00e3o cheios em muitos lugares do pa\u00eds, de modo que as pessoas est\u00e3o esperando a sua vez para serem atendidas. \u00c0s vezes, esta espera \u00e9 longa e acabam morrendo em casa. Muitos pacientes s\u00e3o atendidos em cadeiras por falta de leito hospitalar dispon\u00edvel. As pessoas chegam aos hospitais com n\u00edveis baixos de oxigena\u00e7\u00e3o e necessitam de tratamento imediato.<\/p>\n<p style=\"text-align: justify;\">Decorrido um ano de pandemia, n\u00f3s carregamos a esperan\u00e7a de que o comit\u00ea formado pelos poderes p\u00fablicos possa ajudar a superar a situa\u00e7\u00e3o com unidade de a\u00e7\u00f5es, ultrapassando o negacionismo de muitas autoridades, grupos e pessoas. Ser\u00e1 importante o refor\u00e7o na divulga\u00e7\u00e3o, pelos meios de comunica\u00e7\u00e3o social, quanto \u00e0 necessidade de distanciamento social, higieniza\u00e7\u00e3o das m\u00e3os, uso de m\u00e1scaras e \u00e1lcool gel. Estas medidas s\u00e3o fundamentais para conter a prolifera\u00e7\u00e3o do v\u00edrus, que j\u00e1 atingiu muitas pessoas, de todas as idades e ra\u00e7as, deixando um rastro de seq\u00fcelas no corpo e de \u00f3bitos. Os especialistas falam agora de \u2018rejuvenescimento da pandemia\u2019 por causa do aumento de casos entre adultos jovens, contribuindo ainda mais para o colapso do sistema de sa\u00fade p\u00fablico e privado. Nota-se maior presen\u00e7a de jovens internados nos hospitais.<\/p>\n<p style=\"text-align: justify;\">Para a nossa realidade de Marab\u00e1, al\u00e9m da pandemia da Covid 19, n\u00f3s estamos enfrentando uma enchente com centenas de fam\u00edlias desalojadas de suas casas, temporariamente acomodadas em locais constru\u00eddos pelo poder p\u00fablico municipal, e tamb\u00e9m em locais alugados. O governo estadual e municipal concedeu ajuda material, a Igreja est\u00e1 presente na doa\u00e7\u00e3o de m\u00e1scaras e outros meios. O fato \u00e9 que a fome est\u00e1 voltando e \u00e9 preciso ajudar essa popula\u00e7\u00e3o, que se encontra nesses alojamentos, cuja dif\u00edcil realidade \u00e9 agravada pela pandemia. Pelo Projeto de Santa Dulce dos Pobres da Diocese de Marab\u00e1, em unidade com o poder municipal, s\u00e3o oferecidas marmitas de comida para os moradores de rua e para os \u00edndios venezuelanos. Esta solidariedade \u00e9 importante neste tempo dif\u00edcil.<\/p>\n<p style=\"text-align: justify;\"><strong>A import\u00e2ncia da vacina<\/strong><\/p>\n<p style=\"text-align: justify;\">A esperan\u00e7a por dias melhores est\u00e1 depositada na for\u00e7a que carregamos porque somos pessoas de f\u00e9, que olham para o alto, e oram ao Senhor nosso Deus para que possamos ir em frente com alegria e com amor. Confiamos na chegada da vacina. \u00c9 a for\u00e7a da medicina, da ci\u00eancia, que tanto trabalhou para oferecer \u00e0 humanidade esse elemento de combate e prote\u00e7\u00e3o contra o v\u00edrus da Covid 19. A efic\u00e1cia das vacinas ofertadas por diversos fabricantes est\u00e1 acima dos cinq\u00fcenta por cento, mesmo que a pessoa tenha de receber uma segunda dose. Segundo o Minist\u00e9rio da Sa\u00fade, milh\u00f5es de doses de vacinas dever\u00e3o chegar para os Estados e para os Munic\u00edpios nos pr\u00f3ximos meses, de modo que a popula\u00e7\u00e3o ser\u00e1 gradativamente vacinada, sejam os grupos priorit\u00e1rios, seja a popula\u00e7\u00e3o em geral. Cremos que esse processo de vacina\u00e7\u00e3o avan\u00e7ar\u00e1 mais rapidamente no Brasil, pois nosso pa\u00eds tamb\u00e9m est\u00e1 produzindo doses de vacinas. Tudo isso \u00e9 motivo de esperan\u00e7a neste tempo de pandemia da Covid 19.<\/p>\n<p style=\"text-align: justify;\"><strong>A solidariedade para com as pessoas necessitadas<\/strong><\/p>\n<p style=\"text-align: justify;\">A solidariedade \u00e9 uma virtude humana, um modo de ser perante os mais necessitados, por meio do qual se compartilham id\u00e9ias e meios de vida, mas, sobretudo \u00e9 uma virtude crist\u00e3, porque fundamentada no amor a Deus e ao pr\u00f3ximo. \u00c9 a caridade que est\u00e1 se realizando. S\u00e3o Paulo afirma que \u201ctudo passa menos a caridade, o amor<em>\u201d<\/em> (cfr. <em>1 Cor <\/em>13,8). Jesus diz que no julgamento final,<em> \u201c<\/em>as coisas feitas para os outros foram feitas para Ele ou n\u00e3o foram feitas para Ele<em>\u201d<\/em> (cfr. <em>Mt<\/em> 25, 40; 45). Cristo Jesus se identifica com o pr\u00f3ximo, de modo que a rela\u00e7\u00e3o nossa com Deus passa pela pessoa do outro.<\/p>\n<p style=\"text-align: justify;\">O n\u00famero de \u00f3bitos decorrente da Covid 19 j\u00e1 ultrapassou trezentos e dez mil, o que deveria suscitar sentimentos de dor, de solidariedade proveniente das autoridades, e de todo o seguidor e seguidora de Jesus Cristo. Pessoas muito ligadas \u00e0 nossa vida foram atingidas por essa doen\u00e7a. Mas, n\u00e3o podemos esquecer-nos de outras mazelas em nossa sociedade, as quais tamb\u00e9m reclamam nossa atitude concreta de solidariedade. O texto da CFE 2021 denuncia o aumento do n\u00famero de v\u00edtimas de feminic\u00eddos durante a pandemia e tamb\u00e9m de homic\u00eddios. Portanto, somos chamados a lutar contra a viol\u00eancia que tira a vida das pessoas e buscar a paz que vem de Cristo, porque \u201co que era dividido, Ele fez uma unidade<em>\u201d<\/em> (cfr. <em>Ef<\/em> 2,14a).<\/p>\n<p style=\"text-align: justify;\"><strong>A coleta da solidariedade<\/strong><\/p>\n<p style=\"text-align: justify;\">A Campanha da Fraternidade Ecum\u00eanica 2021 coloca tamb\u00e9m a coleta da solidariedade, muito importante para ser realizada, porque ela manifesta a unidade da Igreja no Brasil. O povo \u00e9 convocado a fazer esta coleta com alegria e com amor. A igreja necessita de recursos financeiros para a evangeliza\u00e7\u00e3o e a caridade. Neste tempo de pandemia, as contribui\u00e7\u00f5es financeiras foram bastante reduzidas, pois a situa\u00e7\u00e3o social est\u00e1 dif\u00edcil para todos, mesmo assim, os crist\u00e3os s\u00e3o convocados a contribuir por se tratar de um ato de solidariedade, de caridade.<\/p>\n<p style=\"text-align: justify;\"><strong>A esperan\u00e7a e a solidariedade como atitudes a serem desenvolvidas.<\/strong><\/p>\n<p style=\"text-align: justify;\">A vida do crist\u00e3o deve pautar-se por atitudes de esperan\u00e7a porque Deus \u00e9 a nossa esperan\u00e7a maior, a vida eterna, e tamb\u00e9m pela solidariedade, manifestada no amor para com o pr\u00f3ximo. Na medida em que cultivamos atitudes de paz e de amor, estamos contribuindo para um mundo de supera\u00e7\u00e3o das polariza\u00e7\u00f5es, das divis\u00f5es, construindo pontes ao inv\u00e9s de muros, e assim, nos dedicamos \u00e0s coisas que d\u00e3o vida e, um dia, \u00e0 salva\u00e7\u00e3o ao g\u00eanero humano. As pessoas passam pela pandemia, pela dor e sofrimento, mas a gra\u00e7a de Deus Uno e Trino prevalece sobre todos os males, com esperan\u00e7a e vida na sua integridade.<\/p>\n","protected":false},"excerpt":{"rendered":"<p>Dom Vital Corbellini Bispo de Marab\u00e1 (PA) &nbsp; O tempo atual de pandemia clama pelos valores de esperan\u00e7a e de solidariedade em todas as pessoas de f\u00e9. As duas virtudes que se transformam em atitudes devem caminhar juntas na viv\u00eancia pessoal, comunit\u00e1ria e social, de do\u00e7\u00e3o de vida sobre a morte. S\u00e3o Paulo afirma que &hellip;<\/p>\n<p class=\"read-more\"> <a class=\"\" href=\"https:\/\/www.cnbb.org.br\/a-esperanca-e-a-solidariedade-em-tempo-de-pandemia-e-a-cfe-2021\/\"> <span class=\"screen-reader-text\">A Esperan\u00e7a e a Solidariedade em tempo de pandemia e a CFE 2021<\/span> Leia mais &raquo;<\/a><\/p>\n","protected":false},"author":16,"featured_media":0,"comment_status":"open","ping_status":"open","sticky":false,"template":"","format":"standard","meta":{"site-sidebar-layout":"default","site-content-layout":"default","ast-global-header-display":"","ast-banner-title-visibility":"","ast-main-header-display":"","ast-hfb-above-header-display":"","ast-hfb-below-header-display":"","ast-hfb-mobile-header-display":"","site-post-title":"","ast-breadcrumbs-content":"","ast-featured-img":"","footer-sml-layout":"","theme-transparent-header-meta":"default","adv-header-id-meta":"","stick-header-meta":"","header-above-stick-meta":"","header-main-stick-meta":"","header-below-stick-meta":""},"categories":[758,1837],"tags":[],"acf":[],"_links":{"self":[{"href":"https:\/\/www.cnbb.org.br\/cnbb-app\/wp\/v2\/posts\/261622"}],"collection":[{"href":"https:\/\/www.cnbb.org.br\/cnbb-app\/wp\/v2\/posts"}],"about":[{"href":"https:\/\/www.cnbb.org.br\/cnbb-app\/wp\/v2\/types\/post"}],"author":[{"embeddable":true,"href":"https:\/\/www.cnbb.org.br\/cnbb-app\/wp\/v2\/users\/16"}],"replies":[{"embeddable":true,"href":"https:\/\/www.cnbb.org.br\/cnbb-app\/wp\/v2\/comments?post=261622"}],"version-history":[{"count":0,"href":"https:\/\/www.cnbb.org.br\/cnbb-app\/wp\/v2\/posts\/261622\/revisions"}],"wp:attachment":[{"href":"https:\/\/www.cnbb.org.br\/cnbb-app\/wp\/v2\/media?parent=261622"}],"wp:term":[{"taxonomy":"category","embeddable":true,"href":"https:\/\/www.cnbb.org.br\/cnbb-app\/wp\/v2\/categories?post=261622"},{"taxonomy":"post_tag","embeddable":true,"href":"https:\/\/www.cnbb.org.br\/cnbb-app\/wp\/v2\/tags?post=261622"}],"curies":[{"name":"wp","href":"https:\/\/api.w.org\/{rel}","templated":true}]}}