{"id":26170,"date":"2011-05-26T00:00:00","date_gmt":"2011-05-26T03:00:00","guid":{"rendered":"https:\/\/www.cnbb.org.br\/santuario-de-caravaggio-celebra-o-dia-da-padroeira\/"},"modified":"2011-05-26T00:00:00","modified_gmt":"2011-05-26T03:00:00","slug":"santuario-de-caravaggio-celebra-o-dia-da-padroeira","status":"publish","type":"post","link":"https:\/\/www.cnbb.org.br\/santuario-de-caravaggio-celebra-o-dia-da-padroeira\/","title":{"rendered":"Santu\u00e1rio de Caravaggio na diocese de Crici\u00fama celebra o dia da Padroeira"},"content":{"rendered":"<p style=\"text-align: justify\">H\u00e1 poucos dias de celebrar sua 60\u00aa Romaria e Festa em honra a Nossa Senhora de Caravaggio sob o tema \u201cMaria, ajudai-nos a cuidar da vida no planeta\u201d, o Santu\u00e1rio Diocesano de Crici\u00fama (SC) localizado em Nova Veneza celebra nesta quinta-feira, 26, o dia de sua padroeira. A data recorda a apari\u00e7\u00e3o de Maria no ano de 1432 \u00e0 jovem Joaneta, uma pobre camponesa italiana que era maltratada pelo marido.<\/p>\n<p><!--more--><\/p>\n<p style=\"text-align: justify\">Se na It\u00e1lia a apari\u00e7\u00e3o de Nossa Senhora, al\u00e9m de anunciar a paz, fez jorrar \u00e1gua de uma fonte que at\u00e9 ent\u00e3o, n\u00e3o existia naquele local, aqui, na regi\u00e3o sul de Santa Catarina, a M\u00e3e de Deus tamb\u00e9m realizou seu milagre no ano de 1951. Era o ano da grande seca. Fam\u00edlias de imigrantes italianos, desesperadas com o fogo que j\u00e1 tomava conta das encostas da serra, realizou sua primeira romaria, capitaneadas pelo frei An\u00edbal, na \u00e9poca padre de Nova Veneza. Este \u00e9 um dos grandes sinais, entre os diversos milagres que os devotos v\u00eam agradecer, que atraem a cada ano, milhares e milhares de fieis aos p\u00e9s da Virgem.<\/p>\n<p style=\"text-align: justify\">As estradas que ligam as cidades vizinhas \u00e0 Nova Veneza se tornam caminhos de f\u00e9. O reitor, padre Ludgero Feldhaus, estima que nos \u00faltimos anos, cerca de 50 mil pessoas passaram pelo Santu\u00e1rio durante as novenas e dia da festa.<\/p>\n<p style=\"text-align: justify\">O dia de hoje teve in\u00edcio, em Caravaggio, com a alvorada festiva, \u00e0s 6h. Durante a manh\u00e3, \u00e9 celebrada a missa, \u00e0s 9h, presidida pelo reitor, padre Ludgero. J\u00e1 no per\u00edodo da tarde, quem celebra com o povo, a partir das 15h, \u00e9 o bispo diocesano, dom Jacinto Inacio Flach.<\/p>\n<p style=\"text-align: justify\">\u00c0s 17h haver\u00e1 a recita\u00e7\u00e3o do ter\u00e7o e a tradicional prociss\u00e3o motorizada inicia \u00e0s 18h, e percorre as ruas de Caravaggio, finalizando com a santa missa no Santu\u00e1rio \u00e0s 19h30, com o padre Joel S\u00e1vio.<\/p>\n","protected":false},"excerpt":{"rendered":"<p>H\u00e1 poucos dias de celebrar sua 60\u00aa Romaria e Festa em honra a Nossa Senhora de Caravaggio sob o tema \u201cMaria, ajudai-nos a cuidar da vida no planeta\u201d, o Santu\u00e1rio Diocesano de Crici\u00fama (SC) localizado em Nova Veneza celebra nesta quinta-feira, 26, o dia de sua padroeira. A data recorda a apari\u00e7\u00e3o de Maria no &hellip;<\/p>\n<p class=\"read-more\"> <a class=\"\" href=\"https:\/\/www.cnbb.org.br\/santuario-de-caravaggio-celebra-o-dia-da-padroeira\/\"> <span class=\"screen-reader-text\">Santu\u00e1rio de Caravaggio na diocese de Crici\u00fama celebra o dia da Padroeira<\/span> Leia mais &raquo;<\/a><\/p>\n","protected":false},"author":83,"featured_media":26171,"comment_status":"open","ping_status":"open","sticky":false,"template":"","format":"standard","meta":{"site-sidebar-layout":"default","site-content-layout":"default","ast-global-header-display":"","ast-banner-title-visibility":"","ast-main-header-display":"","ast-hfb-above-header-display":"","ast-hfb-below-header-display":"","ast-hfb-mobile-header-display":"","site-post-title":"","ast-breadcrumbs-content":"","ast-featured-img":"","footer-sml-layout":"","theme-transparent-header-meta":"","adv-header-id-meta":"","stick-header-meta":"","header-above-stick-meta":"","header-main-stick-meta":"","header-below-stick-meta":""},"categories":[769,791],"tags":[],"acf":[],"_links":{"self":[{"href":"https:\/\/www.cnbb.org.br\/cnbb-app\/wp\/v2\/posts\/26170"}],"collection":[{"href":"https:\/\/www.cnbb.org.br\/cnbb-app\/wp\/v2\/posts"}],"about":[{"href":"https:\/\/www.cnbb.org.br\/cnbb-app\/wp\/v2\/types\/post"}],"author":[{"embeddable":true,"href":"https:\/\/www.cnbb.org.br\/cnbb-app\/wp\/v2\/users\/83"}],"replies":[{"embeddable":true,"href":"https:\/\/www.cnbb.org.br\/cnbb-app\/wp\/v2\/comments?post=26170"}],"version-history":[{"count":0,"href":"https:\/\/www.cnbb.org.br\/cnbb-app\/wp\/v2\/posts\/26170\/revisions"}],"wp:featuredmedia":[{"embeddable":true,"href":"https:\/\/www.cnbb.org.br\/cnbb-app\/wp\/v2\/media\/26171"}],"wp:attachment":[{"href":"https:\/\/www.cnbb.org.br\/cnbb-app\/wp\/v2\/media?parent=26170"}],"wp:term":[{"taxonomy":"category","embeddable":true,"href":"https:\/\/www.cnbb.org.br\/cnbb-app\/wp\/v2\/categories?post=26170"},{"taxonomy":"post_tag","embeddable":true,"href":"https:\/\/www.cnbb.org.br\/cnbb-app\/wp\/v2\/tags?post=26170"}],"curies":[{"name":"wp","href":"https:\/\/api.w.org\/{rel}","templated":true}]}}