{"id":261715,"date":"2021-04-05T10:33:56","date_gmt":"2021-04-05T13:33:56","guid":{"rendered":"https:\/\/www.cnbb.org.br\/?p=261715"},"modified":"2021-04-05T10:34:34","modified_gmt":"2021-04-05T13:34:34","slug":"cristo-pascal-nos-procura","status":"publish","type":"post","link":"https:\/\/www.cnbb.org.br\/cristo-pascal-nos-procura\/","title":{"rendered":"Cristo Pascal nos procura"},"content":{"rendered":"<p style=\"text-align: right;\"><strong>Dom Romualdo Matias Kujawski<br \/>\n<\/strong><strong>Bispo de Porto Nacional (TO)<\/strong><\/p>\n<p><strong>\u00a0<\/strong><\/p>\n<p>&nbsp;<\/p>\n<p style=\"text-align: justify;\"><strong><em>\u201cOra, Deus n\u00e3o \u00e9 Deus dos mortos, mas dos vivos; porque todos vivem para ele.\u201d (Lc 20, 38)<\/p>\n<p><\/em><\/strong><\/p>\n<p style=\"text-align: justify;\">A realidade dessa pandemia nos assusta. Podemos perceber que as pessoas t\u00eam se perdido com pr\u00f3pria exist\u00eancia e me vem ao cora\u00e7\u00e3o essa pergunta: O medo da morte em decorr\u00eancia da Covid-19 nos aproxima ao Senhor da Vida?<\/p>\n<p style=\"text-align: justify;\">Caros Irm\u00e3os e Irm\u00e3s,<\/p>\n<p style=\"text-align: justify;\">Passando a experi\u00eancia de ser infectado pelo Corona v\u00edrus,\u00a0 comecei colocar numerosos pensamentos em minha mente: caix\u00e3o, decomposi\u00e7\u00e3o do corpo, a certeza de que tudo passa e tamb\u00e9m a cruz de Cristo. A cruz n\u00e3o me consolou, pelo contr\u00e1rio, gerou medo, e comecei a pensar sobre a morte, lembrando tamb\u00e9m a morte \u201cabsurda\u201d das v\u00edtimas inocentes das guerras, de qualquer tipo da viol\u00eancia e explora\u00e7\u00f5es.<\/p>\n<p style=\"text-align: justify;\">\u00a0Ser\u00e1 se Deus se esqueceu de n\u00f3s? De repente,\u00a0 encontrei uma luz durante a leitura do livro do Papa Bento XVI, \u201cJesus de Nazar\u00e9\u201d , especialmente na reflex\u00e3o sobre a ora\u00e7\u00e3o do Pai Nosso. Em certo momento, at\u00e9 comecei a chorar.<\/p>\n<p style=\"text-align: justify;\"><strong>&#8211; Voc\u00ea se esqueceu, Romualdo, o que aprendeu nos estudos de teologia, que o ser humano somente se compreende na perspectiva de Deus? E que a vida se realiza quando se refere em rela\u00e7\u00e3o a Deus e fazendo bem aos outros? <\/strong><\/p>\n<p style=\"text-align: justify;\">De fato, \u00e9 necess\u00e1rio cair no pr\u00f3prio ch\u00e3o existencial para se descobrir a simplicidade: o Reino de Deus \u00e9 o pr\u00f3prio Cristo. Passou o pesadelo! Ele mesmo morreu na cruz, de uma vez por todas! E essa a\u00e7\u00e3o foi tamb\u00e9m para mim.<\/p>\n<p style=\"text-align: justify;\">N\u00e3o importa a caix\u00e3o e a decomposi\u00e7\u00e3o do corpo! Jesus, vestido de branco, sempre me procura, me chama pelo nome, da mesma forma que chamou pessoalmente Maria Magdalena, quando no \u00edmpeto da surpresa, ela gritou: <em>\u201cRabbuni\u201d<\/em> (Jo 20,16).<\/p>\n<p style=\"text-align: justify;\">Mesmo em meio a essa grande tempestade que estamos atravessando, eu tamb\u00e9m grito, com alegria e for\u00e7a: <em>\u201cRabbuni\u201d<\/em>. O sentimento que me vem \u00e9 o de extremo respeito, a ponto de n\u00e3o ter a coragem de tocar o meu Senhor.<\/p>\n<p style=\"text-align: justify;\">A\u00ed percebo a grande bondade de Deus, que me elegeu para o sacerd\u00f3cio, me dando a sublime permiss\u00e3o de tocar o Seu Corpo Sacramentado, na Eucaristia! \u00c0s vezes me envergonho de n\u00e3o valorizar como devia cada momento desses, que \u00e9 \u00fanico!<\/p>\n<p style=\"text-align: justify;\">Recordemos que n\u00f3s, crist\u00e3os, temos uma f\u00e9 pascal! N\u00e3o ficamos parados nas dores da Sexta-Feira Santa. O Senhor nos convida \u00e0 alegria da ressurrei\u00e7\u00e3o! O Aleluia do Vitorioso me transformou! seja feita a Tua vontade para sempre!<\/p>\n<p style=\"text-align: justify;\">Pergunto a voc\u00ea: <strong>Qual \u00e9 a sua experi\u00eancia com Jesus? <\/strong><\/p>\n<p style=\"text-align: justify;\">Irm\u00e3os e Irm\u00e3s, Jesus \u00e9 o Senhor da vida e n\u00e3o da morte.\u00a0 Sua silenciosa presen\u00e7a quer nos abra\u00e7ar sempre, com amor, nosso modo de pensar, sentir, existir e viver. O Senhor est\u00e1 sempre conosco, n\u00e3o nos abandona. Ele nos carrega em Seus ombros, conhecendo profundamente nossos cora\u00e7\u00f5es, sabendo de nossas limita\u00e7\u00f5es e de todas as nossas feridas, principalmente aquelas produzidas por essa terr\u00edvel pandemia.<\/p>\n<p style=\"text-align: justify;\">Encerrando essa reflex\u00e3o,\u00a0 por ocasi\u00e3o da celebra\u00e7\u00e3o da P\u00e1scoa, convido-os a rezar a ora\u00e7\u00e3o que o pr\u00f3prio Senhor Jesus no ensinou: <strong>\u201cPai nosso, que estais nos c\u00e9us\u201d<\/strong> \u2026 (Mt 6,9-13).<\/p>\n<p style=\"text-align: justify;\">Cristo ressuscitou verdadeiramente! Aleluia!<\/p>\n<p style=\"text-align: justify;\">\n<p style=\"text-align: justify;\"><strong>Aben\u00e7oada P\u00e1scoa a todos!<\/strong><\/p>\n<p>&nbsp;<\/p>\n<p>&nbsp;<\/p>\n<p>&nbsp;<\/p>\n","protected":false},"excerpt":{"rendered":"<p>Dom Romualdo Matias Kujawski Bispo de Porto Nacional (TO) \u00a0 &nbsp; \u201cOra, Deus n\u00e3o \u00e9 Deus dos mortos, mas dos vivos; porque todos vivem para ele.\u201d (Lc 20, 38) A realidade dessa pandemia nos assusta. Podemos perceber que as pessoas t\u00eam se perdido com pr\u00f3pria exist\u00eancia e me vem ao cora\u00e7\u00e3o essa pergunta: O medo &hellip;<\/p>\n<p class=\"read-more\"> <a class=\"\" href=\"https:\/\/www.cnbb.org.br\/cristo-pascal-nos-procura\/\"> <span class=\"screen-reader-text\">Cristo Pascal nos procura<\/span> Leia mais &raquo;<\/a><\/p>\n","protected":false},"author":40,"featured_media":0,"comment_status":"open","ping_status":"open","sticky":false,"template":"","format":"standard","meta":{"site-sidebar-layout":"default","site-content-layout":"default","ast-global-header-display":"","ast-banner-title-visibility":"","ast-main-header-display":"","ast-hfb-above-header-display":"","ast-hfb-below-header-display":"","ast-hfb-mobile-header-display":"","site-post-title":"","ast-breadcrumbs-content":"","ast-featured-img":"","footer-sml-layout":"","theme-transparent-header-meta":"default","adv-header-id-meta":"","stick-header-meta":"","header-above-stick-meta":"","header-main-stick-meta":"","header-below-stick-meta":""},"categories":[758],"tags":[],"acf":[],"_links":{"self":[{"href":"https:\/\/www.cnbb.org.br\/cnbb-app\/wp\/v2\/posts\/261715"}],"collection":[{"href":"https:\/\/www.cnbb.org.br\/cnbb-app\/wp\/v2\/posts"}],"about":[{"href":"https:\/\/www.cnbb.org.br\/cnbb-app\/wp\/v2\/types\/post"}],"author":[{"embeddable":true,"href":"https:\/\/www.cnbb.org.br\/cnbb-app\/wp\/v2\/users\/40"}],"replies":[{"embeddable":true,"href":"https:\/\/www.cnbb.org.br\/cnbb-app\/wp\/v2\/comments?post=261715"}],"version-history":[{"count":0,"href":"https:\/\/www.cnbb.org.br\/cnbb-app\/wp\/v2\/posts\/261715\/revisions"}],"wp:attachment":[{"href":"https:\/\/www.cnbb.org.br\/cnbb-app\/wp\/v2\/media?parent=261715"}],"wp:term":[{"taxonomy":"category","embeddable":true,"href":"https:\/\/www.cnbb.org.br\/cnbb-app\/wp\/v2\/categories?post=261715"},{"taxonomy":"post_tag","embeddable":true,"href":"https:\/\/www.cnbb.org.br\/cnbb-app\/wp\/v2\/tags?post=261715"}],"curies":[{"name":"wp","href":"https:\/\/api.w.org\/{rel}","templated":true}]}}