{"id":261720,"date":"2021-04-05T10:38:53","date_gmt":"2021-04-05T13:38:53","guid":{"rendered":"https:\/\/www.cnbb.org.br\/?p=261720"},"modified":"2021-04-05T10:39:22","modified_gmt":"2021-04-05T13:39:22","slug":"celebrar-a-pascoa","status":"publish","type":"post","link":"https:\/\/www.cnbb.org.br\/celebrar-a-pascoa\/","title":{"rendered":"Celebrar a P\u00e1scoa"},"content":{"rendered":"<p style=\"text-align: right;\"><strong>Dom Alberto Taveira Corr\u00eaa<\/strong><br \/>\n<strong>Arcebispo de Bel\u00e9m do Par\u00e1 (PA)<\/strong><\/p>\n<p style=\"text-align: justify;\"><strong>\u00a0<\/strong><\/p>\n<p style=\"text-align: justify;\">\u201cChegou o dia dos P\u00e3es sem Fermento, quando se devia sacrificar o cordeiro pascal. Jesus mandou Pedro e Jo\u00e3o, dizendo: \u2018Ide fazer os preparativos para comermos a ceia pascal\u2019. Eles perguntaram: \u2018Onde queres que a preparemos?\u2019 Jesus respondeu: \u2018Quando entrardes na cidade, vir\u00e1 ao vosso encontro um homem carregando uma bilha de \u00e1gua. Segui-o at\u00e9 a casa onde ele entrar e dizei ao dono da casa: \u2018O Mestre manda perguntar: \u2018Onde est\u00e1 a sala em que poderei comer a ceia pascal com os meus disc\u00edpulos? Ele ent\u00e3o vos mostrar\u00e1 uma grande sala arrumada, no andar de cima. Preparai ali\u2019. \u2018Eles foram, encontraram tudo como Jesus tinha dito e prepararam a ceia pascal\u2019\u201d (Lc 22,7-13). Durante toda a Quaresma, os crist\u00e3os estiveram procurando o andar de cima de suas casas e da Casa de todos, a Igreja, para celebrar a P\u00e1scoa. Desde o Domingo de Ramos, estamos vendo a Casa da P\u00e1scoa, a Igreja, a partir de v\u00e1rios \u00e2ngulos, recolhendo tudo o que \u00e9 humano e divino, para viver o Mist\u00e9rio de Cristo, e passar com ele da morte para a vida.<\/p>\n<p style=\"text-align: justify;\">Aprendemos com a Igreja que a P\u00e1scoa come\u00e7a do alto, pois \u201ca Liturgia \u00e9 o exerc\u00edcio da fun\u00e7\u00e3o sacerdotal de Cristo. Nela, os sinais sens\u00edveis significam e, cada um \u00e0 sua maneira, realizam a santifica\u00e7\u00e3o dos homens; nela, o Corpo M\u00edstico de Jesus Cristo &#8211; cabe\u00e7a e membros &#8211; presta a Deus o culto p\u00fablico integral. Portanto, qualquer celebra\u00e7\u00e3o lit\u00fargica \u00e9, por ser obra de Cristo sacerdote e do seu Corpo que \u00e9 a Igreja, a\u00e7\u00e3o sagrada por excel\u00eancia, cuja efic\u00e1cia, com o mesmo t\u00edtulo e no mesmo grau, n\u00e3o \u00e9 igualada por nenhuma outra a\u00e7\u00e3o da Igreja\u201d (Cf. Sacrosanctum Concilium 7). E estamos vivendo o cora\u00e7\u00e3o da Liturgia da Igreja, bebendo da fonte mais genu\u00edna da salva\u00e7\u00e3o. Esta semana \u00e9 feita para o acolhimento do dom inef\u00e1vel da Salva\u00e7\u00e3o, na P\u00e1scoa de Cristo, de onde brota o Rio da Vida. Celebrar a P\u00e1scoa \u00e9 extasiar-se com o dom de Deus, \u00e9 contemplar!<\/p>\n<p style=\"text-align: justify;\">\u00a0Celebrar a P\u00e1scoa \u00e9 mergulhar na vida Sacramental da Igreja, especialmente na Eucaristia. Nesta Quinta-feira Santa, na P\u00e1scoa da Ceia, acolhemos o Mandamento Novo de Jesus e o memorial permanente, que faz acontecer sua presen\u00e7a e que cont\u00e9m todo sabor, at\u00e9 que ele venha! \u00c9 o nosso compromisso perene, reunir-nos em torno da Palavra e do P\u00e3o Eucar\u00edstico, P\u00e3o de Vida Eterna! Celebrar a P\u00e1scoa \u00e9 participar da Ceia do Senhor!<\/p>\n<p style=\"text-align: justify;\">Celebrar a P\u00e1scoa na Sexta-feira Santa, P\u00e1scoa da Cruz, \u00e9 estar presentes ao sacrif\u00edcio de Jesus em sua Morte, adorar o mist\u00e9rio de sua Cruz, ouvir de novo e de p\u00e9, como sinal de prontid\u00e3o, a saga inigual\u00e1vel da sua Paix\u00e3o, viver as trevas que cobriram a terra de meio-dia s\u00f3 at\u00e9 as tr\u00eas da tarde (Cf. Mc 15,33), sabendo que dali para frente a escurid\u00e3o n\u00e3o pode mais dominar. Neste dia, celebrar a P\u00e1scoa \u00e9 reconhecer em todas as dores, abandono, tristeza, ang\u00fastias, persegui\u00e7\u00f5es, marcas do pecado, enfermidades, mortes de pessoas queridas, prova\u00e7\u00f5es, tudo passa, porque mergulhado na entrega de Cristo em sua Cruz. \u00c9 dia de doar tudo, n\u00e3o guardar ressentimentos e m\u00e1goas, reconhecer Jesus Crucificado e Abandonado em todas as dores, as mais absurdas em que possamos tocar. Nele e com ele aprendemos de novo a dizer \u201cEm tuas m\u00e3os entrego o meu esp\u00edrito\u201d (Cf. Lc 23,46), e n\u00e3o guardar nada para n\u00f3s. \u00c9 hora de acolher o mist\u00e9rio do perd\u00e3o, que vem ao nosso encontro, a miseric\u00f3rdia que jorra da Cruz de Cristo. Nada de lamenta\u00e7\u00f5es, tudo de esperan\u00e7a, porque a luz vai surgir de novo. Esta \u00e9 a nossa f\u00e9, esta \u00e9 a nossa certeza.<\/p>\n<p style=\"text-align: justify;\">Celebrar a P\u00e1scoa \u00e9 entender que a Igreja nos pede para procurar o Sacramento da Penit\u00eancia. Quem n\u00e3o se confessa sacramentalmente acaba por desabafar com algu\u00e9m, ou em situa\u00e7\u00e3o extrema, quer faz\u00ea-lo mergulhando nos v\u00edcios ou na busca insaci\u00e1vel de prazeres que esvaziam o corpo e a alma, em gestos ou conversas que nunca terminar\u00e3o com as palavras certas e consoladoras do ju\u00edzo de Deus: \u201cDeus, Pai de Miseric\u00f3rdia, que pela morte e ressurrei\u00e7\u00e3o de seu Filho reconciliou o mundo consigo e enviou o Esp\u00edrito Santo para o perd\u00e3o dos pecados, te conceda, pelo minist\u00e9rio da Igreja, o perd\u00e3o e a paz. E eu te absolvo dos teus pecados em nome do Pai e do Filho e do Esp\u00edrito Santo\u201d. Que alegria poder dizer \u201cAm\u00e9m\u201d depois de tal gesto de amor, atrav\u00e9s do minist\u00e9rio dos sacerdotes, portadores da gra\u00e7a e do perd\u00e3o!<\/p>\n<p style=\"text-align: justify;\">Celebrar a P\u00e1scoa \u00e9 recolher-se em sil\u00eancio no S\u00e1bado Santo, aprofundando o mist\u00e9rio de Cristo em nosso cora\u00e7\u00e3o e em nossa mente. Pode ser uma oportunidade para ler com calma os C\u00e2nticos do Servo Sofredor, no profeta Isa\u00edas (Is 42,1-7; 49,1-6; 50,4-9; 52,13\u201353,12). Experimentar o sil\u00eancio daquele que foi anunciado: \u201cEra o mais desprezado e abandonado de todos, homem do sofrimento, experimentado na dor, indiv\u00edduo de quem a gente desvia o olhar, repelente, dele nem tomamos conhecimento. Eram na verdade os nossos sofrimentos que ele carregava, eram as nossas dores, que levava \u00e0s costas. E a gente achava que ele era um castigado, algu\u00e9m por Deus ferido e massacrado. Mas estava sendo traspassado por causa de nossas rebeldias, estava sendo esmagado por nossos pecados. O castigo que ter\u00edamos de pagar caiu sobre ele, com os seus ferimentos veio a cura para n\u00f3s. Como ovelhas est\u00e1vamos todos perdidos, cada qual ia em frente por seu caminho. Foi ent\u00e3o que o Senhor fez cair sobre ele o peso dos pecados de todos n\u00f3s. Oprimido, ele se rebaixou, nem abriu a boca! Como cordeiro levado ao matadouro ou ovelha diante do tosquiador, ele ficou calado, sem abrir a boca\u201d (Is 53,3-7).<\/p>\n<p style=\"text-align: justify;\">O povo de Israel aprendeu do Senhor: \u201cQuando tiverdes entrado na terra que o Senhor vos dar\u00e1, conforme prometeu, observareis este rito. Quando vossos filhos vos perguntarem: \u2018Que significa este rito?\u2019 respondereis: \u2018\u00c9 o sacrif\u00edcio da P\u00e1scoa do Senhor, que passou ao lado das casas dos israelitas no Egito, quando feriu os eg\u00edpcios e salvou as nossas casas\u2019\u201d (Ex 12,25-27). Na P\u00e1scoa crist\u00e3, celebramos o Cordeiro Pascal, Jesus Cristo, que se imolou uma vez por todas para nossa vida e salva\u00e7\u00e3o. Celebrar a P\u00e1scoa \u00e9 entrar de cora\u00e7\u00e3o na m\u00e3e de todas as celebra\u00e7\u00f5es lit\u00fargicas, a Vig\u00edlia Pascal na Noite Santa, proclamando aquele que \u00e9 a luz do mundo e pelo qual damos gra\u00e7as a Deus. \u00c9 noite para escutar a hist\u00f3ria da salva\u00e7\u00e3o, celebrar os sacramentos da Inicia\u00e7\u00e3o Crist\u00e3 e alimentar-nos do Corpo e Sangue do Senhor, pois todas as vezes que comemos deste p\u00e3o e bebemos deste c\u00e1lice anunciamos a morte do Senhor e proclamamos a sua Ressurrei\u00e7\u00e3o, at\u00e9 que ele venha! Por isso brota o aleluia pascal de nossos cora\u00e7\u00f5es e de nossos l\u00e1bios! Venha o Senhor Jesus a todo o seu povo, com a for\u00e7a de sua Ressurrei\u00e7\u00e3o. Venha sobre todos n\u00f3s a genu\u00edna vida nova recebida no Batismo, agora renovada.<\/p>\n<p style=\"text-align: justify;\">Acolhamos como nosso programa de vida para esta P\u00e1scoa as palavra de S\u00e3o Paulo: \u201cComo eleitos de Deus, santos e amados, vesti-vos com sentimentos de compaix\u00e3o, com bondade, humildade, mansid\u00e3o, paci\u00eancia; suportai-vos uns aos outros e, se um tiver motivo de queixa contra o outro, perdoai-vos mutuamente. Como o Senhor vos perdoou, fazei assim tamb\u00e9m v\u00f3s. Sobretudo, revesti-vos do amor, que une a todos na perfei\u00e7\u00e3o. Reine em vossos cora\u00e7\u00f5es a paz de Cristo, para a qual tamb\u00e9m fostes chamados em um s\u00f3 corpo. E sede agradecidos. Que a palavra de Cristo habite em v\u00f3s com abund\u00e2ncia. Com toda a sabedoria, instru\u00ed-vos e aconselhai-vos uns aos outros. Movidos pela gra\u00e7a, cantai a Deus, em vossos cora\u00e7\u00f5es, com salmos, hinos e c\u00e2nticos inspirados pelo Esp\u00edrito. E tudo o que disserdes ou fizerdes, que seja sempre no nome do Senhor Jesus, por ele dando gra\u00e7as a Deus Pai (Cf. Cl 3,12-17). S\u00e3o estes os nossos votos de santa e verdadeira P\u00e1scoa!<\/p>\n","protected":false},"excerpt":{"rendered":"<p>Dom Alberto Taveira Corr\u00eaa Arcebispo de Bel\u00e9m do Par\u00e1 (PA) \u00a0 \u201cChegou o dia dos P\u00e3es sem Fermento, quando se devia sacrificar o cordeiro pascal. Jesus mandou Pedro e Jo\u00e3o, dizendo: \u2018Ide fazer os preparativos para comermos a ceia pascal\u2019. Eles perguntaram: \u2018Onde queres que a preparemos?\u2019 Jesus respondeu: \u2018Quando entrardes na cidade, vir\u00e1 ao &hellip;<\/p>\n<p class=\"read-more\"> <a class=\"\" href=\"https:\/\/www.cnbb.org.br\/celebrar-a-pascoa\/\"> <span class=\"screen-reader-text\">Celebrar a P\u00e1scoa<\/span> Leia mais &raquo;<\/a><\/p>\n","protected":false},"author":21,"featured_media":0,"comment_status":"open","ping_status":"open","sticky":false,"template":"","format":"standard","meta":{"site-sidebar-layout":"default","site-content-layout":"default","ast-global-header-display":"","ast-banner-title-visibility":"","ast-main-header-display":"","ast-hfb-above-header-display":"","ast-hfb-below-header-display":"","ast-hfb-mobile-header-display":"","site-post-title":"","ast-breadcrumbs-content":"","ast-featured-img":"","footer-sml-layout":"","theme-transparent-header-meta":"default","adv-header-id-meta":"","stick-header-meta":"","header-above-stick-meta":"","header-main-stick-meta":"","header-below-stick-meta":""},"categories":[758,1837],"tags":[],"acf":[],"_links":{"self":[{"href":"https:\/\/www.cnbb.org.br\/cnbb-app\/wp\/v2\/posts\/261720"}],"collection":[{"href":"https:\/\/www.cnbb.org.br\/cnbb-app\/wp\/v2\/posts"}],"about":[{"href":"https:\/\/www.cnbb.org.br\/cnbb-app\/wp\/v2\/types\/post"}],"author":[{"embeddable":true,"href":"https:\/\/www.cnbb.org.br\/cnbb-app\/wp\/v2\/users\/21"}],"replies":[{"embeddable":true,"href":"https:\/\/www.cnbb.org.br\/cnbb-app\/wp\/v2\/comments?post=261720"}],"version-history":[{"count":0,"href":"https:\/\/www.cnbb.org.br\/cnbb-app\/wp\/v2\/posts\/261720\/revisions"}],"wp:attachment":[{"href":"https:\/\/www.cnbb.org.br\/cnbb-app\/wp\/v2\/media?parent=261720"}],"wp:term":[{"taxonomy":"category","embeddable":true,"href":"https:\/\/www.cnbb.org.br\/cnbb-app\/wp\/v2\/categories?post=261720"},{"taxonomy":"post_tag","embeddable":true,"href":"https:\/\/www.cnbb.org.br\/cnbb-app\/wp\/v2\/tags?post=261720"}],"curies":[{"name":"wp","href":"https:\/\/api.w.org\/{rel}","templated":true}]}}