{"id":261797,"date":"2021-04-06T15:29:26","date_gmt":"2021-04-06T18:29:26","guid":{"rendered":"https:\/\/www.cnbb.org.br\/?p=261797"},"modified":"2021-04-06T15:37:00","modified_gmt":"2021-04-06T18:37:00","slug":"o-tempo-pascal-e-o-tempo-pandemico","status":"publish","type":"post","link":"https:\/\/www.cnbb.org.br\/o-tempo-pascal-e-o-tempo-pandemico\/","title":{"rendered":"O tempo pascal e o tempo pand\u00eamico"},"content":{"rendered":"<p style=\"text-align: right;\"><strong>Dom Vital Corbellini<\/strong><br \/>\n<strong>Bispo de Marab\u00e1 (PA)<\/strong><\/p>\n<p style=\"text-align: justify;\">\n<p style=\"text-align: justify;\">N\u00f3s celebramos o tempo pascal como tempo de gra\u00e7a e de louvor \u00e0 Deus e \u00e0 humanidade a respeito da verdade de f\u00e9 que \u00e9: Cristo ressuscitou dos mortos. Cristo n\u00e3o est\u00e1 mais no sepulcro, mas Ele est\u00e1 vivo no meio de n\u00f3s e caminha com os seus disc\u00edpulos e disc\u00edpulas. Neste tempo favor\u00e1vel de alegria e de amor, tamb\u00e9m n\u00f3s estamos enfrentando um tempo pand\u00eamico, de propaga\u00e7\u00e3o do Covid 19, que est\u00e1 assolando milh\u00f5es de pessoas no Brasil e no mundo. S\u00e3o preocupantes as novas variantes do Covid 19 por serem mais contagiosas que a original. N\u00f3s somos chamados a viver a alegria da ressurrei\u00e7\u00e3o de Cristo e, ao mesmo tempo, a dor e o sofrimento de pessoas nas quais est\u00e1 presente o Cristo Ressuscitado.<\/p>\n<p style=\"text-align: justify;\"><strong>O significado da P\u00e1scoa<\/strong><\/p>\n<p style=\"text-align: justify;\">P\u00e1scoa \u00e9 passagem da morte para a vida, do ego\u00edsmo para o amor, do pecado para a gra\u00e7a. Se para o povo de Israel, a P\u00e1scoa era a passagem da escravid\u00e3o para a liberdade, para o povo crist\u00e3o, o seguidor do Senhor, a P\u00e1scoa \u00e9 a ressurrei\u00e7\u00e3o de Cristo, a sua passagem da morte para a vida. \u00c9 a festa das festas, na express\u00e3o de S\u00e3o Greg\u00f3rio de Nazianzo, bispo do s\u00e9culo IV. Esta \u00e9 a mais importante do ano lit\u00fargico, aquela que d\u00e1 sentido pleno, porque celebramos a ressurrei\u00e7\u00e3o de Jesus. \u00c9 uma festa de luz; o Senhor ressuscitado nos ilumina, coloca em nossos cora\u00e7\u00f5es uma imensa alegria, uma imensa esperan\u00e7a, e os enche tamb\u00e9m de amor para ser vivido no meio da humanidade.<\/p>\n<p style=\"text-align: justify;\"><strong>P\u00e1scoa, nova cria\u00e7\u00e3o<\/strong><\/p>\n<p style=\"text-align: justify;\">A P\u00e1scoa do Senhor liga-se \u00e0 nova cria\u00e7\u00e3o, porque Cristo Jesus trouxe vida nova para todos, \u00e9 o novo \u00eaxodo, porque ele venceu a morte, o pecado e nos deu vida. \u201cN\u00f3s comemos e bebemos com ele ap\u00f3s a sua ressurrei\u00e7\u00e3o dentre os mortos\u201d (cfr. <em>At <\/em>10,41) disse o Ap\u00f3stolo Pedro ao povo judeu na Palestina. O fato \u00e9 que em Jesus, tudo se torna an\u00fancio de salva\u00e7\u00e3o. Deus Pai ressuscitou Jesus dos mortos, de modo que Ele n\u00e3o se encontra mais no sepulcro. Pela ressurrei\u00e7\u00e3o, o Senhor tornou-se Juiz dos vivos e dos mortos (cfr. <em>At<\/em> 10, 42).<\/p>\n<p style=\"text-align: justify;\">A ressurrei\u00e7\u00e3o de Jesus \u00e9 a vida nova que vem pela morte. A morte n\u00e3o possui mais sentido nele. Ele \u00e9 o eterno vivente. A ressurrei\u00e7\u00e3o mostra a unicidade da pessoa de Cristo; o mesmo que morreu sobre a cruz, \u00e9 o ressuscitado. Com a ressurrei\u00e7\u00e3o, Cristo n\u00e3o est\u00e1 mais sujeito \u00e0 morte e \u00e0 corrup\u00e7\u00e3o do corpo. Ele agora vive para sempre, como Ele o era antes da encarna\u00e7\u00e3o.<\/p>\n<p style=\"text-align: justify;\"><strong>Tempo de pandemia<\/strong><\/p>\n<p style=\"text-align: justify;\">O tempo pascal est\u00e1 sendo celebrado em meio h\u00e1 outro tempo, o de pandemia, o qual deve ser visto com profunda reflex\u00e3o, porque leva as pessoas aos sofrimentos corporais e, sobretudo, \u00e9 letal. O crist\u00e3o \u00e9 uma pessoa que acredita na vida em Jesus Cristo e, por isso, n\u00e3o carrega um discurso negacionista, mas segue a verdade das coisas e d\u00e1 o testemunho em favor da vida, assim como as mulheres deram testemunho do Cristo Ressuscitado dentre os mortos. N\u00f3s somos pessoas que valorizamos a ci\u00eancia, a qual est\u00e1 proporcionando as vacinas para as pessoas viverem melhor o cotidiano de suas exist\u00eancias.<\/p>\n<p style=\"text-align: justify;\">O significado de pandemia refere-se a uma doen\u00e7a infecciosa que se espalha em determinado povo e tamb\u00e9m no planeta. \u00c9 a difus\u00e3o de um v\u00edrus capaz de levar \u00e0 morte, caso n\u00e3o tenha algum medicamento que o confronte, difundindo-se em muitos lugares, invadindo rapidamente vast\u00edssimos territ\u00f3rios e continentes. As pandemias foram diversas ao longo da hist\u00f3ria da humanidade. Inclusive, n\u00f3s temos noticias de uma epidemia no norte africano, nos meados do s\u00e9culo III da era crist\u00e3, onde milhares de pessoas morreram por causa de uma gripe, na qual S\u00e3o Cipriano, bispo de Cartago, do s\u00e9culo III, nos trouxe.<\/p>\n<p style=\"text-align: justify;\">O mundo est\u00e1 enfrentando a Pandemia da Covid 19. Tudo indica que surgiu no continente asi\u00e1tico, no final de 2019, e espalhou-se rapidamente pelo mundo afora, chegando ao Brasil, trazendo um rastro de milh\u00f5es de infectados e milh\u00f5es de mortes. A sua origem \u00e9 ainda misteriosa, mas os especialistas falam que veio de morcegos, tendo tamb\u00e9m alguns animais intermedi\u00e1rios e penetrou nos seres humanos. \u00c9 um v\u00edrus que ataca o sistema pulmonar, afetando a respira\u00e7\u00e3o, podendo levar \u00e0 morte.<\/p>\n<p style=\"text-align: justify;\"><strong>A pandemia no Brasil<\/strong><\/p>\n<p style=\"text-align: justify;\">O m\u00eas de mar\u00e7o de 2021 registrou um n\u00famero muito alto de infectados e de mortes no Brasil. \u00c9 claro que tamb\u00e9m houve um n\u00famero muito importante de recuperados. Diversos estados est\u00e3o com a taxa de ocupa\u00e7\u00e3o de UTI em oitenta e noventa por cento. Muitas pessoas est\u00e3o na fila de espera para serem atendidas, por\u00e9m n\u00e3o recebem o cuidado m\u00e9dico e vem a falecer.<\/p>\n<p style=\"text-align: justify;\"><strong>A difus\u00e3o do v\u00edrus<\/strong><\/p>\n<p style=\"text-align: justify;\">O v\u00edrus se difunde atrav\u00e9s das got\u00edculas contaminadas, por isso, a aglomera\u00e7\u00e3o de pessoas aumenta a sua transmissibilidade. O v\u00edrus se aloja no pulm\u00e3o, onde compromete a respira\u00e7\u00e3o e, se o doente n\u00e3o recebe o tratamento adequado, pode vir a falecer. Segundo o STF, os estados e munic\u00edpios t\u00eam o poder de decretar medidas para conter as aglomera\u00e7\u00f5es. Isso nem sempre \u00e9 bem aceito por algumas pessoas, empresas, entidades sociais, mas \u00e9 o sacrif\u00edcio de todos neste momento dif\u00edcil.<\/p>\n<p style=\"text-align: justify;\">\u00a0No Brasil, est\u00e3o morrendo milhares de pessoas todos os dias, de modo que \u00e9 preciso reduzir este n\u00famero de mortes e, sobretudo, aumentar o n\u00famero de UTI\u00b4s para que assim, as pessoas tenham um atendimento hospitalar digno neste momento de dor e de sofrimento. O Brasil \u00e9 um dos focos desta doen\u00e7a e est\u00e1 perdendo milhares de brasileiros e de brasileiras. Sem d\u00favida, essa situa\u00e7\u00e3o se explica pela circula\u00e7\u00e3o maior de pessoas, possibilitando o crescimento do v\u00edrus ativo, com a contamina\u00e7\u00e3o em massa, refletindo-se no n\u00famero de hospitaliza\u00e7\u00f5es e num sistema hospitalar j\u00e1 bastante esgotado. A taxa de letalidade tem subido muito nas UTI\u00b4s.<\/p>\n<p style=\"text-align: justify;\">Os hospitais de campanha contribuem para o atendimento dos doentes. N\u00f3s estamos pedindo o retorno do Hospital de Campanha para Marab\u00e1 e a regi\u00e3o face ao crescimento exponencial de infec\u00e7\u00f5es e o colapso hospitalar em muitos lugares. O avan\u00e7o da cepa P.1, originada em Manaus, e os conflitos pol\u00edticos entre os governos federal, estadual e municipal quanto ao fechamento ou abertura do com\u00e9rcio, s\u00e3o fatores que favorecem o aumento do n\u00famero de casos nestas \u00faltimas semanas. N\u00f3s estamos unidos aos profissionais de sa\u00fade, muitas vezes esgotados, rogando ao Senhor que os ilumine para salvarem vidas, atrav\u00e9s dos meios medicinais dispon\u00edveis.<\/p>\n<p style=\"text-align: justify;\"><strong>A miss\u00e3o da Igreja<\/strong><\/p>\n<p style=\"text-align: justify;\">A Igreja, como seguidora do Senhor Jesus Cristo, morto e ressuscitado, segue tamb\u00e9m as regras da vigil\u00e2ncia sanit\u00e1ria. Se o estado ou o munic\u00edpio decretam medidas para evitar as aglomera\u00e7\u00f5es, a Igreja faz a sua parte para que se preservem vidas. N\u00f3s insistimos pelo uso de m\u00e1scaras, \u00e1lcool gel, a comunh\u00e3o seja dada somente na m\u00e3o. O momento \u00e9 de isolamento social porque somos seguidores de Cristo, caminho, verdade e vida.<\/p>\n<p style=\"text-align: justify;\"><strong>A miss\u00e3o da ci\u00eancia<\/strong><\/p>\n<p style=\"text-align: justify;\">Gra\u00e7as ao trabalho de cientistas, diversas vacinas est\u00e3o sendo produzidas para a imuniza\u00e7\u00e3o do rebanho. N\u00f3s vemos alegria contagiante em muitas pessoas pelo fato de que receberam uma dose da vacina. As vacinas reduzem os efeitos delet\u00e9rios do v\u00edrus na sa\u00fade humana, o que certamente permitir\u00e1 que as pessoas, em um futuro pr\u00f3ximo, possam voltar a circular mais livremente. A cada semana, \u00e9 noticiada a chegada de insumos e a confec\u00e7\u00e3o de milh\u00f5es de vacinas para o povo. O n\u00famero de vacinados est\u00e1 aumentando sempre mais no Brasil. Tudo isto \u00e9 feito pela rede p\u00fablica, pelo sistema \u00fanico de sa\u00fade, o SUS.<\/p>\n<p style=\"text-align: justify;\"><strong>Tempo pascal e tempo de pandemia<\/strong><\/p>\n<p style=\"text-align: justify;\">Na sexta-feira santa, fizemos uma ora\u00e7\u00e3o pelos que sofrem com a pandemia e tamb\u00e9m por aqueles e aquelas que se dedicam \u00e0 pesquisa de medicamentos e vacinas eficazes. N\u00f3s vivenciamos a alegria da ressurrei\u00e7\u00e3o de Jesus Cristo em nossas vidas e no mundo inteiro. \u00c9 tempo de paz e de amor a Deus, ao pr\u00f3ximo como a si mesmo. Mas, a realidade coloca-nos a pandemia, em que muitas pessoas s\u00e3o atingidas e, por vezes, morrem. Sentimos a alegria do Senhor que est\u00e1 ao nosso lado e, tamb\u00e9m, a ang\u00fastia pelos irm\u00e3os e irm\u00e3s que partem deste mundo, rumo \u00e0 casa do Pai. Deus Uno e Trino nos fortale\u00e7a na caminhada! A ressurrei\u00e7\u00e3o de Jesus ocorre, nestes tempos, em meio \u00e0s dores e sofrimentos, na esperan\u00e7a que vem do Ressuscitado, em vista de uma vida nova.<\/p>\n","protected":false},"excerpt":{"rendered":"<p>Dom Vital Corbellini Bispo de Marab\u00e1 (PA) N\u00f3s celebramos o tempo pascal como tempo de gra\u00e7a e de louvor \u00e0 Deus e \u00e0 humanidade a respeito da verdade de f\u00e9 que \u00e9: Cristo ressuscitou dos mortos. Cristo n\u00e3o est\u00e1 mais no sepulcro, mas Ele est\u00e1 vivo no meio de n\u00f3s e caminha com os seus &hellip;<\/p>\n<p class=\"read-more\"> <a class=\"\" href=\"https:\/\/www.cnbb.org.br\/o-tempo-pascal-e-o-tempo-pandemico\/\"> <span class=\"screen-reader-text\">O tempo pascal e o tempo pand\u00eamico<\/span> Leia mais &raquo;<\/a><\/p>\n","protected":false},"author":16,"featured_media":0,"comment_status":"open","ping_status":"open","sticky":false,"template":"","format":"standard","meta":{"site-sidebar-layout":"default","site-content-layout":"default","ast-global-header-display":"","ast-banner-title-visibility":"","ast-main-header-display":"","ast-hfb-above-header-display":"","ast-hfb-below-header-display":"","ast-hfb-mobile-header-display":"","site-post-title":"","ast-breadcrumbs-content":"","ast-featured-img":"","footer-sml-layout":"","theme-transparent-header-meta":"default","adv-header-id-meta":"","stick-header-meta":"","header-above-stick-meta":"","header-main-stick-meta":"","header-below-stick-meta":""},"categories":[758,1837],"tags":[],"acf":[],"_links":{"self":[{"href":"https:\/\/www.cnbb.org.br\/cnbb-app\/wp\/v2\/posts\/261797"}],"collection":[{"href":"https:\/\/www.cnbb.org.br\/cnbb-app\/wp\/v2\/posts"}],"about":[{"href":"https:\/\/www.cnbb.org.br\/cnbb-app\/wp\/v2\/types\/post"}],"author":[{"embeddable":true,"href":"https:\/\/www.cnbb.org.br\/cnbb-app\/wp\/v2\/users\/16"}],"replies":[{"embeddable":true,"href":"https:\/\/www.cnbb.org.br\/cnbb-app\/wp\/v2\/comments?post=261797"}],"version-history":[{"count":0,"href":"https:\/\/www.cnbb.org.br\/cnbb-app\/wp\/v2\/posts\/261797\/revisions"}],"wp:attachment":[{"href":"https:\/\/www.cnbb.org.br\/cnbb-app\/wp\/v2\/media?parent=261797"}],"wp:term":[{"taxonomy":"category","embeddable":true,"href":"https:\/\/www.cnbb.org.br\/cnbb-app\/wp\/v2\/categories?post=261797"},{"taxonomy":"post_tag","embeddable":true,"href":"https:\/\/www.cnbb.org.br\/cnbb-app\/wp\/v2\/tags?post=261797"}],"curies":[{"name":"wp","href":"https:\/\/api.w.org\/{rel}","templated":true}]}}