{"id":26198,"date":"2011-09-02T00:00:00","date_gmt":"2011-09-02T03:00:00","guid":{"rendered":"https:\/\/www.cnbb.org.br\/diocese-de-criciuma-realiza-grito-dos-excluidos-neste-sabado\/"},"modified":"2011-09-02T00:00:00","modified_gmt":"2011-09-02T03:00:00","slug":"diocese-de-criciuma-realiza-grito-dos-excluidos-neste-sabado","status":"publish","type":"post","link":"https:\/\/www.cnbb.org.br\/diocese-de-criciuma-realiza-grito-dos-excluidos-neste-sabado\/","title":{"rendered":"Diocese de Crici\u00fama realiza Grito dos Exclu\u00eddos neste s\u00e1bado"},"content":{"rendered":"<p style=\"text-align: justify\">\u201cPela vida grita a Terra&#8230; Por direitos, todos n\u00f3s!\u201d \u2013 assim ecoa o lema do 17\u00ba Grito dos Exclu\u00eddos, celebrado em todo o Brasil no dia 7 de setembro. Em Crici\u00fama (SC), o Grito ser\u00e1 antecipado para amanh\u00e3, dia 3. \u201cQueremos que a popula\u00e7\u00e3o conhe\u00e7a a que ele se objetiva e que o Grito ecoe de verdade. Escolhemos o s\u00e1bado por ser um dia de movimento no centro, seguindo a proposta da coordena\u00e7\u00e3o nacional de que a manifesta\u00e7\u00e3o n\u00e3o permane\u00e7a aqu\u00e9m do desfile c\u00edvico\u201d, explica a vice-coordenadora diocesana da Pastoral Social, Neca Dagostim.<\/p>\n<p><!--more--><\/p>\n<p style=\"text-align: justify\">Realizado por sete par\u00f3quias da Comarca de Crici\u00fama, junto a todas as Pastorais Sociais, o Grito inicia \u00e0s 9h, em frente \u00e0 Catedral Diocesana, com uma encena\u00e7\u00e3o feita por jovens do Rio Maina, acerca do tema da Campanha Nacional Contra a Viol\u00eancia e o Exterm\u00ednio de Jovens.<\/p>\n<p style=\"text-align: justify\">\u201cDepois vamos iniciar a caminhada pela Pra\u00e7a Nereu Ramos, seguindo pelas ruas Floriano Peixoto, Anita Garibaldi e Henrique Lage at\u00e9 a Igreja Matriz Santa B\u00e1rbara, onde culmina com a celebra\u00e7\u00e3o campal da Palavra. Ap\u00f3s os gritos que colocaremos, haver\u00e1 a partilha do almo\u00e7o entre os participantes\u201d, relata a vice-coordenadora da Pastoral Social.<\/p>\n<p style=\"text-align: justify\"><img decoding=\"async\" loading=\"lazy\" class=\" alignright size-full wp-image-11549\" style=\"float: right\" src=\"https:\/\/www.cnbb.org.br\/wp-content\/uploads\/2020\/03\/grito06.jpg\" alt=\"grito06\" width=\"555\" height=\"416\" \/>\u201cEstamos convocando e esperamos que venham, de fato, os \u2018exclu\u00eddos\u2019. Nossa prioridade \u00e9 traz\u00ea-los para dentro do grupo\u201d, enfatiza Neca, que afirma que o convite tem sido intensificado junto \u00e0s fam\u00edlias cadastradas pelas par\u00f3quias.<\/p>\n<p>Segundo ela, o Grito vem ao encontro do tema da Campanha da Fraternidade 2011, \u201cFraternidade e a Vida no Planeta\u201d, que tem por lema \u201cA cria\u00e7\u00e3o geme em dores de parto\u201d (Rm 8, 22). \u201cVamos gritar por terra, por trabalho. Vamos gritar tamb\u00e9m pela natureza e pelos direitos de cada um, pois estamos diretamente envolvidos com o planeta e precisamos sobreviver numa vida saud\u00e1vel, com direitos \u00e0 sa\u00fade, educa\u00e7\u00e3o e seguran\u00e7a sendo valorizados\u201d.<\/p>\n<p style=\"text-align: justify\">Outra bandeira a ser levantada durante a caminhada, conforme Neca, diz respeito ao uso de energias limpas e renov\u00e1veis. A manifesta\u00e7\u00e3o retoma tamb\u00e9m temas como moradia no munic\u00edpio. \u201cAntes, o d\u00e9ficit habitacional era de 3 mil domic\u00edlios, hoje este n\u00famero j\u00e1 ultrapassou para 5 mil\u201d, acrescenta.<\/p>\n","protected":false},"excerpt":{"rendered":"<p>\u201cPela vida grita a Terra&#8230; Por direitos, todos n\u00f3s!\u201d \u2013 assim ecoa o lema do 17\u00ba Grito dos Exclu\u00eddos, celebrado em todo o Brasil no dia 7 de setembro. Em Crici\u00fama (SC), o Grito ser\u00e1 antecipado para amanh\u00e3, dia 3. \u201cQueremos que a popula\u00e7\u00e3o conhe\u00e7a a que ele se objetiva e que o Grito ecoe &hellip;<\/p>\n<p class=\"read-more\"> <a class=\"\" href=\"https:\/\/www.cnbb.org.br\/diocese-de-criciuma-realiza-grito-dos-excluidos-neste-sabado\/\"> <span class=\"screen-reader-text\">Diocese de Crici\u00fama realiza Grito dos Exclu\u00eddos neste s\u00e1bado<\/span> Leia mais &raquo;<\/a><\/p>\n","protected":false},"author":83,"featured_media":26199,"comment_status":"open","ping_status":"open","sticky":false,"template":"","format":"standard","meta":{"site-sidebar-layout":"default","site-content-layout":"default","ast-global-header-display":"","ast-banner-title-visibility":"","ast-main-header-display":"","ast-hfb-above-header-display":"","ast-hfb-below-header-display":"","ast-hfb-mobile-header-display":"","site-post-title":"","ast-breadcrumbs-content":"","ast-featured-img":"","footer-sml-layout":"","theme-transparent-header-meta":"","adv-header-id-meta":"","stick-header-meta":"","header-above-stick-meta":"","header-main-stick-meta":"","header-below-stick-meta":""},"categories":[769,791],"tags":[],"acf":[],"_links":{"self":[{"href":"https:\/\/www.cnbb.org.br\/cnbb-app\/wp\/v2\/posts\/26198"}],"collection":[{"href":"https:\/\/www.cnbb.org.br\/cnbb-app\/wp\/v2\/posts"}],"about":[{"href":"https:\/\/www.cnbb.org.br\/cnbb-app\/wp\/v2\/types\/post"}],"author":[{"embeddable":true,"href":"https:\/\/www.cnbb.org.br\/cnbb-app\/wp\/v2\/users\/83"}],"replies":[{"embeddable":true,"href":"https:\/\/www.cnbb.org.br\/cnbb-app\/wp\/v2\/comments?post=26198"}],"version-history":[{"count":0,"href":"https:\/\/www.cnbb.org.br\/cnbb-app\/wp\/v2\/posts\/26198\/revisions"}],"wp:featuredmedia":[{"embeddable":true,"href":"https:\/\/www.cnbb.org.br\/cnbb-app\/wp\/v2\/media\/26199"}],"wp:attachment":[{"href":"https:\/\/www.cnbb.org.br\/cnbb-app\/wp\/v2\/media?parent=26198"}],"wp:term":[{"taxonomy":"category","embeddable":true,"href":"https:\/\/www.cnbb.org.br\/cnbb-app\/wp\/v2\/categories?post=26198"},{"taxonomy":"post_tag","embeddable":true,"href":"https:\/\/www.cnbb.org.br\/cnbb-app\/wp\/v2\/tags?post=26198"}],"curies":[{"name":"wp","href":"https:\/\/api.w.org\/{rel}","templated":true}]}}