{"id":26202,"date":"2011-09-09T00:00:00","date_gmt":"2011-09-09T03:00:00","guid":{"rendered":"https:\/\/www.cnbb.org.br\/romaria-da-terra-e-da-agua-de-santa-catarina-sera-no-proximo-domingo\/"},"modified":"2011-09-09T00:00:00","modified_gmt":"2011-09-09T03:00:00","slug":"romaria-da-terra-e-da-agua-de-santa-catarina-sera-no-proximo-domingo","status":"publish","type":"post","link":"https:\/\/www.cnbb.org.br\/romaria-da-terra-e-da-agua-de-santa-catarina-sera-no-proximo-domingo\/","title":{"rendered":"Romaria da Terra e da \u00c1gua de Santa Catarina ser\u00e1 no pr\u00f3ximo domingo"},"content":{"rendered":"<p style=\"text-align: justify\">A 22\u00aa Romaria da Terra e da \u00c1gua de Santa Catarina acontece no pr\u00f3ximo domingo, 11, em Irani, 445 quil\u00f4metros a oeste de Florian\u00f3polis (SC), e vai refletir sobre as mudan\u00e7as clim\u00e1ticas, numa refer\u00eancia \u00e0 Campanha da Fraternidade deste ano. A expectativa da organiza\u00e7\u00e3o do evento \u00e9 receber 10 mil romeiros das 10 dioceses catarinenses.<\/p>\n<p><!--more--><\/p>\n<p style=\"text-align: justify\">N\u00e3o haver\u00e1 com\u00e9rcio no local, os romeiros ter\u00e3o \u00e0 disposi\u00e7\u00e3o tendas nas quais ser\u00e3o oferecidas acolhida, sombra, alimenta\u00e7\u00e3o e conviv\u00eancia. Elas ser\u00e3o armadas por pastorais e organismos do Regional Sul 4 da CNBB (Santa Catarina), organiza\u00e7\u00f5es populares e movimentos sociais, que s\u00e3o parceiros na realiza\u00e7\u00e3o da Romaria.<\/p>\n<p style=\"text-align: justify\">Elena Casagrande, integrante da coordena\u00e7\u00e3o geral da romaria e da Comiss\u00e3o Pastoral da Terra, explicou que as lideran\u00e7as das organiza\u00e7\u00f5es parceiras ser\u00e3o recebidas pelas fam\u00edlias da cidade para os preparativos. Ela tamb\u00e9m destacou a import\u00e2ncia do evento. \u201cA 22\u00aa Romaria da Terra e da \u00c1gua ser\u00e1 uma grande express\u00e3o de nossa f\u00e9 no Deus da vida e uma grande revela\u00e7\u00e3o da preocupa\u00e7\u00e3o dos homens e mulheres catarinenses com a vida do planeta Terra, nossa casa comum\u201d.<\/p>\n<p style=\"text-align: justify\">Al\u00e9m de denunciar as amea\u00e7as ao meio ambiente, a romaria destacar\u00e1 experi\u00eancias que contribuem para a valoriza\u00e7\u00e3o da rela\u00e7\u00e3o das pessoas com a natureza, como o uso das ervas medicinais, experi\u00eancias de economia solid\u00e1ria, resgate da produ\u00e7\u00e3o de sementes crioulas e de alimentos agroecol\u00f3gicos. O objetivo \u00e9 dar oportunidade e espa\u00e7o para reflex\u00f5es que gerem pr\u00e1ticas concretas no cuidado do planeta.<\/p>\n<p style=\"text-align: justify\">Promovidas pelas Pastorais Sociais catarinenses, as 21 edi\u00e7\u00f5es anteriores reuniram ao todo mais de 450 mil romeiros.<\/p>\n<p style=\"text-align: justify\">Veja a nota dos coordenadores da 22\u00aa Romaria da Terra e da \u00c1gua.<\/p>\n<p><em>\u201cToda a cria\u00e7\u00e3o geme em dores de parto\u201d (Rm 8,22).<\/em><\/p>\n<p style=\"text-align: justify\">Santa Catarina tamb\u00e9m geme. Mais uma vez nosso Estado sofre as conseq\u00fc\u00eancias das \u201cmudan\u00e7as clim\u00e1ticas\u201d. O Vale do Itaja\u00ed e v\u00e1rios outros lugares tornam-se \u201cVale de l\u00e1grimas\u201d.<\/p>\n<p style=\"text-align: justify\">A boa not\u00edcia da metereologia \u00e9 de tempo bom para os pr\u00f3ximos dias. Com isso, confirmamos a realiza\u00e7\u00e3o da 22\u00aa Romaria da Terra e da \u00c1gua em Irani no dia 11 de setembro. Assim, confirmamos e cantamos: \u201c\u00c9 claro que o sol vai voltar a brilhar\u201d.<\/p>\n<p style=\"text-align: justify\">Vamos nos encontrar e celebrar. Vamos confirmar nosso compromisso de lutar para que a vida do planeta n\u00e3o seja destru\u00edda.<\/p>\n<p style=\"text-align: justify\">Queremos tamb\u00e9m nos unir com todas as pessoas atingidas pelas enchentes em SC e num gesto de solidariedade manifestar nosso apoio, nossas ora\u00e7\u00f5es e nosso gesto de partilha. Para isso convidamos cada romeiro e romeira para trazer algum alimento n\u00e3o perec\u00edvel para ser doado \u00e0s pessoas atingidas.<\/p>\n<p style=\"text-align: justify\">\u201cDeus criou&#8230; tudo era muito bom\u201d.\u00a0 Vamos para a 22\u00aa Romaria e fazer com que o nosso planeta seja \u201cmuito bom\u201d.<\/p>\n<p style=\"text-align: justify\">Desejamos boa viagem a todos os romeiros e romeiras!<\/p>\n<p style=\"text-align: justify\">At\u00e9 domingo!<\/p>\n<p style=\"text-align: justify\">Abra\u00e7os<\/p>\n<p style=\"text-align: center\"><strong>Coordena\u00e7\u00e3o Geral da 22\u00aa Romaria da Terra e da \u00c1gua<\/strong><\/p>\n","protected":false},"excerpt":{"rendered":"<p>A 22\u00aa Romaria da Terra e da \u00c1gua de Santa Catarina acontece no pr\u00f3ximo domingo, 11, em Irani, 445 quil\u00f4metros a oeste de Florian\u00f3polis (SC), e vai refletir sobre as mudan\u00e7as clim\u00e1ticas, numa refer\u00eancia \u00e0 Campanha da Fraternidade deste ano. A expectativa da organiza\u00e7\u00e3o do evento \u00e9 receber 10 mil romeiros das 10 dioceses catarinenses.<\/p>\n","protected":false},"author":83,"featured_media":26203,"comment_status":"open","ping_status":"open","sticky":false,"template":"","format":"standard","meta":{"site-sidebar-layout":"default","site-content-layout":"default","ast-global-header-display":"","ast-banner-title-visibility":"","ast-main-header-display":"","ast-hfb-above-header-display":"","ast-hfb-below-header-display":"","ast-hfb-mobile-header-display":"","site-post-title":"","ast-breadcrumbs-content":"","ast-featured-img":"","footer-sml-layout":"","theme-transparent-header-meta":"","adv-header-id-meta":"","stick-header-meta":"","header-above-stick-meta":"","header-main-stick-meta":"","header-below-stick-meta":""},"categories":[769,791],"tags":[],"acf":[],"_links":{"self":[{"href":"https:\/\/www.cnbb.org.br\/cnbb-app\/wp\/v2\/posts\/26202"}],"collection":[{"href":"https:\/\/www.cnbb.org.br\/cnbb-app\/wp\/v2\/posts"}],"about":[{"href":"https:\/\/www.cnbb.org.br\/cnbb-app\/wp\/v2\/types\/post"}],"author":[{"embeddable":true,"href":"https:\/\/www.cnbb.org.br\/cnbb-app\/wp\/v2\/users\/83"}],"replies":[{"embeddable":true,"href":"https:\/\/www.cnbb.org.br\/cnbb-app\/wp\/v2\/comments?post=26202"}],"version-history":[{"count":0,"href":"https:\/\/www.cnbb.org.br\/cnbb-app\/wp\/v2\/posts\/26202\/revisions"}],"wp:featuredmedia":[{"embeddable":true,"href":"https:\/\/www.cnbb.org.br\/cnbb-app\/wp\/v2\/media\/26203"}],"wp:attachment":[{"href":"https:\/\/www.cnbb.org.br\/cnbb-app\/wp\/v2\/media?parent=26202"}],"wp:term":[{"taxonomy":"category","embeddable":true,"href":"https:\/\/www.cnbb.org.br\/cnbb-app\/wp\/v2\/categories?post=26202"},{"taxonomy":"post_tag","embeddable":true,"href":"https:\/\/www.cnbb.org.br\/cnbb-app\/wp\/v2\/tags?post=26202"}],"curies":[{"name":"wp","href":"https:\/\/api.w.org\/{rel}","templated":true}]}}