{"id":262048,"date":"2021-04-12T16:20:28","date_gmt":"2021-04-12T19:20:28","guid":{"rendered":"https:\/\/www.cnbb.org.br\/?p=262048"},"modified":"2021-04-13T15:04:53","modified_gmt":"2021-04-13T18:04:53","slug":"bispos-analisam-a-conjuntura-social-e-eclesial-do-brasil-a-partir-de-subsidios-oferecidos-por-equipes-da-cnbb","status":"publish","type":"post","link":"https:\/\/www.cnbb.org.br\/bispos-analisam-a-conjuntura-social-e-eclesial-do-brasil-a-partir-de-subsidios-oferecidos-por-equipes-da-cnbb\/","title":{"rendered":"Bispos analisam a conjuntura social e eclesial do Brasil a partir de subs\u00eddios oferecidos por equipes da CNBB"},"content":{"rendered":"<p style=\"text-align: justify;\">&#8220;O povo de Deus sofre com a doen\u00e7a e a fome&#8221; \u00e9 o t\u00edtulo da an\u00e1lise da conjuntura social e pol\u00edtica apresentada ao episcopado brasileiro no in\u00edcio da sess\u00e3o da tarde. A apresenta\u00e7\u00e3o foi conduzida pelo bispo de Carolina (MA), dom Francisco de Lima Soares, coordenador do grupo de An\u00e1lise de Conjuntura da Confer\u00eancia Nacional dos Bispos do Brasil (CNBB).<\/p>\n<p style=\"text-align: justify;\">A an\u00e1lise apresentada priorizou tr\u00eas temas: pandemia, economia e pol\u00edtica brasileira. Dom Francisco frisou que trata-se de um texto oferecido aos bispos como uma leitura de especialistas das Pontif\u00edcias Universidades Cat\u00f3licas do Brasil organizados no grupo de an\u00e1lise da CNBB para subsidiar os pastores na leitura e compreens\u00e3o da realidade brasileira.<\/p>\n<p style=\"text-align: justify;\">Dom Francisco ressaltou que o mundo passava por uma crise econ\u00f4mica e por tens\u00f5es pol\u00edticas antes da pandemia e que o Coronav\u00edrus foi um catalizador que aprofundou as desigualdades. &#8220;A sobreviv\u00eancia da humanidade est\u00e1 colocada \u00e0 prova&#8221;, disse.<\/p>\n<p style=\"text-align: justify;\">&#8220;Todas as luzes de alerta est\u00e3o ligadas quanto \u00e0 pandemia&#8221;, disse o coordenador do grupo de An\u00e1lise de Conjuntura da CNBB ao iniciar a reflex\u00e3o sobre o primeiro ponto da an\u00e1lise. Ele chamou a aten\u00e7\u00e3o para dados do Observat\u00f3rio da Covid-19, da Fiocruz, que evidenciam as altas taxas de ocupa\u00e7\u00e3o dos leitos de unidade de terapia intensiva. Tamb\u00e9m chamou a aten\u00e7\u00e3o para a rapidez do agravamento do colapso do sistema de sa\u00fade e a falta de assist\u00eancia que tem impacto em outras formas de morte.<\/p>\n<p style=\"text-align: justify;\">O bispo ressaltou as formas apontadas pela Organiza\u00e7\u00e3o Mundial da Sa\u00fade (OMS) para evitar o avan\u00e7o da pandemia: uso de m\u00e1scara e limpeza das m\u00e3os; distanciamento social com lokcdown em casos mais graves; e vacina\u00e7\u00e3o em massa da popula\u00e7\u00e3o.<\/p>\n<h3>Crise sanit\u00e1ria e crise econ\u00f4mica<\/h3>\n<p style=\"text-align: justify;\">A an\u00e1lise apontou que os pa\u00edses mais bem sucedidos no enfrentamento \u00e0 pandemia superaram a dicotomia entre crise sanit\u00e1ria e crise econ\u00f4mica. &#8220;Sem resolver a crise sanit\u00e1ria n\u00e3o haver\u00e1 supera\u00e7\u00e3o da crise econ\u00f4mica&#8221;, disse.\u00a0Segundo a an\u00e1lise, as experi\u00eancias bem sucedidas apontam que \u00e9 imposs\u00edvel controlar a pandemia sem a manuten\u00e7\u00e3o de investimentos p\u00fablicos e fomento \u00e0 economia, com renda para as fam\u00edlias e pequenos neg\u00f3cios, essenciais para a ades\u00e3o das pessoas \u00e0s pr\u00e1ticas de isolamento social.<\/p>\n<p style=\"text-align: justify;\">O Brasil, segundo o bispo de Carolina (MA), vai na contram\u00e3o das experi\u00eancias mais bem sucedidas de combate \u00e0 Covid-19. &#8220;Os indicadores econ\u00f4micos e a conjuntura pol\u00edtica apontam na dire\u00e7\u00e3o de aprofundamento da crise econ\u00f4mica e sanit\u00e1ria. Fome, mis\u00e9ria e desesperan\u00e7a tamb\u00e9m matam. E podem matar tantos ou mais do que a Covid-19. A crise social salta aos olhos, em especial nas periferias das grandes cidades&#8221;, apontou a an\u00e1lise.<\/p>\n<p style=\"text-align: justify;\"><img decoding=\"async\" loading=\"lazy\" class=\"wp-image-262143 size-medium alignleft\" src=\"https:\/\/www.cnbb.org.br\/wp-content\/uploads\/2021\/04\/Inseguranca-alimentar-271x300.jpg\" alt=\"\" width=\"271\" height=\"300\" srcset=\"https:\/\/www.cnbb.org.br\/wp-content\/uploads\/2021\/04\/Inseguranca-alimentar-271x300.jpg 271w, https:\/\/www.cnbb.org.br\/wp-content\/uploads\/2021\/04\/Inseguranca-alimentar-768x849.jpg 768w, https:\/\/www.cnbb.org.br\/wp-content\/uploads\/2021\/04\/Inseguranca-alimentar-500x553.jpg 500w, https:\/\/www.cnbb.org.br\/wp-content\/uploads\/2021\/04\/Inseguranca-alimentar.jpg 828w\" sizes=\"(max-width: 271px) 100vw, 271px\" \/>Dois indicadores confirmam a an\u00e1lise: a infla\u00e7\u00e3o no m\u00eas de fevereiro, medida pelo IPCA \u2013 \u00edndice que considera as cestas de consumo das fam\u00edlias brasileiras \u2013 subiu a 5,2% em 12 meses e a taxa de desocupa\u00e7\u00e3o por faixa et\u00e1ria no Brasil. O bispo chamou a aten\u00e7\u00e3o para o n\u00famero que d\u00e1 conta de que 35 milh\u00f5es de pessoas, com idade entre 25 e 39 anos, est\u00e3o sem emprego.<\/p>\n<p style=\"text-align: justify;\">Outro dado que preocupa \u00e9 o da inseguran\u00e7a alimentar que, em sua forma grave ou moderada, segundo o Instituto Brasileiro de Geografia e Estat\u00edstica (IBGE) atingiu 27,7% da popula\u00e7\u00e3o brasileira no final de 2020, ou 58 milh\u00f5es de pessoas, contra 16,4% em 2004.<\/p>\n<p style=\"text-align: justify;\">A an\u00e1lise apontou ainda que o Brasil, al\u00e9m de uma s\u00e9rie de problemas sociais, tem tido muita dificuldade em temas como a preserva\u00e7\u00e3o do meio ambiente. Que h\u00e1, em curso, uma simplifica\u00e7\u00e3o bilateral da pol\u00edtica, o que gera preju\u00edzo \u00e0 an\u00e1lise; Que o neoliberalismo transforma o cidad\u00e3o em consumidor; e que est\u00e1 em curso uma decad\u00eancia\u00a0da esfera p\u00fablica e com uma crescente aus\u00eancia de respeito.<\/p>\n<h3>Conjuntura eclesial<\/h3>\n<p style=\"text-align: justify;\">A an\u00e1lise de conjuntura eclesial buscou avaliar a caminhada da Igreja a partir do conceito de &#8220;sinodalidade&#8221;, buscado pelo Papa Francisco como o caminho que Deus espera da Igreja no terceiro mil\u00eanio. Sobre o tema, a equipe de An\u00e1lise Eclesial da CNBB, coordenada pelo arcebispo de Bras\u00edlia (DF), dom Paulo C\u00e9zar Costa, enviou tamb\u00e9m previamente um texto de reflex\u00e3o para servir como subs\u00eddio aos bispos.<\/p>\n<p style=\"text-align: justify;\">O membro da Comiss\u00e3o Teol\u00f3gica Internacional da PUC-Rio, monsenhor Ant\u00f4nio Catelan, que tamb\u00e9m integra a Comiss\u00e3o Episcopal Pastoral para Doutrina da F\u00e9 da CNBB, abordou o tema do ponto de vista da hist\u00f3ria da Igreja, da teologia e do magist\u00e9rio do Papa Francisco.<\/p>\n<p>&nbsp;<\/p>\n<p>&nbsp;<\/p>\n<p>&nbsp;<\/p>\n","protected":false},"excerpt":{"rendered":"<p>A primeira parte da sess\u00e3o da tarde foi dedicada \u00e0 an\u00e1lise de conjuntura social e eclesial. A an\u00e1lise sociopol\u00edtica priorizou tr\u00eas temas: pandemia, economia e pol\u00edtica brasileira. A an\u00e1lise eclesial buscou avaliar a caminhada da Igreja a partir do conceito de &#8220;sinodalidade&#8221;, buscado pelo Papa Francisco como o caminho que Deus espera da Igreja no terceiro mil\u00eanio<\/p>\n","protected":false},"author":83,"featured_media":262063,"comment_status":"open","ping_status":"open","sticky":false,"template":"","format":"standard","meta":{"site-sidebar-layout":"default","site-content-layout":"default","ast-global-header-display":"","ast-banner-title-visibility":"","ast-main-header-display":"","ast-hfb-above-header-display":"","ast-hfb-below-header-display":"","ast-hfb-mobile-header-display":"","site-post-title":"","ast-breadcrumbs-content":"","ast-featured-img":"","footer-sml-layout":"","theme-transparent-header-meta":"default","adv-header-id-meta":"","stick-header-meta":"","header-above-stick-meta":"","header-main-stick-meta":"","header-below-stick-meta":""},"categories":[1620,50],"tags":[2246,2631,2820,2265],"acf":[],"_links":{"self":[{"href":"https:\/\/www.cnbb.org.br\/cnbb-app\/wp\/v2\/posts\/262048"}],"collection":[{"href":"https:\/\/www.cnbb.org.br\/cnbb-app\/wp\/v2\/posts"}],"about":[{"href":"https:\/\/www.cnbb.org.br\/cnbb-app\/wp\/v2\/types\/post"}],"author":[{"embeddable":true,"href":"https:\/\/www.cnbb.org.br\/cnbb-app\/wp\/v2\/users\/83"}],"replies":[{"embeddable":true,"href":"https:\/\/www.cnbb.org.br\/cnbb-app\/wp\/v2\/comments?post=262048"}],"version-history":[{"count":0,"href":"https:\/\/www.cnbb.org.br\/cnbb-app\/wp\/v2\/posts\/262048\/revisions"}],"wp:featuredmedia":[{"embeddable":true,"href":"https:\/\/www.cnbb.org.br\/cnbb-app\/wp\/v2\/media\/262063"}],"wp:attachment":[{"href":"https:\/\/www.cnbb.org.br\/cnbb-app\/wp\/v2\/media?parent=262048"}],"wp:term":[{"taxonomy":"category","embeddable":true,"href":"https:\/\/www.cnbb.org.br\/cnbb-app\/wp\/v2\/categories?post=262048"},{"taxonomy":"post_tag","embeddable":true,"href":"https:\/\/www.cnbb.org.br\/cnbb-app\/wp\/v2\/tags?post=262048"}],"curies":[{"name":"wp","href":"https:\/\/api.w.org\/{rel}","templated":true}]}}