{"id":262083,"date":"2021-04-12T19:32:45","date_gmt":"2021-04-12T22:32:45","guid":{"rendered":"https:\/\/www.cnbb.org.br\/?p=262083"},"modified":"2021-04-13T15:31:20","modified_gmt":"2021-04-13T18:31:20","slug":"dom-ricardo-hoepers-convida-o-episcopado-brasileiro-a-se-unir-ao-projeto-de-celebracao-do-ano-familia-amoris-laetitia","status":"publish","type":"post","link":"https:\/\/www.cnbb.org.br\/dom-ricardo-hoepers-convida-o-episcopado-brasileiro-a-se-unir-ao-projeto-de-celebracao-do-ano-familia-amoris-laetitia\/","title":{"rendered":"Dom Ricardo Hoepers convida o episcopado brasileiro a se unir ao projeto de celebra\u00e7\u00e3o do Ano Fam\u00edlia Amoris Laetitia"},"content":{"rendered":"<p style=\"text-align: justify;\">\u201cA fam\u00edlia \u00e9 a Igreja e a Igreja \u00e9 a fam\u00edlia\u201d. Com essa frase, o bispo de Rio Grande (RS) e presidente da Comiss\u00e3o Episcopal Pastoral para a Vida e a Fam\u00edlia da Confer\u00eancia Nacional dos Bispos do Brasil (CNBB), dom Ricardo Hoepers, encerrou a \u00faltima parte da plen\u00e1ria da tarde da 58\u00aa Assembleia Geral dos Bispos do Brasil, na segunda-feira, 12 de abril.<\/p>\n<p style=\"text-align: justify;\">Dom Ricardo convidou todos os bispos a se unirem ao projeto de evangeliza\u00e7\u00e3o das fam\u00edlias no ano Fam\u00edlia <em>Amoris Laetitia<\/em>, anunciado pelo Papa Francisco no domingo da Sagrada Fam\u00edlia, 27 de dezembro de 2020, e que est\u00e1 em curso desde o dia 19 de mar\u00e7o de 2021 e vai at\u00e9 26 de junho de 2022.<\/p>\n<p style=\"text-align: justify;\">Em um v\u00eddeo exposto durante a apresenta\u00e7\u00e3o, o secret\u00e1rio do Dicast\u00e9rio para os Leigos, a Fam\u00edlia e a Vida da Santa S\u00e9, padre Alexandre Awi Mello, ressaltou que \u201cesse tempo que assolou os nossos povos e muito concretamente o nosso Brasil, colocou ainda mais em evid\u00eancia a import\u00e2ncia da fam\u00edlia&#8221;.<\/p>\n<p style=\"text-align: justify;\">\u00c9 justamente nesse contexto que o Papa Francisco reprop\u00f5e os ensinamentos da Exorta\u00e7\u00e3o Apost\u00f3lica <em>Amoris Laetitia<\/em>, publicada h\u00e1 cinco anos. Segundo o padre Alexandre, sem a fam\u00edlia a Igreja dom\u00e9stica n\u00e3o se entende e nem se sustenta. &#8221; Igreja \u00e9 uma fam\u00edlia de fam\u00edlias. A exorta\u00e7\u00e3o foi escrita pelo Papa como uma carta de amor \u00e0s fam\u00edlias e um instrumento muito pr\u00e1tico para ajud\u00e1-las a viver o amor familiar no seu dia a dia. Ao propor a celebra\u00e7\u00e3o do ano<em> Amoris Laetitia<\/em>, o Santo Padre convida as fam\u00edlias do mundo inteiro e seus pastores a se encantar novamente com os ensinamentos desse documento e coloc\u00e1-los em pr\u00e1tica\u201d, informou<\/p>\n<p style=\"text-align: justify;\">Segundo ele, o convite \u00e9 dirigido tamb\u00e9m aos jovens e se espera um protagonismo das pr\u00f3prias fam\u00edlias. Para auxiliar as a\u00e7\u00f5es, foi lan\u00e7ado um site: <a href=\"http:\/\/www.laityfamilylife.va\/content\/laityfamilylife\/it\/amoris-laetitia.html\" target=\"_blank\" rel=\"noopener\">www.amorislaetitia.va<\/a> no qual ser\u00e3o divulgados alguns subs\u00eddios e iniciativas que ficar\u00e3o \u00e0 disposi\u00e7\u00e3o das fam\u00edlias, dos movimentos, par\u00f3quias e dioceses de todo o mundo.<\/p>\n<p style=\"text-align: justify;\">\u201cUma boa not\u00edcia \u00e9 que tudo isso se publicar\u00e1 tamb\u00e9m em portugu\u00eas. Por exemplo, j\u00e1 est\u00e1 \u00e0 disposi\u00e7\u00e3o o primeiro de 10 v\u00eddeos que ser\u00e3o publicados mensalmente com palavras do Papa e testemunho de fam\u00edlias sobre cada um dos cap\u00edtulos de <em>Amoris Laetitia<\/em>. Os v\u00eddeos s\u00e3o acompanhados de subs\u00eddios de aprofundamento, textos e perguntas para reflex\u00e3o em fam\u00edlia ou grupos paroquiais. \u00c9 s\u00f3 baixar do site. Toda a iniciativa a favor da fam\u00edlia ser\u00e1 muito bem-vinda como resposta ao apelo do Santo Padre\u201d, refor\u00e7a o padre Alexandre.<\/p>\n<p style=\"text-align: justify;\">O secret\u00e1rio do Dicast\u00e9rio para os Leigos, a Fam\u00edlia e a Vida da Santa S\u00e9\u00a0 ainda ressaltou que um dos primeiros frutos desse ano foi a convoca\u00e7\u00e3o da Jornada Mundial dos Av\u00f3s e das Pessoas Idosas, a ser celebrada todos os anos no quarto domingo de julho: \u201cTamb\u00e9m nessa ocasi\u00e3o publicaremos subs\u00eddios que possam ajudar as dioceses a celebrar esse dia\u201d.<\/p>\n<div class=\"ast-oembed-container\" style=\"height: 100%;\">\n<div style=\"max-width: 1333px;\">\n<div style=\"left: 0; width: 100%; height: 0; position: relative; padding-bottom: 56.25%;\"><iframe title=\"Apresenta\u00e7\u00e3o do Ano &quot;Fam\u00edlia Amoris Laetitia&quot;\" src=\"https:\/\/www.youtube.com\/embed\/3QcJXkcofuk?rel=0\" style=\"border: 0; top: 0; left: 0; width: 100%; height: 100%; position: absolute;\" allowfullscreen scrolling=\"no\" allow=\"encrypted-media; accelerometer; clipboard-write; gyroscope; picture-in-picture\"><\/iframe><\/div>\n<\/div>\n<\/div>\n<p style=\"text-align: justify;\">O bispo de Campo Mour\u00e3o (PR) e membro da Comiss\u00e3o Vida e Fam\u00edlia, dom Bruno Elizeu Versari, recorreu ao Documento de Aparecida para lembrar que a Pastoral Familiar deve atuar de forma transversal com as outras pastorais. \u201cNossa comiss\u00e3o vem fazendo um grande trabalho para colocar em pr\u00e1tica aquilo que est\u00e1 nas Diretrizes: palavra, p\u00e3o, caridade e miss\u00e3o. Nossa expectativa \u00e9 oferecer \u00e0s fam\u00edlias ao menos uma reflex\u00e3o por m\u00eas, um estudo b\u00edblico, de aprofundamento na fam\u00edlia da Palavra de Deus&#8221;. Para levar ainda \u00e0 mais pessoas esses subs\u00eddios, a Pastoral Familiar passa a oferecer conte\u00fado para forma\u00e7\u00e3o de casais tamb\u00e9m em formato Educa\u00e7\u00e3o \u00e0 Dist\u00e2ncia (EAD).<\/p>\n<p style=\"text-align: justify;\">O bispo de Bacabal (MA), dom Armando Mart\u00edn Guti\u00e9rrez, que tamb\u00e9m comp\u00f5e a Comiss\u00e3o Episcopal, informou que como iniciativas para esse ano est\u00e3o programados, de 3 a 7 de maio, o Congresso Online \u201cCelebrando 40 anos da <em>Familiaris Consorti<\/em>o e 5 anos da Amoris Laetitia\u201d; e de 9 a 12 de junho, o F\u00f3rum sobre a \u201c<em>Amoris Laetitia<\/em>\u201d, promovido pelo Dicast\u00e9rio para os Leigos, a Fam\u00edlia e a Vida.<\/p>\n<p style=\"text-align: justify;\">Dom Ricardo informou tamb\u00e9m que a Comiss\u00e3o Vida e Fam\u00edlia acolheu a Associa\u00e7\u00e3o dos m\u00e9dicos cat\u00f3licos com o objetivo de trabalhar em conjunto com a Comiss\u00e3o de Bio\u00e9tica da CNBB e formar casais cooperadores da vida. Uma das a\u00e7\u00f5es ser\u00e1 trabalhar para aprovar a consulta p\u00fablica para instaurar o Dia do Nascituro, que deve ser oficializado no dia 8 de outubro, durante a Semana da Fam\u00edlia. Ao final, dom Ricardo Hoepers ressaltou que tudo relacionado ao <em>Amoris Laetitia<\/em> \u201cs\u00e3o palavras \u201cde alegria, pois a fam\u00edlia \u00e9 a fonte de espiritualidade. A fam\u00edlia \u00e9 a fonte de nossa espiritualidade e o que poder\u00e1 tornar nossa Igreja mais din\u00e2mica e mais bonita\u201d.<\/p>\n<h3 style=\"text-align: justify;\"><strong>Sobre o Ano Fam\u00edlia Amoris Laetitia<\/strong><\/h3>\n<p>O ano Fam\u00edlia <em>Amoris Laetitia<\/em> foi anunciado pelo Papa Francisco no domingo da Sagrada Fam\u00edlia (27 de dezembro de 2020) e ser\u00e1 realizado de 19 de mar\u00e7o de 2021 a 26 de junho de 2022, quando ocorre o X Encontro Mundial das Fam\u00edlias, em Roma, com o Santo Padre.<\/p>\n<p style=\"text-align: justify;\">A exorta\u00e7\u00e3o apost\u00f3lica Amoris Laetitia, lan\u00e7ada em 2016, \u00e9 fruto de dois s\u00ednodos sobre a fam\u00edlia realizados nos anos de 2014 e de 2015. O documento possui nove cap\u00edtulos que abordam quest\u00f5es sobre a palavra, a realidade, os desafios e a voca\u00e7\u00e3o das fam\u00edlias, o amor no matrim\u00f4nio, a fecundidade, a educa\u00e7\u00e3o dos filhos, a espiritualidade, entre outros temas.<\/p>\n<p style=\"text-align: justify;\">Os objetivos do Ano Fam\u00edlia Amoris Laetitia anunciado pelo Papa s\u00e3o: difundir o conte\u00fado da exorta\u00e7\u00e3o apost\u00f3lica; anunciar que o sacramento do matrim\u00f4nio \u00e9 um dom; fazer da fam\u00edlia protagonista da pastoral familiar; sensibilizar os jovens; e, ampliar o olhar e a a\u00e7\u00e3o da Pastoral Familiar.<\/p>\n<p style=\"text-align: justify;\">Durante o Ano Fam\u00edlia Amoris Laetitia ser\u00e3o aprofundadas discuss\u00f5es sobre a exorta\u00e7\u00e3o apost\u00f3lica e como coloc\u00e1-las em pr\u00e1tica nas par\u00f3quias e dioceses, al\u00e9m de interagir com as comiss\u00f5es de Educa\u00e7\u00e3o, Catequese, Juventude, Laicato e Mission\u00e1ria da CNBB, e as pastorais da Pessoa Idosa e da Crian\u00e7a em vista de um trabalho sinodal. Para maio, est\u00e1 prevista a realiza\u00e7\u00e3o de um semin\u00e1rio sobre os 40 anos da exorta\u00e7\u00e3o apost\u00f3lica Familiaris Consortio e 5 anos da Amoris Laetitia \u2013 quest\u00f5es pastorais, eclesiol\u00f3gicas e morais.<\/p>\n<div class=\"iframely-embed\">\n<div class=\"iframely-responsive\" style=\"padding-bottom: 56.1719%; padding-top: 120px;\"><a href=\"https:\/\/www.cnbb.org.br\/dia-de-sao-jose-abertura-ano-familia-amoris-laetitia\/\" data-iframely-url=\"\/\/cdn.iframe.ly\/mjFxwRC?maxheight=750\"><\/a><\/div>\n<\/div>\n<p><script async src=\"\/\/cdn.iframe.ly\/embed.js\" charset=\"utf-8\"><\/script><\/p>\n<p>&nbsp;<\/p>\n<h3><strong>Programa\u00e7\u00e3o no Brasil<\/strong><\/h3>\n<p>&nbsp;<\/p>\n<p><strong>3 a 7 de maio \u2013 Congresso On-line<\/strong><br \/>\n\u201cCelebrando 40 anos da <em>Familiaris Consorti<\/em>o e 5 anos da <em>Amoris Laetitia<\/em>\u201d<\/p>\n<p><strong>9 a 12 de junho \u2013 F\u00f3rum sobre a \u201c<em>Amoris Laetitia<\/em>\u201d<\/strong><br \/>\nDicast\u00e9rio para os Leigos, a Fam\u00edlia e a Vida<\/p>\n<p><strong>22 e 23 \u2013 29 e 30 de setembro \u2013 Incompreens\u00f5es relativas \u00e0 <em>Amoris Laetitia<\/em><\/strong><br \/>\nSociedade Brasileira de Teologia Moral. Saiba mais: http:\/\/bit.ly\/EtisLA<\/p>\n<p style=\"text-align: justify;\"><strong>Lan\u00e7amento de livro<\/strong><br \/>\nNo dia 19 de mar\u00e7o, as Edi\u00e7\u00f5es CNBB e a Editora Can\u00e7\u00e3o Nova lan\u00e7aram o livro Jos\u00e9 (Yosef) \u2014 Artes\u00e3o de humanidade \u2013 Homem justo, esposo e pai, durante live transmitida pelas redes sociais.<\/p>\n<p style=\"text-align: justify;\"><strong>Hotsite preparado pela Comiss\u00e3o Vida e Fam\u00edlia da CNBB<\/strong><br \/>\nA Comiss\u00e3o Vida e Fam\u00edlia da CNBB preparou um hotsite sobre o assunto explicando o projeto, os objetivos e trazendo os passos e a programa\u00e7\u00e3o. Tamb\u00e9m \u00e9 poss\u00edvel partilhar sua experi\u00eancia do amor na fam\u00edlia.<br \/>\nAcesse <a href=\"http:\/\/vidaefamilia.org.br\/al\/\" target=\"_blank\" rel=\"noopener\">aqui!<\/a><\/p>\n<p>&nbsp;<\/p>\n<p style=\"text-align: justify;\">\u201cExorta\u00e7\u00e3o Apost\u00f3lica P\u00f3s-sinodal <em>Amoris L\u00e6titia<\/em> do Santo Padre Francisco aos bispos, aos presb\u00edteros, aos di\u00e1conos, \u00e0s pessoas consagradas, aos esposos crist\u00e3os e a todos os fi\u00e9is leigos sobre o Amor na Fam\u00edlia\u201d.<\/p>\n<p style=\"text-align: justify;\">Clique <a href=\"http:\/\/www.vatican.va\/content\/francesco\/pt\/apost_exhortations\/documents\/papa-francesco_esortazione-ap_20160319_amoris-laetitia.html\" target=\"_blank\" rel=\"noopener\">aqui<\/a> para acessar o documento completo.<\/p>\n","protected":false},"excerpt":{"rendered":"<p>O ano foi anunciado pelo pelo Papa Francisco no domingo da Sagrada Fam\u00edlia, 27 de dezembro de 2020, e ser\u00e1 realizado de 19 de mar\u00e7o de 2021 a 26 de junho de 2022. O secret\u00e1rio do Dicast\u00e9rio para os Leigos, a Fam\u00edlia e a Vida da Santa S\u00e9, padre Alexandre Awi Mello, ressaltou que a pandemia colocou ainda mais em evid\u00eancia a import\u00e2ncia da fam\u00edlia<\/p>\n","protected":false},"author":83,"featured_media":262084,"comment_status":"open","ping_status":"open","sticky":false,"template":"","format":"standard","meta":{"site-sidebar-layout":"default","site-content-layout":"default","ast-global-header-display":"","ast-banner-title-visibility":"","ast-main-header-display":"","ast-hfb-above-header-display":"","ast-hfb-below-header-display":"","ast-hfb-mobile-header-display":"","site-post-title":"","ast-breadcrumbs-content":"","ast-featured-img":"","footer-sml-layout":"","theme-transparent-header-meta":"default","adv-header-id-meta":"","stick-header-meta":"","header-above-stick-meta":"","header-main-stick-meta":"","header-below-stick-meta":""},"categories":[1620,50],"tags":[2246,3472],"acf":[],"_links":{"self":[{"href":"https:\/\/www.cnbb.org.br\/cnbb-app\/wp\/v2\/posts\/262083"}],"collection":[{"href":"https:\/\/www.cnbb.org.br\/cnbb-app\/wp\/v2\/posts"}],"about":[{"href":"https:\/\/www.cnbb.org.br\/cnbb-app\/wp\/v2\/types\/post"}],"author":[{"embeddable":true,"href":"https:\/\/www.cnbb.org.br\/cnbb-app\/wp\/v2\/users\/83"}],"replies":[{"embeddable":true,"href":"https:\/\/www.cnbb.org.br\/cnbb-app\/wp\/v2\/comments?post=262083"}],"version-history":[{"count":0,"href":"https:\/\/www.cnbb.org.br\/cnbb-app\/wp\/v2\/posts\/262083\/revisions"}],"wp:featuredmedia":[{"embeddable":true,"href":"https:\/\/www.cnbb.org.br\/cnbb-app\/wp\/v2\/media\/262084"}],"wp:attachment":[{"href":"https:\/\/www.cnbb.org.br\/cnbb-app\/wp\/v2\/media?parent=262083"}],"wp:term":[{"taxonomy":"category","embeddable":true,"href":"https:\/\/www.cnbb.org.br\/cnbb-app\/wp\/v2\/categories?post=262083"},{"taxonomy":"post_tag","embeddable":true,"href":"https:\/\/www.cnbb.org.br\/cnbb-app\/wp\/v2\/tags?post=262083"}],"curies":[{"name":"wp","href":"https:\/\/api.w.org\/{rel}","templated":true}]}}