{"id":262165,"date":"2021-04-13T18:56:12","date_gmt":"2021-04-13T21:56:12","guid":{"rendered":"https:\/\/www.cnbb.org.br\/?p=262165"},"modified":"2021-04-13T18:56:12","modified_gmt":"2021-04-13T21:56:12","slug":"repam-brasil-e-comissao-para-a-amazonia-divulgam-carta-sobre-acordos-entre-eua-e-brasil-em-defesa-da-amazonia","status":"publish","type":"post","link":"https:\/\/www.cnbb.org.br\/repam-brasil-e-comissao-para-a-amazonia-divulgam-carta-sobre-acordos-entre-eua-e-brasil-em-defesa-da-amazonia\/","title":{"rendered":"REPAM-Brasil e Comiss\u00e3o para a Amaz\u00f4nia divulgam carta sobre acordos entre EUA e Brasil em defesa da Amaz\u00f4nia"},"content":{"rendered":"<p style=\"text-align: justify;\">A Rede Eclesial Pan-Amaz\u00f4nica (Repam-Brasil) e a Comiss\u00e3o Episcopal para a Amaz\u00f4nia da CNBB divulgaram nesta ter\u00e7a-feira, 13 de abril, uma carta \u00e0 sociedade brasileira, com considera\u00e7\u00f5es a respeito de um poss\u00edvel acordo entre o Brasil e os Estados Unidos para a prote\u00e7\u00e3o da Amaz\u00f4nia.<\/p>\n<p style=\"text-align: justify;\">Na carta, o presidente da REPAM-Brasil, dom Erwin Kr\u00e4utler, e o presidente da Comiss\u00e3o para a Amaz\u00f4nia da CNBB, dom Cl\u00e1udio Hummes, manifestam preocupa\u00e7\u00e3o pela falta de envolvimento dos povos amaz\u00f4nicos e destacam os eventos \u201cEmerg\u00eancia Amaz\u00f4nica \u2013 Em defesa da Floresta e da Vida\u201d e o \u201cF\u00f3rum Clim\u00e1tico da Amaz\u00f4nia\u201d, que, com o apoio de v\u00e1rias organiza\u00e7\u00f5es nacionais e internacionais, ser\u00e3o realizados na quinta-feira, 15 de abril, para dar visibilidade internacional \u00e0 emerg\u00eancia amaz\u00f4nica e denunciar os perigos desse poss\u00edvel acordo.<\/p>\n<p style=\"text-align: justify;\">\n","protected":false},"excerpt":{"rendered":"<p>A Rede Eclesial Pan-Amaz\u00f4nica (Repam-Brasil) e a Comiss\u00e3o Episcopal para a Amaz\u00f4nia da CNBB divulgaram nesta ter\u00e7a-feira, 13 de abril, uma carta \u00e0 sociedade brasileira, com considera\u00e7\u00f5es a respeito de um poss\u00edvel acordo entre o Brasil e os Estados Unidos para a prote\u00e7\u00e3o da Amaz\u00f4nia. Na carta, o presidente da REPAM-Brasil, dom Erwin Kr\u00e4utler, e &hellip;<\/p>\n<p class=\"read-more\"> <a class=\"\" href=\"https:\/\/www.cnbb.org.br\/repam-brasil-e-comissao-para-a-amazonia-divulgam-carta-sobre-acordos-entre-eua-e-brasil-em-defesa-da-amazonia\/\"> <span class=\"screen-reader-text\">REPAM-Brasil e Comiss\u00e3o para a Amaz\u00f4nia divulgam carta sobre acordos entre EUA e Brasil em defesa da Amaz\u00f4nia<\/span> Leia mais &raquo;<\/a><\/p>\n","protected":false},"author":83,"featured_media":33423,"comment_status":"open","ping_status":"open","sticky":false,"template":"","format":"standard","meta":{"site-sidebar-layout":"default","site-content-layout":"default","ast-global-header-display":"","ast-banner-title-visibility":"","ast-main-header-display":"","ast-hfb-above-header-display":"","ast-hfb-below-header-display":"","ast-hfb-mobile-header-display":"","site-post-title":"","ast-breadcrumbs-content":"","ast-featured-img":"","footer-sml-layout":"","theme-transparent-header-meta":"default","adv-header-id-meta":"","stick-header-meta":"","header-above-stick-meta":"","header-main-stick-meta":"","header-below-stick-meta":""},"categories":[925,823],"tags":[1900,3009],"acf":[],"_links":{"self":[{"href":"https:\/\/www.cnbb.org.br\/cnbb-app\/wp\/v2\/posts\/262165"}],"collection":[{"href":"https:\/\/www.cnbb.org.br\/cnbb-app\/wp\/v2\/posts"}],"about":[{"href":"https:\/\/www.cnbb.org.br\/cnbb-app\/wp\/v2\/types\/post"}],"author":[{"embeddable":true,"href":"https:\/\/www.cnbb.org.br\/cnbb-app\/wp\/v2\/users\/83"}],"replies":[{"embeddable":true,"href":"https:\/\/www.cnbb.org.br\/cnbb-app\/wp\/v2\/comments?post=262165"}],"version-history":[{"count":0,"href":"https:\/\/www.cnbb.org.br\/cnbb-app\/wp\/v2\/posts\/262165\/revisions"}],"wp:featuredmedia":[{"embeddable":true,"href":"https:\/\/www.cnbb.org.br\/cnbb-app\/wp\/v2\/media\/33423"}],"wp:attachment":[{"href":"https:\/\/www.cnbb.org.br\/cnbb-app\/wp\/v2\/media?parent=262165"}],"wp:term":[{"taxonomy":"category","embeddable":true,"href":"https:\/\/www.cnbb.org.br\/cnbb-app\/wp\/v2\/categories?post=262165"},{"taxonomy":"post_tag","embeddable":true,"href":"https:\/\/www.cnbb.org.br\/cnbb-app\/wp\/v2\/tags?post=262165"}],"curies":[{"name":"wp","href":"https:\/\/api.w.org\/{rel}","templated":true}]}}