{"id":262200,"date":"2021-04-14T10:55:50","date_gmt":"2021-04-14T13:55:50","guid":{"rendered":"https:\/\/www.cnbb.org.br\/?p=262200"},"modified":"2022-01-10T11:05:02","modified_gmt":"2022-01-10T14:05:02","slug":"misericordia-e-solidariedade","status":"publish","type":"post","link":"https:\/\/www.cnbb.org.br\/misericordia-e-solidariedade\/","title":{"rendered":"Miseric\u00f3rdia e Solidariedade"},"content":{"rendered":"<div>\n<div style=\"text-align: right;\"><strong>Dom Carlos Jos\u00e9<br \/>\n<\/strong><strong style=\"font-size: 16px;\">Bispo de Apucarana (PR)<\/strong><\/div>\n<div><\/div>\n<\/div>\n<div>\n<div style=\"text-align: justify;\">Vivemos h\u00e1 poucos dias a celebra\u00e7\u00e3o da P\u00e1scoa e o Domingo da Miseric\u00f3rdia. Do Cora\u00e7\u00e3o aberto de Jesus na Cruz brotou para a humanidade a Miseric\u00f3rdia Divina, como fonte de b\u00ean\u00e7\u00e3os que se faz presente em todo gesto de carinho, ajuda e compaix\u00e3o que praticamos em rela\u00e7\u00e3o \u00e0 necessidade do outro. Miseric\u00f3rdia e solidariedade s\u00e3o gestos que se correspondem e andam juntos, pois, quem as oferece, embora viva uma situa\u00e7\u00e3o diferente, partilha da mesma humanidade de quem as recebe.<\/div>\n<div><\/div>\n<div style=\"text-align: justify;\">A solidariedade \u00e9 uma virtude moral que as pessoas e diminui as diferen\u00e7as, derruba barreiras e transforma situa\u00e7\u00f5es pessoais e sociais. Quando estendemos a m\u00e3o, a dor do outro se torna mais leve e o fardo mais suave. As necessidades atuais s\u00e3o urgentes, gritantes e bastante vis\u00edveis, pois a pandemia deixa escancarada as mais variadas formas de pobreza e car\u00eancias em que vive o povo de Deus. \u201cSede misericordiosos como vosso Pai \u00e9 Misericordioso\u201d (Lc 6,36), disse Jesus aos seus e o diz agora, para cada um de n\u00f3s. Viver a pr\u00e1tica da miseric\u00f3rdia e da solidariedade neste cen\u00e1rio pand\u00eamico se torna urgente e necess\u00e1rio e, quando feito com total desprendimento de si mesmo, auxilia na cura interior nossa e do outro.<\/div>\n<div><\/div>\n<div style=\"text-align: justify;\">A solidariedade remete, por primeiro, \u00e0 ajuda material, seja diretamente ou por meio de associa\u00e7\u00f5es e movimentos engajados nessa pr\u00e1tica, e isso \u00e9 muito necess\u00e1rio nesses dias em que tantos s\u00e3o os desempregados, os esquecidos e os colocados \u00e0 margem da sociedade que agora, no isolamento social, quase se tornaram invis\u00edveis, por\u00e9m, sabemos que existem e precisam realmente de ajuda urgente e constante. Repartir o que se tem com aqueles que nada ou pouco possuem \u00e9 um gesto de compaix\u00e3o, miseric\u00f3rdia e solidariedade. Por\u00e9m, a pandemia gerou outros tipos de necessidades e car\u00eancias, e apenas perceberemos isso se mudarmos a dire\u00e7\u00e3o do nosso olhar.<\/div>\n<div style=\"text-align: justify;\">Lembremos que Cristo Ressuscitado, ao aparecer aos seus disc\u00edpulos no Lago de Tiber\u00edades, orientou-os a lan\u00e7arem as redes do outro lado para que encontrassem pesca farta (Jo 21, 1-7), j\u00e1 que nada haviam conseguido at\u00e9 ent\u00e3o. Esse \u2018nada conseguir\u2019 tem um qu\u00ea de des\u00e2nimo e apatia, como acontece conosco agora nesta pandemia. Isolados e temerosos, nos prendemos numa mesma dire\u00e7\u00e3o e deixamos de olhar ao redor. Cristo nos chama a olhar para o outro, a direcionar a nossa aten\u00e7\u00e3o aos solit\u00e1rios, aos enlutados, aos depressivos, aos assustados e desanimados, \u00e0queles que se encontram em situa\u00e7\u00f5es de solid\u00e3o extrema. In\u00fameros s\u00e3o os que passam fome de afeto, de encorajamento, de uma palavra de \u00e2nimo e esperan\u00e7a. Outros sentem a necessidade de serem ouvidos, entendidos, sem pr\u00e9-conceitos ou julgamentos, apenas desejam falar e extravasar seus sentimentos, medos e expectativas. Um ouvido atento, uma palavra de \u00e2nimo salva vidas, levanta os que se encontram deprimidos e desanimados.<\/div>\n<div><\/div>\n<div style=\"text-align: justify;\">O Papa Francisco sempre nos exorta a enxergarmos no outro a face de Cristo, e a fazer para o outro o que gostar\u00edamos que fosse feito para n\u00f3s, pois somos filhos de um mesmo Pai, somos todos irm\u00e3os. H\u00e1 guerras interiores na vida dos outros que n\u00e3o conhecemos, e h\u00e1 tamb\u00e9m uma necessidade premente de se sentir lembrado, querido e amado em tempos t\u00e3o solit\u00e1rios. Colocar-se \u00e0 disposi\u00e7\u00e3o \u00e9 ser Cirineu, pois n\u00e3o h\u00e1 quem, em algum momento de sua vida, precisou ou precisar\u00e1 de algu\u00e9m.<\/div>\n<div><\/div>\n<div style=\"text-align: justify;\">Por tudo isso, somos chamados a mudar o foco, olhar menos para n\u00f3s mesmos e enxergar a necessidade do outro, dentro ou fora da fam\u00edlia, na comunidade, na Par\u00f3quia, enfim, onde vivemos e somos, sempre com o cuidado de n\u00e3o invadir espa\u00e7os, sem querer ser dono do outro, mas com amor fraterno. Para nosso pr\u00f3prio bem e sa\u00fade espiritual e mental, \u00e9 preciso que nos tornemos necess\u00e1rios para o outro. Tornar-se necess\u00e1rio na vida do outro, para que as dores e car\u00eancias sejam aliviadas, tamb\u00e9m \u00e9 ser solid\u00e1rio e misericordioso como o Pai.<\/div>\n<div><\/div>\n<div style=\"text-align: justify;\">Pr\u00e1ticas como a solidariedade e a miseric\u00f3rdia tem o poder de despertar o gosto imperec\u00edvel por fazer e contribuir com o bem comum. Sempre \u00e9 tempo de aprender, pois somos eternos aprendizes na vinha do Senhor e chamados a sermos sal e luz em nossa caminhada. Alimentemo-nos constantemente da Ora\u00e7\u00e3o, Palavra e Eucaristia para que nossos gestos sejam concretos e desinteressados, como \u00e9 gratuito o amor de Deus por n\u00f3s.<\/div>\n<div style=\"text-align: justify;\">Que Nossa Senhora e S\u00e3o Jos\u00e9 nos ajudem. Am\u00e9m!<\/div>\n<div dir=\"ltr\" style=\"text-align: justify;\"><\/div>\n<\/div>\n","protected":false},"excerpt":{"rendered":"<p>Dom Carlos Jos\u00e9 Bispo de Apucarana (PR) Vivemos h\u00e1 poucos dias a celebra\u00e7\u00e3o da P\u00e1scoa e o Domingo da Miseric\u00f3rdia. Do Cora\u00e7\u00e3o aberto de Jesus na Cruz brotou para a humanidade a Miseric\u00f3rdia Divina, como fonte de b\u00ean\u00e7\u00e3os que se faz presente em todo gesto de carinho, ajuda e compaix\u00e3o que praticamos em rela\u00e7\u00e3o \u00e0 &hellip;<\/p>\n<p class=\"read-more\"> <a class=\"\" href=\"https:\/\/www.cnbb.org.br\/misericordia-e-solidariedade\/\"> <span class=\"screen-reader-text\">Miseric\u00f3rdia e Solidariedade<\/span> Leia mais &raquo;<\/a><\/p>\n","protected":false},"author":101,"featured_media":0,"comment_status":"open","ping_status":"open","sticky":false,"template":"","format":"standard","meta":{"site-sidebar-layout":"default","site-content-layout":"default","ast-global-header-display":"","ast-banner-title-visibility":"","ast-main-header-display":"","ast-hfb-above-header-display":"","ast-hfb-below-header-display":"","ast-hfb-mobile-header-display":"","site-post-title":"","ast-breadcrumbs-content":"","ast-featured-img":"","footer-sml-layout":"","theme-transparent-header-meta":"default","adv-header-id-meta":"","stick-header-meta":"","header-above-stick-meta":"","header-main-stick-meta":"","header-below-stick-meta":""},"categories":[758],"tags":[],"acf":[],"_links":{"self":[{"href":"https:\/\/www.cnbb.org.br\/cnbb-app\/wp\/v2\/posts\/262200"}],"collection":[{"href":"https:\/\/www.cnbb.org.br\/cnbb-app\/wp\/v2\/posts"}],"about":[{"href":"https:\/\/www.cnbb.org.br\/cnbb-app\/wp\/v2\/types\/post"}],"author":[{"embeddable":true,"href":"https:\/\/www.cnbb.org.br\/cnbb-app\/wp\/v2\/users\/101"}],"replies":[{"embeddable":true,"href":"https:\/\/www.cnbb.org.br\/cnbb-app\/wp\/v2\/comments?post=262200"}],"version-history":[{"count":0,"href":"https:\/\/www.cnbb.org.br\/cnbb-app\/wp\/v2\/posts\/262200\/revisions"}],"wp:attachment":[{"href":"https:\/\/www.cnbb.org.br\/cnbb-app\/wp\/v2\/media?parent=262200"}],"wp:term":[{"taxonomy":"category","embeddable":true,"href":"https:\/\/www.cnbb.org.br\/cnbb-app\/wp\/v2\/categories?post=262200"},{"taxonomy":"post_tag","embeddable":true,"href":"https:\/\/www.cnbb.org.br\/cnbb-app\/wp\/v2\/tags?post=262200"}],"curies":[{"name":"wp","href":"https:\/\/api.w.org\/{rel}","templated":true}]}}