{"id":262265,"date":"2021-04-15T10:20:53","date_gmt":"2021-04-15T13:20:53","guid":{"rendered":"https:\/\/www.cnbb.org.br\/?p=262265"},"modified":"2021-04-15T12:35:31","modified_gmt":"2021-04-15T15:35:31","slug":"manha-de-retiro-na-58o-assembleia-geral-da-cnbb-com-o-cardeal-omalley","status":"publish","type":"post","link":"https:\/\/www.cnbb.org.br\/manha-de-retiro-na-58o-assembleia-geral-da-cnbb-com-o-cardeal-omalley\/","title":{"rendered":"Manh\u00e3 de retiro na 58\u00ba Assembleia Geral da CNBB com o cardeal O\u2019Malley"},"content":{"rendered":"<p style=\"text-align: justify;\">Na manh\u00e3 desta quinta-feira, 15 de abril, os bispos reunidos na 58\u00aa Assembleia Geral da Confer\u00eancia Nacional dos Bispos do Brasil (CNBB) participam de um retiro pregado pelo arcebispo de Boston, nos Estados Unidos, cardeal Sean Patrick O\u2019Malley. Ser\u00e3o duas medita\u00e7\u00f5es intercaladas com momentos de ora\u00e7\u00e3o e partilha.<\/p>\n<p style=\"text-align: justify;\">Cardeal O&#8217;Malley \u00e9 da Ordem dos Frades Menores Capuchinos e, atualmente, \u00e9 membro da Congrega\u00e7\u00e3o para os Instituto de Vida Consagrada e as Sociedades de Vida Apost\u00f3lica e do Pontif\u00edcio Conselho para a Fam\u00edlia. Desde o ano passado ele havia se disponibilizado para conduzir o retiro dos bispos do Brasil e, novamente este ano, manteve seu prop\u00f3sito.<\/p>\n<h3 style=\"text-align: justify;\">Prepara\u00e7\u00e3o<\/h3>\n<p style=\"text-align: justify;\">No in\u00edcio da sess\u00e3o, o arcebispo de Belo Horizonte (MG) e presidente da CNBB, dom Walmor Oliveira de Azevedo, motivou os participantes da Assembleia a entrarem na m\u00edstica do retiro. \u00a0Ele ressaltou que a Igreja est\u00e1 no cora\u00e7\u00e3o do mundo \u201cpara fazer brilhar a luz na presen\u00e7a de Cristo ressuscitado\u201d e que isso n\u00e3o se faz sem uma escuta profunda: \u201cseja sim o caminho dessa manh\u00e3 para todos n\u00f3s nos fortalecendo na unidade e na alegria do caminho\u201d.<\/p>\n<p><img decoding=\"async\" loading=\"lazy\" class=\"aligncenter size-full wp-image-262267\" src=\"https:\/\/www.cnbb.org.br\/wp-content\/uploads\/2021\/04\/58AG-Dom-Walmor-3.jpg\" alt=\"\" width=\"750\" height=\"422\" srcset=\"https:\/\/www.cnbb.org.br\/wp-content\/uploads\/2021\/04\/58AG-Dom-Walmor-3.jpg 750w, https:\/\/www.cnbb.org.br\/wp-content\/uploads\/2021\/04\/58AG-Dom-Walmor-3-300x169.jpg 300w, https:\/\/www.cnbb.org.br\/wp-content\/uploads\/2021\/04\/58AG-Dom-Walmor-3-500x281.jpg 500w\" sizes=\"(max-width: 750px) 100vw, 750px\" \/><\/p>\n<p style=\"text-align: justify;\">Dom Walmor agradeceu \u00e0 disponibilidade do cardeal O\u2019Malley e o destacou como \u201chomem de grande experi\u00eancia de espiritualidade profunda e de grande import\u00e2ncia em toda a Igreja no mundo\u201d<\/p>\n<blockquote>\n<p style=\"text-align: justify;\">\u201cVamos acolher dele palavras que nos ajudem a vivenciar o mist\u00e9rio da nossa f\u00e9 e testemunh\u00e1-lo, fazer experi\u00eancias bonitas de partilhas com muita abertura de cora\u00e7\u00e3o, costurando sempre mais nas diferen\u00e7as a unidade em torno da nossa f\u00e9 intoc\u00e1vel\u201d.<\/p>\n<\/blockquote>\n<p>&nbsp;<\/p>\n<h3 style=\"text-align: justify;\">Medita\u00e7\u00e3o<\/h3>\n<p style=\"text-align: justify;\">O cardeal Sean O\u2019Malley conduziu a primeira reflex\u00e3o a partir da leitura de um trecho do Evangelho de S\u00e3o Lucas (Lc 4, 16-32), quando Jesus fez sua primeira prega\u00e7\u00e3o na Sinagoga de Nazar\u00e9.<\/p>\n<figure id=\"attachment_262270\" aria-describedby=\"caption-attachment-262270\" style=\"width: 1024px\" class=\"wp-caption aligncenter\"><img decoding=\"async\" loading=\"lazy\" class=\"wp-image-262270 size-large\" src=\"https:\/\/www.cnbb.org.br\/wp-content\/uploads\/2021\/04\/participacao-retiro-1024x766.jpeg\" alt=\"\" width=\"1024\" height=\"766\" srcset=\"https:\/\/www.cnbb.org.br\/wp-content\/uploads\/2021\/04\/participacao-retiro-1024x766.jpeg 1024w, https:\/\/www.cnbb.org.br\/wp-content\/uploads\/2021\/04\/participacao-retiro-300x225.jpeg 300w, https:\/\/www.cnbb.org.br\/wp-content\/uploads\/2021\/04\/participacao-retiro-768x575.jpeg 768w, https:\/\/www.cnbb.org.br\/wp-content\/uploads\/2021\/04\/participacao-retiro-500x374.jpeg 500w, https:\/\/www.cnbb.org.br\/wp-content\/uploads\/2021\/04\/participacao-retiro.jpeg 1280w\" sizes=\"(max-width: 1024px) 100vw, 1024px\" \/><figcaption id=\"caption-attachment-262270\" class=\"wp-caption-text\">Participa\u00e7\u00e3o no retiro | Foto: Dom Ricardo Hoepers<\/figcaption><\/figure>\n<blockquote>\n<p style=\"text-align: justify;\">\u201cHoje, nessa medita\u00e7\u00e3o, gostaria de refletir sobre o significado teol\u00f3gico de duas localidades do evangelho. Os evangelhos dizem-nos que a vida de Jesus come\u00e7a em Bel\u00e9m e acaba em Jerusal\u00e9m. No entanto, Jesus passa muito pouco tempo nessas duas cidades. Durante a maior parte da sua vida, Jesus viveu em Nazar\u00e9 e Cafarnaum. Tanto assim que era conhecido como o Nazareno\u201d.<\/p>\n<\/blockquote>\n<p style=\"text-align: justify;\">Citando uma famosa frase usada nos Estados Unidos, mas tamb\u00e9m comum no Brasil, de que a pessoa pode sair do bairro, mas o bairro n\u00e3o sai da pessoa, o cardeal explicou a import\u00e2ncia de Nazar\u00e9 e de Cafarnaum para a identidade e o minist\u00e9rio de Jesus. E assim foi relacionando os primeiros anos de vida e in\u00edcio do minist\u00e9rio p\u00fablico de Jesus com momentos pr\u00f3prios da vida pastoral.<\/p>\n<p style=\"text-align: justify;\">Ao refletir sobre Cafarnaum, onde estava localizada a casa de Pedro, o cardeal O\u2019Malley pontuou que o plano pastoral dos bispos deve sublinhar a import\u00e2ncia de comunidades que sejam de fato a fam\u00edlia de Cristo. \u201cA cultura do encontro e arte do acompanhamento de que tato fala o Papa Francisco, devem caracterizar nossas experi\u00eancias de Cafarnaum\u201d.<\/p>\n<p><img decoding=\"async\" loading=\"lazy\" class=\"aligncenter size-full wp-image-262268\" src=\"https:\/\/www.cnbb.org.br\/wp-content\/uploads\/2021\/04\/WhatsApp-Image-2021-04-15-at-09.18.57.jpeg\" alt=\"\" width=\"1020\" height=\"543\" srcset=\"https:\/\/www.cnbb.org.br\/wp-content\/uploads\/2021\/04\/WhatsApp-Image-2021-04-15-at-09.18.57.jpeg 1020w, https:\/\/www.cnbb.org.br\/wp-content\/uploads\/2021\/04\/WhatsApp-Image-2021-04-15-at-09.18.57-300x160.jpeg 300w, https:\/\/www.cnbb.org.br\/wp-content\/uploads\/2021\/04\/WhatsApp-Image-2021-04-15-at-09.18.57-768x409.jpeg 768w, https:\/\/www.cnbb.org.br\/wp-content\/uploads\/2021\/04\/WhatsApp-Image-2021-04-15-at-09.18.57-500x266.jpeg 500w\" sizes=\"(max-width: 1020px) 100vw, 1020px\" \/><\/p>\n<p>&nbsp;<\/p>\n<h3 style=\"text-align: justify;\">Ora\u00e7\u00e3o pelas v\u00edtimas da pandemia<\/h3>\n<p style=\"text-align: justify;\">Ainda durante a manh\u00e3 desta quinta-feira, o retiro contar\u00e1 com dois momentos de partilha e outra medita\u00e7\u00e3o do cardeal Sean Patrick O\u2019Malley. Os bispos tamb\u00e9m rezam pelas v\u00edtimas da pandemia: <em>\u201cNosso cora\u00e7\u00e3o que se eleva a Deus pedindo for\u00e7as no nosso minist\u00e9rio, nos faz lembrar de todas as ovelhas que sofrem em nossos rebanhos entre as quais as v\u00edtimas da pandemia\u201d<\/em>, motivou o bispo auxiliar do Rio de Janeiro (RJ) e secret\u00e1rio-geral da CNBB, dom Joel Portella Amado.<\/p>\n<p>&nbsp;<\/p>\n<h3>Tarde<\/h3>\n<p>Ap\u00f3s o retiro, no bloco da tarde, os bispos ter\u00e3o a oportunidade de compartilhar os desafios enfrentados em suas localidades em tempos de pandemia. Um grupo de bispos conduzir\u00e1 o in\u00edcio das reflex\u00f5es sobre os aspectos pastorais e pessoais diante da pandemia. Em seguida, os bispos continuar\u00e3o a reflex\u00e3o em grupos, por meio dos Regionais.<\/p>\n","protected":false},"excerpt":{"rendered":"<p>Cardeal O&#8217;Malley \u00e9 da Ordem dos Frades Menores Capuchinos e, atualmente, \u00e9 membro da Congrega\u00e7\u00e3o para os Instituto de Vida Consagrada e as Sociedades de Vida Apost\u00f3lica e do Pontif\u00edcio Conselho para a Fam\u00edlia. Desde o ano passado ele havia se disponibilizado para conduzir o retiro dos bispos do Brasil e, novamente este ano, manteve seu prop\u00f3sito<\/p>\n","protected":false},"author":83,"featured_media":262266,"comment_status":"open","ping_status":"open","sticky":false,"template":"","format":"standard","meta":{"site-sidebar-layout":"default","site-content-layout":"default","ast-global-header-display":"","ast-banner-title-visibility":"","ast-main-header-display":"","ast-hfb-above-header-display":"","ast-hfb-below-header-display":"","ast-hfb-mobile-header-display":"","site-post-title":"","ast-breadcrumbs-content":"","ast-featured-img":"","footer-sml-layout":"","theme-transparent-header-meta":"default","adv-header-id-meta":"","stick-header-meta":"","header-above-stick-meta":"","header-main-stick-meta":"","header-below-stick-meta":""},"categories":[1620,50],"tags":[2246,3553,2392],"acf":[],"_links":{"self":[{"href":"https:\/\/www.cnbb.org.br\/cnbb-app\/wp\/v2\/posts\/262265"}],"collection":[{"href":"https:\/\/www.cnbb.org.br\/cnbb-app\/wp\/v2\/posts"}],"about":[{"href":"https:\/\/www.cnbb.org.br\/cnbb-app\/wp\/v2\/types\/post"}],"author":[{"embeddable":true,"href":"https:\/\/www.cnbb.org.br\/cnbb-app\/wp\/v2\/users\/83"}],"replies":[{"embeddable":true,"href":"https:\/\/www.cnbb.org.br\/cnbb-app\/wp\/v2\/comments?post=262265"}],"version-history":[{"count":0,"href":"https:\/\/www.cnbb.org.br\/cnbb-app\/wp\/v2\/posts\/262265\/revisions"}],"wp:featuredmedia":[{"embeddable":true,"href":"https:\/\/www.cnbb.org.br\/cnbb-app\/wp\/v2\/media\/262266"}],"wp:attachment":[{"href":"https:\/\/www.cnbb.org.br\/cnbb-app\/wp\/v2\/media?parent=262265"}],"wp:term":[{"taxonomy":"category","embeddable":true,"href":"https:\/\/www.cnbb.org.br\/cnbb-app\/wp\/v2\/categories?post=262265"},{"taxonomy":"post_tag","embeddable":true,"href":"https:\/\/www.cnbb.org.br\/cnbb-app\/wp\/v2\/tags?post=262265"}],"curies":[{"name":"wp","href":"https:\/\/api.w.org\/{rel}","templated":true}]}}