{"id":26245,"date":"2012-07-10T00:00:00","date_gmt":"2012-07-10T03:00:00","guid":{"rendered":"https:\/\/www.cnbb.org.br\/criciuma-acolhe-bispos-do-regional-sul-4\/"},"modified":"2012-07-10T00:00:00","modified_gmt":"2012-07-10T03:00:00","slug":"criciuma-acolhe-bispos-do-regional-sul-4","status":"publish","type":"post","link":"https:\/\/www.cnbb.org.br\/criciuma-acolhe-bispos-do-regional-sul-4\/","title":{"rendered":"Crici\u00fama acolhe bispos do Regional Sul 4"},"content":{"rendered":"<p style=\"text-align: justify\">A diocese de Crici\u00fama (SC) acolheu na noite desta segunda-feira, 09 de julho, na Santa Missa realizada \u00e0s 19h na Catedral S\u00e3o Jos\u00e9, sete dos nove bispos e administrador diocesano representantes de todas as dioceses da CNBB Regional Sul 4, que congrega a Igreja em todo o Estado de Santa Catarina.<\/p>\n<p>  <!--more-->  <\/p>\n<p style=\"text-align: justify\">\u201cNosso cora\u00e7\u00e3o se enche de alegria por acolhermos em nosso meio o episcopado catarinense. Aos senhores, nossas boas-vindas! Sintam-se muito bem-vindos \u00e0 Crici\u00fama nessa estada conosco. Que nossa cidade torne-se por essa semana a vossa cidade\u201d, saudou o p\u00e1roco da Par\u00f3quia S\u00e3o Jos\u00e9, padre Antonio J\u00fanior.<\/p>\n<p style=\"text-align: justify\">Presidiu a celebra\u00e7\u00e3o o arcebispo de Florian\u00f3polis e presidente da CNBB Regional Sul 4, dom Wilson Tadeu J\u00f6nck. A Missa foi concelebrada pelo bispo de Crici\u00fama, dom Jacinto Inacio Flach e pelos bispos dom Augustinho Petry (Rio do Sul), dom Irineu Andreassa (Lages), dom Manoel Jo\u00e3o Francisco (Chapec\u00f3), dom M\u00e1rio Marquez (Joa\u00e7aba), dom Severino Clasen (Ca\u00e7ador) e padre S\u00e9rgio Jeremias de Souza (administrador da Diocese de Tubar\u00e3o). Enquanto isso, seguiam viagem ainda dom Irineu Roque Scherer (bispo de Joinville) e dom Jos\u00e9 Negri (bispo de Blumenau).<\/p>\n<p style=\"text-align: justify\"><img decoding=\"async\" loading=\"lazy\" class=\" alignright size-full wp-image-15367\" style=\"float: right\" alt=\"criciuma_bispos\" src=\"https:\/\/www.cnbb.org.br\/wp-content\/uploads\/2020\/03\/criciuma_bispos.jpg\" height=\"200\" width=\"300\" \/>Os bispos permanecer\u00e3o em reuni\u00e3o at\u00e9 quarta-feira, 11, e na quinta e sexta-feiras, participam do encontro do Conselho Regional de Pastoral, na sede Funda\u00e7\u00e3o Shalom da Fam\u00edlia, em Linha Batista, Crici\u00fama. \u201cNo m\u00eas de julho temos a oportunidade de ficar de dois a tr\u00eas dias juntos. Isto para n\u00f3s \u00e9 muito precioso. Vamos revezando as dioceses e agora estamos em Crici\u00fama, o que nos alegra muito, ainda com a presen\u00e7a de todos participando desta Eucaristia\u201d, iniciou a celebra\u00e7\u00e3o, o arcebispo dom Wilson J\u00f6nck.<\/p>\n<p style=\"text-align: justify\">A Missa recordou a mem\u00f3ria de Santa Paulina, a santa brasileira que viveu na Arquidiocese de Florian\u00f3polis. Seu exemplo de vida dedicada \u00e0 Igreja, ao servi\u00e7o de catequizar as crian\u00e7as e cuidar dos doentes foi enfatizado pelo arcebispo, que falou sobre a multid\u00e3o de fi\u00e9is reunida neste fim de semana em Nova Trento (SC), onde celebrou junto \u00e0 comunidade.<\/p>\n<p style=\"text-align: justify\">\u201cNo Evangelho quando h\u00e1 uma manifesta\u00e7\u00e3o, um testemunho de f\u00e9, ali acontece uma maravilha, uma obra de Deus, como vimos hoje na atitude daquele centuri\u00e3o que pede a sa\u00fade de sua filha. Quando somos capazes de expressar nossa f\u00e9, Deus tamb\u00e9m acontece em nossa vida. Atrav\u00e9s de n\u00f3s, Ele quer se fazer presente no mundo. Que nesta festa de Santa Paulina procuremos aprender com ela como viver da f\u00e9\u201d, disse dom Wilson em sua homilia.<\/p>\n<p style=\"text-align: justify\">Ao final da celebra\u00e7\u00e3o, os bispos e administrador diocesano receberam uma lembran\u00e7a da diocese. O arcebispo elogiou a rec\u00e9m-inaugurada obra da Catedral, que privilegia o espa\u00e7o celebrativo. \u201cSe a igreja \u00e9 bonita e acolhedora, mais bonito ainda \u00e9 v\u00ea-la cheia. Isso nos deixa muito contentes. De fato, foi uma bela surpresa e uma grande alegria podermos celebrar nesta noite aqui, ainda mais no dia de nossa Santa Paulina\u201d, enfatizou.<\/p>\n<p style=\"text-align: justify\">\u201cCelebrar numa segunda-feira \u00e0 noite com a Catedral cheia, certamente \u00e9 uma ben\u00e7\u00e3o\u201d, confirmou o bispo da Diocese de Crici\u00fama, Dom Jacinto Inacio Flach, que agradeceu a presen\u00e7a de todos.<\/p>\n","protected":false},"excerpt":{"rendered":"<p>A diocese de Crici\u00fama (SC) acolheu na noite desta segunda-feira, 09 de julho, na Santa Missa realizada \u00e0s 19h na Catedral S\u00e3o Jos\u00e9, sete dos nove bispos e administrador diocesano representantes de todas as dioceses da CNBB Regional Sul 4, que congrega a Igreja em todo o Estado de Santa Catarina.<\/p>\n","protected":false},"author":83,"featured_media":26246,"comment_status":"open","ping_status":"open","sticky":false,"template":"","format":"standard","meta":{"site-sidebar-layout":"default","site-content-layout":"default","ast-global-header-display":"","ast-banner-title-visibility":"","ast-main-header-display":"","ast-hfb-above-header-display":"","ast-hfb-below-header-display":"","ast-hfb-mobile-header-display":"","site-post-title":"","ast-breadcrumbs-content":"","ast-featured-img":"","footer-sml-layout":"","theme-transparent-header-meta":"","adv-header-id-meta":"","stick-header-meta":"","header-above-stick-meta":"","header-main-stick-meta":"","header-below-stick-meta":""},"categories":[769,791],"tags":[],"acf":[],"_links":{"self":[{"href":"https:\/\/www.cnbb.org.br\/cnbb-app\/wp\/v2\/posts\/26245"}],"collection":[{"href":"https:\/\/www.cnbb.org.br\/cnbb-app\/wp\/v2\/posts"}],"about":[{"href":"https:\/\/www.cnbb.org.br\/cnbb-app\/wp\/v2\/types\/post"}],"author":[{"embeddable":true,"href":"https:\/\/www.cnbb.org.br\/cnbb-app\/wp\/v2\/users\/83"}],"replies":[{"embeddable":true,"href":"https:\/\/www.cnbb.org.br\/cnbb-app\/wp\/v2\/comments?post=26245"}],"version-history":[{"count":0,"href":"https:\/\/www.cnbb.org.br\/cnbb-app\/wp\/v2\/posts\/26245\/revisions"}],"wp:featuredmedia":[{"embeddable":true,"href":"https:\/\/www.cnbb.org.br\/cnbb-app\/wp\/v2\/media\/26246"}],"wp:attachment":[{"href":"https:\/\/www.cnbb.org.br\/cnbb-app\/wp\/v2\/media?parent=26245"}],"wp:term":[{"taxonomy":"category","embeddable":true,"href":"https:\/\/www.cnbb.org.br\/cnbb-app\/wp\/v2\/categories?post=26245"},{"taxonomy":"post_tag","embeddable":true,"href":"https:\/\/www.cnbb.org.br\/cnbb-app\/wp\/v2\/tags?post=26245"}],"curies":[{"name":"wp","href":"https:\/\/api.w.org\/{rel}","templated":true}]}}