{"id":26255,"date":"2012-09-26T00:00:00","date_gmt":"2012-09-26T03:00:00","guid":{"rendered":"https:\/\/www.cnbb.org.br\/saudacao-ao-novo-bispo-de-tubarao\/"},"modified":"2012-09-26T00:00:00","modified_gmt":"2012-09-26T03:00:00","slug":"saudacao-ao-novo-bispo-de-tubarao","status":"publish","type":"post","link":"https:\/\/www.cnbb.org.br\/saudacao-ao-novo-bispo-de-tubarao\/","title":{"rendered":"Sauda\u00e7\u00e3o ao novo bispo de Tubar\u00e3o"},"content":{"rendered":"<p style=\"text-align: justify\">A Confer\u00eancia Nacional dos Bispos do Brasil (CNBB) acolhe a nomea\u00e7\u00e3o do novo bispo de Tubar\u00e3o (SC), monsenhor Jo\u00e3o Francisco Salm.\u00a0 A Santa S\u00e9 fez o an\u00fancio na manh\u00e3 desta quarta-feira, dia 26 de setembro de 2012. Agradecemos ao Papa Bento XVI que nos deu essa alegria.<\/p>\n<p><!--more--><\/p>\n<p style=\"text-align: justify\">Monsenhor Jo\u00e3o Francisco Salm \u00e9 catarinense de S\u00e3o Pedro de Alc\u00e2ntara e fez Teologia no Instituto Teol\u00f3gico do seu estado. Al\u00e9m de ter realizado seu minist\u00e9rio como reitor do semin\u00e1rio arquidiocesano em Florian\u00f3polis (SC) e como p\u00e1roco, seu trabalho pastoral tem sido fortemente dedicado \u00e0 forma\u00e7\u00e3o do clero em todas as fases da forma\u00e7\u00e3o presbiteral. Em 2011, quando da transfer\u00eancia de dom Murilo Krieger da arquidiocese de Florian\u00f3polis para Salvador, monsenhor Jo\u00e3o Francisco foi eleito administrador arquidiocesano enquanto a sede estava vacante. Atualmente, exercia a fun\u00e7\u00e3o de ec\u00f4nomo da mesma arquidiocese.<\/p>\n<p style=\"text-align: justify\">Nos unimos \u00e0 Igreja de Tubar\u00e3o para acolher o novo bispo e desejamos que seu minist\u00e9rio seja fecundo e pleno de bons frutos.<\/p>\n<p style=\"text-align: center\"><em><strong>Dom Leonardo Steiner<br \/>\nBispo auxiliar de Bras\u00edlia<br \/>\nSecret\u00e1rio Geral da CNBB<\/strong><\/em><\/p>\n","protected":false},"excerpt":{"rendered":"<p>A Confer\u00eancia Nacional dos Bispos do Brasil (CNBB) acolhe a nomea\u00e7\u00e3o do novo bispo de Tubar\u00e3o (SC), monsenhor Jo\u00e3o Francisco Salm.\u00a0 A Santa S\u00e9 fez o an\u00fancio na manh\u00e3 desta quarta-feira, dia 26 de setembro de 2012. Agradecemos ao Papa Bento XVI que nos deu essa alegria.<\/p>\n","protected":false},"author":83,"featured_media":26256,"comment_status":"open","ping_status":"open","sticky":false,"template":"","format":"standard","meta":{"site-sidebar-layout":"default","site-content-layout":"default","ast-global-header-display":"","ast-banner-title-visibility":"","ast-main-header-display":"","ast-hfb-above-header-display":"","ast-hfb-below-header-display":"","ast-hfb-mobile-header-display":"","site-post-title":"","ast-breadcrumbs-content":"","ast-featured-img":"","footer-sml-layout":"","theme-transparent-header-meta":"","adv-header-id-meta":"","stick-header-meta":"","header-above-stick-meta":"","header-main-stick-meta":"","header-below-stick-meta":""},"categories":[769,791],"tags":[],"acf":[],"_links":{"self":[{"href":"https:\/\/www.cnbb.org.br\/cnbb-app\/wp\/v2\/posts\/26255"}],"collection":[{"href":"https:\/\/www.cnbb.org.br\/cnbb-app\/wp\/v2\/posts"}],"about":[{"href":"https:\/\/www.cnbb.org.br\/cnbb-app\/wp\/v2\/types\/post"}],"author":[{"embeddable":true,"href":"https:\/\/www.cnbb.org.br\/cnbb-app\/wp\/v2\/users\/83"}],"replies":[{"embeddable":true,"href":"https:\/\/www.cnbb.org.br\/cnbb-app\/wp\/v2\/comments?post=26255"}],"version-history":[{"count":0,"href":"https:\/\/www.cnbb.org.br\/cnbb-app\/wp\/v2\/posts\/26255\/revisions"}],"wp:featuredmedia":[{"embeddable":true,"href":"https:\/\/www.cnbb.org.br\/cnbb-app\/wp\/v2\/media\/26256"}],"wp:attachment":[{"href":"https:\/\/www.cnbb.org.br\/cnbb-app\/wp\/v2\/media?parent=26255"}],"wp:term":[{"taxonomy":"category","embeddable":true,"href":"https:\/\/www.cnbb.org.br\/cnbb-app\/wp\/v2\/categories?post=26255"},{"taxonomy":"post_tag","embeddable":true,"href":"https:\/\/www.cnbb.org.br\/cnbb-app\/wp\/v2\/tags?post=26255"}],"curies":[{"name":"wp","href":"https:\/\/api.w.org\/{rel}","templated":true}]}}