{"id":26257,"date":"2012-09-28T00:00:00","date_gmt":"2012-09-28T03:00:00","guid":{"rendered":"https:\/\/www.cnbb.org.br\/definida-a-data-de-ordenacao-e-posse-do-bispo-de-tubarao\/"},"modified":"2012-09-28T00:00:00","modified_gmt":"2012-09-28T03:00:00","slug":"definida-a-data-de-ordenacao-e-posse-do-bispo-de-tubarao","status":"publish","type":"post","link":"https:\/\/www.cnbb.org.br\/definida-a-data-de-ordenacao-e-posse-do-bispo-de-tubarao\/","title":{"rendered":"Definida a data de ordena\u00e7\u00e3o e posse do bispo de Tubar\u00e3o"},"content":{"rendered":"<p style=\"text-align: justify\">Foi anunciada na tarde de ontem, 27 de setembro, a data de ordena\u00e7\u00e3o episcopal e posse do novo bispo de Tubar\u00e3o, monsenhor Jo\u00e3o Francisco Salm. Ser\u00e1 no dia 24 de novembro, s\u00e1bado, \u00e0s 9h, na Catedral de Tubar\u00e3o.<\/p>\n<p><!--more--><\/p>\n<p style=\"text-align: justify\">A diocese estava vacante desde o dia 28 de setembro de 2011, quando dom Wilson Tadeu J\u00f6nck, foi nomeado arcebispo de Florian\u00f3polis. Nesse per\u00edodo, o padre S\u00e9rgio Geremias de Souza assumiu a fun\u00e7\u00e3o de administrador diocesano.<\/p>\n<p style=\"text-align: justify\">Monsenhor Salm tem 59 anos e \u00e9 padre h\u00e1 33 anos. A maior parte do seu minist\u00e9rio presbiteral foi dedicada a forma\u00e7\u00e3o de novos presb\u00edteros, atuando nos semin\u00e1rios da arquidiocese como professor, orientador e reitor. Mas tamb\u00e9m foi coordenador de Pastoral e p\u00e1roco.<\/p>\n<p style=\"text-align: justify\">Em 2011, com a nomea\u00e7\u00e3o de dom Murilo Krieger para arcebispo de Salvador, assumiu como foi administrador arquidiocesano da arquidiocese de Florian\u00f3polis, fun\u00e7\u00e3o que desempenhou por oito meses.<\/p>\n<p style=\"text-align: justify\">Desde novembro de 2011, \u00e9 ec\u00f4nomo arquidiocesano e coordenador da C\u00faria Metropolitana da arquidiocese de Florian\u00f3polis.<\/p>\n<p style=\"text-align: justify\">Tubar\u00e3o \u00e9 uma das dez dioceses do estado. Ela foi criada pelo papa Pio XII, em 1955, desmembrada da arquidiocese de Florian\u00f3polis e abrangia todo o sul do estado de Santa Catarina. Mais tarde cedeu parte do seu territ\u00f3rio para a cria\u00e7\u00e3o da diocese de Crici\u00fama.<\/p>\n","protected":false},"excerpt":{"rendered":"<p>Foi anunciada na tarde de ontem, 27 de setembro, a data de ordena\u00e7\u00e3o episcopal e posse do novo bispo de Tubar\u00e3o, monsenhor Jo\u00e3o Francisco Salm. Ser\u00e1 no dia 24 de novembro, s\u00e1bado, \u00e0s 9h, na Catedral de Tubar\u00e3o.<\/p>\n","protected":false},"author":83,"featured_media":26256,"comment_status":"open","ping_status":"open","sticky":false,"template":"","format":"standard","meta":{"site-sidebar-layout":"default","site-content-layout":"default","ast-global-header-display":"","ast-banner-title-visibility":"","ast-main-header-display":"","ast-hfb-above-header-display":"","ast-hfb-below-header-display":"","ast-hfb-mobile-header-display":"","site-post-title":"","ast-breadcrumbs-content":"","ast-featured-img":"","footer-sml-layout":"","theme-transparent-header-meta":"","adv-header-id-meta":"","stick-header-meta":"","header-above-stick-meta":"","header-main-stick-meta":"","header-below-stick-meta":""},"categories":[769,791],"tags":[],"acf":[],"_links":{"self":[{"href":"https:\/\/www.cnbb.org.br\/cnbb-app\/wp\/v2\/posts\/26257"}],"collection":[{"href":"https:\/\/www.cnbb.org.br\/cnbb-app\/wp\/v2\/posts"}],"about":[{"href":"https:\/\/www.cnbb.org.br\/cnbb-app\/wp\/v2\/types\/post"}],"author":[{"embeddable":true,"href":"https:\/\/www.cnbb.org.br\/cnbb-app\/wp\/v2\/users\/83"}],"replies":[{"embeddable":true,"href":"https:\/\/www.cnbb.org.br\/cnbb-app\/wp\/v2\/comments?post=26257"}],"version-history":[{"count":0,"href":"https:\/\/www.cnbb.org.br\/cnbb-app\/wp\/v2\/posts\/26257\/revisions"}],"wp:featuredmedia":[{"embeddable":true,"href":"https:\/\/www.cnbb.org.br\/cnbb-app\/wp\/v2\/media\/26256"}],"wp:attachment":[{"href":"https:\/\/www.cnbb.org.br\/cnbb-app\/wp\/v2\/media?parent=26257"}],"wp:term":[{"taxonomy":"category","embeddable":true,"href":"https:\/\/www.cnbb.org.br\/cnbb-app\/wp\/v2\/categories?post=26257"},{"taxonomy":"post_tag","embeddable":true,"href":"https:\/\/www.cnbb.org.br\/cnbb-app\/wp\/v2\/tags?post=26257"}],"curies":[{"name":"wp","href":"https:\/\/api.w.org\/{rel}","templated":true}]}}