{"id":26258,"date":"2012-10-17T00:00:00","date_gmt":"2012-10-17T03:00:00","guid":{"rendered":"https:\/\/www.cnbb.org.br\/conselho-missionario-do-regional-sul-4-renova-seu-ardor-missionario\/"},"modified":"2012-10-17T00:00:00","modified_gmt":"2012-10-17T03:00:00","slug":"conselho-missionario-do-regional-sul-4-renova-seu-ardor-missionario","status":"publish","type":"post","link":"https:\/\/www.cnbb.org.br\/conselho-missionario-do-regional-sul-4-renova-seu-ardor-missionario\/","title":{"rendered":"Conselho Mission\u00e1rio do Regional Sul 4 renova seu ardor mission\u00e1rio"},"content":{"rendered":"<p style=\"text-align: justify\">Teve in\u00edcio, na manh\u00e3 de ter\u00e7a-feira, 16 de outubro, no Semin\u00e1rio M\u00e3e de Jesus, em Blumenau (SC), a reuni\u00e3o do Conselho Mission\u00e1rio do Regional Sul 4 da CNBB (Santa Catarina). Aproximadamente 26 pessoas, representantes das dioceses catarinenses, est\u00e3o reunidos ali, com a presen\u00e7a do bispo referencial, dom Jos\u00e9 Negri, na ora\u00e7\u00e3o, estudo, revis\u00e3o, planejamento e conviv\u00eancia fraterna, animando a dimens\u00e3o mission\u00e1ria na Igreja em Santa Catarina.<\/p>\n<p>  <!--more-->  <\/p>\n<p style=\"text-align: justify\">A miss\u00e3o no Concilio Vaticano II foi o tema de estudo naquela manh\u00e3, que contou ainda com reflex\u00f5es sobre a coordena\u00e7\u00e3o do Conselho Mission\u00e1rio Regional (COMIRE), o calend\u00e1rio de 2013 (com destaque para o\u00a0 CAM4\/COMLA9), partilha dos cronogramas das dioceses para 2013, a recupera\u00e7\u00e3o e\/ou fortalecimento do projeto Igrejas-Irm\u00e3s e outros projetos mission\u00e1rios (Cf. Carta da Comiss\u00e3o Especial para a Miss\u00e3o Continental), avalia\u00e7\u00e3o da caminhada de 2012 e outros assuntos.<\/p>\n<p style=\"text-align: justify\">No dia de hoje, 17 de outubro, ser\u00e1 dedicada \u00e0 finaliza\u00e7\u00e3o da agenda do COMIRE-SC para 2013, escolha de um substituto para a coordena\u00e7\u00e3o regional e avisos importantes sobre: o encontro Nacional da Miss\u00e3o Continental, de 19 a 23 de novembro, em Bras\u00edlia; a Assembleia do COMINA, de 1\u00ba a 03 de mar\u00e7o de 2013, da qual participar\u00e3o todos os representantes de COMIRE, em Bras\u00edlia; ano da Inf\u00e2ncia e Adolesc\u00eancia Mission\u00e1ria, de maio de 2013 a maio de 2014.<\/p>\n<p style=\"text-align: justify\">O t\u00e9rmino do encontro est\u00e1 previsto para o meio dia deste dia 17 e ter\u00e1 uma celebra\u00e7\u00e3o de envio dos membros do COMIRE, que retornam para as suas dioceses certamente com ardor mission\u00e1rio renovado.<\/p>\n","protected":false},"excerpt":{"rendered":"<p>Teve in\u00edcio, na manh\u00e3 de ter\u00e7a-feira, 16 de outubro, no Semin\u00e1rio M\u00e3e de Jesus, em Blumenau (SC), a reuni\u00e3o do Conselho Mission\u00e1rio do Regional Sul 4 da CNBB (Santa Catarina). Aproximadamente 26 pessoas, representantes das dioceses catarinenses, est\u00e3o reunidos ali, com a presen\u00e7a do bispo referencial, dom Jos\u00e9 Negri, na ora\u00e7\u00e3o, estudo, revis\u00e3o, planejamento e &hellip;<\/p>\n<p class=\"read-more\"> <a class=\"\" href=\"https:\/\/www.cnbb.org.br\/conselho-missionario-do-regional-sul-4-renova-seu-ardor-missionario\/\"> <span class=\"screen-reader-text\">Conselho Mission\u00e1rio do Regional Sul 4 renova seu ardor mission\u00e1rio<\/span> Leia mais &raquo;<\/a><\/p>\n","protected":false},"author":83,"featured_media":26259,"comment_status":"open","ping_status":"open","sticky":false,"template":"","format":"standard","meta":{"site-sidebar-layout":"default","site-content-layout":"default","ast-global-header-display":"","ast-banner-title-visibility":"","ast-main-header-display":"","ast-hfb-above-header-display":"","ast-hfb-below-header-display":"","ast-hfb-mobile-header-display":"","site-post-title":"","ast-breadcrumbs-content":"","ast-featured-img":"","footer-sml-layout":"","theme-transparent-header-meta":"","adv-header-id-meta":"","stick-header-meta":"","header-above-stick-meta":"","header-main-stick-meta":"","header-below-stick-meta":""},"categories":[769,791],"tags":[],"acf":[],"_links":{"self":[{"href":"https:\/\/www.cnbb.org.br\/cnbb-app\/wp\/v2\/posts\/26258"}],"collection":[{"href":"https:\/\/www.cnbb.org.br\/cnbb-app\/wp\/v2\/posts"}],"about":[{"href":"https:\/\/www.cnbb.org.br\/cnbb-app\/wp\/v2\/types\/post"}],"author":[{"embeddable":true,"href":"https:\/\/www.cnbb.org.br\/cnbb-app\/wp\/v2\/users\/83"}],"replies":[{"embeddable":true,"href":"https:\/\/www.cnbb.org.br\/cnbb-app\/wp\/v2\/comments?post=26258"}],"version-history":[{"count":0,"href":"https:\/\/www.cnbb.org.br\/cnbb-app\/wp\/v2\/posts\/26258\/revisions"}],"wp:featuredmedia":[{"embeddable":true,"href":"https:\/\/www.cnbb.org.br\/cnbb-app\/wp\/v2\/media\/26259"}],"wp:attachment":[{"href":"https:\/\/www.cnbb.org.br\/cnbb-app\/wp\/v2\/media?parent=26258"}],"wp:term":[{"taxonomy":"category","embeddable":true,"href":"https:\/\/www.cnbb.org.br\/cnbb-app\/wp\/v2\/categories?post=26258"},{"taxonomy":"post_tag","embeddable":true,"href":"https:\/\/www.cnbb.org.br\/cnbb-app\/wp\/v2\/tags?post=26258"}],"curies":[{"name":"wp","href":"https:\/\/api.w.org\/{rel}","templated":true}]}}