{"id":26268,"date":"2013-03-25T00:00:00","date_gmt":"2013-03-25T03:00:00","guid":{"rendered":"https:\/\/www.cnbb.org.br\/diocese-de-tubarao-promove-atualizacao-do-sistema-de-gestao-canonico-pastoral\/"},"modified":"2013-03-25T00:00:00","modified_gmt":"2013-03-25T03:00:00","slug":"diocese-de-tubarao-promove-atualizacao-do-sistema-de-gestao-canonico-pastoral","status":"publish","type":"post","link":"https:\/\/www.cnbb.org.br\/diocese-de-tubarao-promove-atualizacao-do-sistema-de-gestao-canonico-pastoral\/","title":{"rendered":"Diocese de Tubar\u00e3o promove atualiza\u00e7\u00e3o do Sistema de Gest\u00e3o Can\u00f4nico Pastoral"},"content":{"rendered":"<p style=\"text-align: justify\">A coordena\u00e7\u00e3o de Pastoral da diocese de Tubar\u00e3o (SC) promoveu no dia 21 de mar\u00e7o, na Casa de encontros dos Anselmo (CEDA), um curso de capacita\u00e7\u00e3o para atendentes paroquiais e padres, para o uso do programa de Sistema de Gest\u00e3o Can\u00f4nico Pastoral (SGCP).<\/p>\n<p><!--more--><\/p>\n<p style=\"text-align: justify\">O objetivo do curso foi melhorar a comunica\u00e7\u00e3o e intera\u00e7\u00e3o eletr\u00f4nica das par\u00f3quias entre si e com a c\u00faria. Durante o curso os participantes aprenderam como utilizar o programa e sanaram d\u00favidas a respeito da atividade.<\/p>\n<p style=\"text-align: justify\">O bispo da diocese de Tubar\u00e3o (SC), dom Jo\u00e3o Francisco Salm tamb\u00e9m esteve presente e destacou que \u201c\u00e9 impens\u00e1vel trabalhar em qualquer institui\u00e7\u00e3o, hoje, e n\u00e3o saber lidar com a tecnologia, os benef\u00edcios oferecidos pela inform\u00e1tica\u201d.<\/p>\n<p style=\"text-align: justify\">A pr\u00f3xima etapa do curso est\u00e1 prevista para o dia 8 de agosto.<\/p>\n","protected":false},"excerpt":{"rendered":"<p>A coordena\u00e7\u00e3o de Pastoral da diocese de Tubar\u00e3o (SC) promoveu no dia 21 de mar\u00e7o, na Casa de encontros dos Anselmo (CEDA), um curso de capacita\u00e7\u00e3o para atendentes paroquiais e padres, para o uso do programa de Sistema de Gest\u00e3o Can\u00f4nico Pastoral (SGCP).<\/p>\n","protected":false},"author":83,"featured_media":26269,"comment_status":"open","ping_status":"open","sticky":false,"template":"","format":"standard","meta":{"site-sidebar-layout":"default","site-content-layout":"default","ast-global-header-display":"","ast-banner-title-visibility":"","ast-main-header-display":"","ast-hfb-above-header-display":"","ast-hfb-below-header-display":"","ast-hfb-mobile-header-display":"","site-post-title":"","ast-breadcrumbs-content":"","ast-featured-img":"","footer-sml-layout":"","theme-transparent-header-meta":"","adv-header-id-meta":"","stick-header-meta":"","header-above-stick-meta":"","header-main-stick-meta":"","header-below-stick-meta":""},"categories":[769,791],"tags":[],"acf":[],"_links":{"self":[{"href":"https:\/\/www.cnbb.org.br\/cnbb-app\/wp\/v2\/posts\/26268"}],"collection":[{"href":"https:\/\/www.cnbb.org.br\/cnbb-app\/wp\/v2\/posts"}],"about":[{"href":"https:\/\/www.cnbb.org.br\/cnbb-app\/wp\/v2\/types\/post"}],"author":[{"embeddable":true,"href":"https:\/\/www.cnbb.org.br\/cnbb-app\/wp\/v2\/users\/83"}],"replies":[{"embeddable":true,"href":"https:\/\/www.cnbb.org.br\/cnbb-app\/wp\/v2\/comments?post=26268"}],"version-history":[{"count":0,"href":"https:\/\/www.cnbb.org.br\/cnbb-app\/wp\/v2\/posts\/26268\/revisions"}],"wp:featuredmedia":[{"embeddable":true,"href":"https:\/\/www.cnbb.org.br\/cnbb-app\/wp\/v2\/media\/26269"}],"wp:attachment":[{"href":"https:\/\/www.cnbb.org.br\/cnbb-app\/wp\/v2\/media?parent=26268"}],"wp:term":[{"taxonomy":"category","embeddable":true,"href":"https:\/\/www.cnbb.org.br\/cnbb-app\/wp\/v2\/categories?post=26268"},{"taxonomy":"post_tag","embeddable":true,"href":"https:\/\/www.cnbb.org.br\/cnbb-app\/wp\/v2\/tags?post=26268"}],"curies":[{"name":"wp","href":"https:\/\/api.w.org\/{rel}","templated":true}]}}