{"id":262687,"date":"2021-04-22T10:40:43","date_gmt":"2021-04-22T13:40:43","guid":{"rendered":"https:\/\/www.cnbb.org.br\/?p=262687"},"modified":"2021-04-22T10:40:43","modified_gmt":"2021-04-22T13:40:43","slug":"dom-ricardo-dia-mundial-dos-avos","status":"publish","type":"post","link":"https:\/\/www.cnbb.org.br\/dom-ricardo-dia-mundial-dos-avos\/","title":{"rendered":"Dom Ricardo motiva celebra\u00e7\u00e3o do I Dia Mundial dos Av\u00f3s: &#8220;Sejamos fortalecidos por este dia&#8221;"},"content":{"rendered":"<p><em>\u201cEu estou contigo todos os dias\u201d (Mt 28,20).<\/em> Este \u00e9 o tema do I Dia Mundial dos Av\u00f3s, escolhido pelo Papa Francisco e divulgado pelo Dicast\u00e9rio para os Leigos, a Fam\u00edlia e a Vida, na \u00faltima ter\u00e7a-feira, 20 de abril. A data ser\u00e1 celebrada no quarto domingo de julho deste ano (dia 25).\u00a0O bispo de Rio Grande (RS) e presidente da Comiss\u00e3o Episcopal Pastoral para a Vida e a Fam\u00edlia da Confer\u00eancia Nacional dos Bispos do Brasil (CNBB), dom Ricardo Hoepers, manifestou a alegria da P<span style=\"font-size: 16px;\">astoral Familiar, da qual \u00e9 referencial, e da pr\u00f3pria Comiss\u00e3o Vida e Fam\u00edlia com a data convocada pelo Papa Francisco: &#8220;<\/span><span style=\"font-size: 16px;\">De fato, como fam\u00edlia, temos que fortalecer os v\u00ednculos, o amor entre as gera\u00e7\u00f5es. E os idosos, nossos av\u00f3s, t\u00eam muito a nos ensinar&#8221;. <\/span><\/p>\n<p><span style=\"font-size: 16px;\">&#8220;<em>Sejamos fortalecidos por este dia, vamos nos confraternizar, vamos unir nossas fam\u00edlias, vamos rezar pelos nossos idosos, mas tamb\u00e9m que cada\u00a0 idoso e que cada vov\u00f4 e vov\u00f3 possam ser evangelizadores com tanta sabedoria, com tanto vigor, com tanto dinamismo e com tanta energia que os av\u00f3s t\u00eam hoje n\u00f3s temos muito que aprender deles<\/em>&#8220;, motivou o bispo.<\/span><\/p>\n<p>A institui\u00e7\u00e3o do Dia Mundial dos Av\u00f3s \u00e9 considera &#8220;o primeiro fruto do Ano Fam\u00edlia Amoris Laetitia, um dom a toda a Igreja que se vai manter ao longo dos anos&#8221;, segundo o prefeito do Dicast\u00e9rio para os Leigos, a Fam\u00edlia e a Vida do Vaticano, cardeal Kevin Farrel.<\/p>\n<p><span style=\"font-size: 16px;\">O tema deste primeiro Dia Mundial dos Idosos tem a finalidade de expressar a proximidade de Deus e da Igreja na vida de cada idoso, especialmente neste momento de pandemia. \u201c\u2018Estou convosco todos os dias\u2019 \u00e9 tamb\u00e9m uma promessa de proximidade e esperan\u00e7a que jovens e adultos se possam expressar. Com efeito, n\u00e3o s\u00f3 os netos e os jovens s\u00e3o chamados a fazer-se presentes na vida dos idosos, mas tamb\u00e9m os idosos e os av\u00f3s t\u00eam uma miss\u00e3o evangelizadora, de an\u00fancio, de ora\u00e7\u00e3o e de gera\u00e7\u00e3o de jovens \u00e0 f\u00e9\u2019, diz a nota publicada pelo Dicast\u00e9rio.<\/span><\/p>\n<p>Para incentivar a celebra\u00e7\u00e3o do Dia 25 de julho nas igrejas, o Vaticano vai disponibilizar alguns subs\u00eddios pastorais a partir de meados de junho que estar\u00e3o dispon\u00edveis no <a href=\"http:\/\/www.laityfamilylife.va\/content\/laityfamilylife\/pt\/amoris-laetitia.html\" target=\"_blank\" rel=\"noopener\">site do Ano Fam\u00edlia Amoris Laetitia<\/a>.<\/p>\n<p>Confira o v\u00eddeo de Dom Ricardo Hoepers:<\/p>\n<p>&nbsp;<\/p>\n<figure class=\"wp-block-embed aligncenter is-type-video is-provider-youtube wp-block-embed-youtube wp-embed-aspect-4-3 wp-has-aspect-ratio\">\n<div class=\"wp-block-embed__wrapper\"><iframe loading=\"lazy\" title=\"Tema do Dia Mundial dos Av\u00f3s - Dom Ricardo Hoepers\" src=\"https:\/\/www.youtube.com\/embed\/A9Td8m4HYfQ?feature=oembed\" width=\"500\" height=\"375\" frameborder=\"0\" allowfullscreen=\"allowfullscreen\" data-mce-fragment=\"1\"><\/iframe><\/div><figcaption>Dom Ricardo Hoepers comenta sobre o tema do Dia Mundial dos Av\u00f3s<\/figcaption><\/figure>\n<p>&nbsp;<\/p>\n<h3><strong>Ano Fam\u00edlia Amoris Laetitia<\/strong><\/h3>\n<p>O Dia Mundial dos Av\u00f3s e uma das iniciativas propostas pela Igreja para celebrar o Ano Fam\u00edlia <em>Amoris Laetitia<\/em>, proposto pelo Papa Francisco no final de 2020. Ele ser\u00e1 realizado at\u00e9 26 de junho de 2022, quando ocorre o X Encontro Mundial das Fam\u00edlias, em Roma, com o Santo Padre.<\/p>\n<p>Os objetivos do Ano Fam\u00edlia Amoris Laetitia anunciado pelo Papa s\u00e3o: difundir o conte\u00fado da exorta\u00e7\u00e3o apost\u00f3lica; anunciar que o sacramento do matrim\u00f4nio \u00e9 um dom; fazer da fam\u00edlia protagonista da pastoral familiar; sensibilizar os jovens; e, ampliar o olhar e a a\u00e7\u00e3o da Pastoral Familiar.<\/p>\n<p>A Comiss\u00e3o Vida e Fam\u00edlia da CNBB preparou um hotsite sobre o assunto explicando o projeto, os objetivos e trazendo os passos e a programa\u00e7\u00e3o. Tamb\u00e9m \u00e9 poss\u00edvel partilhar sua experi\u00eancia do amor na fam\u00edlia. Acesse:\u00a0<a href=\"http:\/\/www.vidaefamilia.org.br\/al\" target=\"_blank\" rel=\"noopener\">www.vidaefamilia.org.br\/al<\/a><\/p>\n","protected":false},"excerpt":{"rendered":"<p>Celebra\u00e7\u00e3o do primeiro Dia Mundial dos Av\u00f3s ser\u00e1 no dia 25 de julho. Iniciativa est\u00e1 dentro das a\u00e7\u00f5es do Ano Fam\u00edlia Amoris Laetitia. Bispo de Rio Grande (RS) e presidente da Comiss\u00e3o Episcopal Pastoral para a Vida e a Fam\u00edlia da CNBB, dom Ricardo Hoepers manifestou a alegria com a data convocada pelo Papa Francisco: &#8220;De fato, como fam\u00edlia, temos que fortalecer os v\u00ednculos, o amor entre as gera\u00e7\u00f5es. E os idosos, nossos av\u00f3s, t\u00eam muito a nos ensinar&#8221;<\/p>\n","protected":false},"author":83,"featured_media":243892,"comment_status":"open","ping_status":"open","sticky":false,"template":"","format":"standard","meta":{"site-sidebar-layout":"default","site-content-layout":"default","ast-global-header-display":"","ast-banner-title-visibility":"","ast-main-header-display":"","ast-hfb-above-header-display":"","ast-hfb-below-header-display":"","ast-hfb-mobile-header-display":"","site-post-title":"","ast-breadcrumbs-content":"","ast-featured-img":"","footer-sml-layout":"","theme-transparent-header-meta":"default","adv-header-id-meta":"","stick-header-meta":"","header-above-stick-meta":"","header-main-stick-meta":"","header-below-stick-meta":""},"categories":[50,777],"tags":[3472,3359,2137],"acf":[],"_links":{"self":[{"href":"https:\/\/www.cnbb.org.br\/cnbb-app\/wp\/v2\/posts\/262687"}],"collection":[{"href":"https:\/\/www.cnbb.org.br\/cnbb-app\/wp\/v2\/posts"}],"about":[{"href":"https:\/\/www.cnbb.org.br\/cnbb-app\/wp\/v2\/types\/post"}],"author":[{"embeddable":true,"href":"https:\/\/www.cnbb.org.br\/cnbb-app\/wp\/v2\/users\/83"}],"replies":[{"embeddable":true,"href":"https:\/\/www.cnbb.org.br\/cnbb-app\/wp\/v2\/comments?post=262687"}],"version-history":[{"count":0,"href":"https:\/\/www.cnbb.org.br\/cnbb-app\/wp\/v2\/posts\/262687\/revisions"}],"wp:featuredmedia":[{"embeddable":true,"href":"https:\/\/www.cnbb.org.br\/cnbb-app\/wp\/v2\/media\/243892"}],"wp:attachment":[{"href":"https:\/\/www.cnbb.org.br\/cnbb-app\/wp\/v2\/media?parent=262687"}],"wp:term":[{"taxonomy":"category","embeddable":true,"href":"https:\/\/www.cnbb.org.br\/cnbb-app\/wp\/v2\/categories?post=262687"},{"taxonomy":"post_tag","embeddable":true,"href":"https:\/\/www.cnbb.org.br\/cnbb-app\/wp\/v2\/tags?post=262687"}],"curies":[{"name":"wp","href":"https:\/\/api.w.org\/{rel}","templated":true}]}}