{"id":262743,"date":"2021-04-23T10:43:06","date_gmt":"2021-04-23T13:43:06","guid":{"rendered":"https:\/\/www.cnbb.org.br\/?p=262743"},"modified":"2021-04-23T10:43:38","modified_gmt":"2021-04-23T13:43:38","slug":"aparicoes-do-ressuscitado","status":"publish","type":"post","link":"https:\/\/www.cnbb.org.br\/aparicoes-do-ressuscitado\/","title":{"rendered":"Apari\u00e7\u00f5es do Ressuscitado"},"content":{"rendered":"<p style=\"text-align: right;\"><strong>Dom Genival Saraiva<\/strong><br \/>\n<strong>Bispo Em\u00e9rito de Palmares (PE)<\/strong><\/p>\n<p style=\"text-align: justify;\">\n<p style=\"text-align: justify;\">A comunidade crist\u00e3 vive o Tempo Pascal, que se estende at\u00e9 Pentecostes, como \u201cuma primavera espiritual.\u201d Desde o Domingo da P\u00e1scoa, a Liturgia \u201ccelebra os diversos modos da presen\u00e7a e manifesta\u00e7\u00e3o do Senhor ressuscitado na sua Igreja. No segundo domingo da P\u00e1scoa, a apari\u00e7\u00e3o do Senhor no meio dos seus consagra o ritmo dominical da sua presen\u00e7a no meio da assembleia festiva dos fi\u00e9is [&#8230;] No terceiro domingo, reconhecemos o Senhor na fra\u00e7\u00e3o do p\u00e3o. Est\u00e1 presente no meio de n\u00f3s atrav\u00e9s dos sinais sacramentais. No quarto domingo o bom Pastor nos manifesta o mist\u00e9rio da presen\u00e7a do Cristo nos pastores de sua Igreja. No quinto domingo a caridade fraterna \u00e9 vista como manifesta\u00e7\u00e3o de Jesus ressuscitado [&#8230;] No sexto domingo Jesus promete o seu Esp\u00edrito como princ\u00edpio da vida pascal da Igreja e de todo crist\u00e3o [&#8230;] No dia da Ascens\u00e3o (s\u00e9timo domingo), Jesus, antes de subir ao Pai, envia ao mundo suas testemunhas; elas e todo o povo prof\u00e9tico manifestar\u00e3o Jesus Cristo salvador. Em Pentecostes: o Esp\u00edrito Santo realiza a plenitude da P\u00e1scoa de Cristo por meio da Igreja. Impelidos pela for\u00e7a de Jesus e pela f\u00e9, os Ap\u00f3stolos partem para sua miss\u00e3o no mundo.\u201d<\/p>\n<p style=\"text-align: justify;\">S\u00e3o Paulo refere-se ao mist\u00e9rio de Cristo, mist\u00e9rio que \u201cele manteve escondido desde s\u00e9culos e por in\u00fameras gera\u00e7\u00f5es e que, agora, acaba de manifestar aos seus santos.\u201d (Cl 1,26) As apari\u00e7\u00f5es de Jesus a disc\u00edpulas, disc\u00edpulos e ap\u00f3stolos, \u201cseus santos\u201d, s\u00e3o manifesta\u00e7\u00f5es do mist\u00e9rio de sua Ressurrei\u00e7\u00e3o. Jesus os torna testemunhas privilegiadas da Ressurrei\u00e7\u00e3o e, nessa condi\u00e7\u00e3o, eles \u201cpartem para sua miss\u00e3o no mundo.\u201d Nas diversas manifesta\u00e7\u00f5es de Jesus ressuscitado evidenciam-se, de um lado, os limites humanos e espirituais desses seus seguidores mais pr\u00f3ximos e, de outro, as propriedades do corpo ressuscitado. Entre os disc\u00edpulos e Jesus ressuscitado, a diferen\u00e7a de condi\u00e7\u00e3o \u00e9 abismal, a dist\u00e2ncia de natureza \u00e9 insond\u00e1vel. Obviamente, essa realidade j\u00e1 se manifestava no an\u00fancio do Reino, por exemplo, quando Jesus fez milagres, caminhou sobre as \u00e1guas. A dimens\u00e3o desse mist\u00e9rio, por\u00e9m, adquiriu sua exata medida nas apari\u00e7\u00f5es de Jesus Ressuscitado, demonstrando, assim, que se tratava da mesma pessoa. Jesus aparece a eles em dias, lugares e circunst\u00e2ncias diferentes e, em nenhum desses momentos, \u00e9 reconhecido. Na express\u00e3o de um autor, Jesus aparece \u201cem situa\u00e7\u00f5es inusitadas\u201d. Com efeito, aparece \u00e0s mulheres, \u201cna madrugada do primeiro dia ap\u00f3s o s\u00e1bado\u201d, \u00e0 tarde, aos disc\u00edpulos de Ema\u00fas e, ao \u201canoitecer daquele dia\u201d, aos ap\u00f3stolos, onde se encontravam, com portas fechadas, \u201cpor medo dos judeus\u201d. Depois, \u201cJesus apareceu de novo aos disc\u00edpulos, \u00e0 beira do mar de Tiber\u00edades.\u201d Conforme o autor, Jesus aparece \u201cem figuras igualmente inusitadas.\u201d Figura de \u201cjardineiro\u201d, de \u201candarilho\u201d, de \u201cfantasma\u201d, de \u201cpedinte\u201d de comida. \u201cTudo isso para nos mostrar que ele se revela ressuscitado no cotidiano de nossa vida, no rosto de pessoas simples, basta termos a sensibilidade para perceb\u00ea-lo\u201d. Embora todas tenham essa natureza, a apari\u00e7\u00e3o a Tom\u00e9 \u00e9 emblem\u00e1tica, particularmente, porque \u201cserve de exemplo para outros tipos de situa\u00e7\u00f5es.\u201d Nesse sentido, considere-se a palavra que lhe dirigiu Jesus: \u2013 \u201cAcreditaste porque me viste? Bem-aventurados os que creram sem terem visto\u201d. Na verdade, a posi\u00e7\u00e3o de Tom\u00e9 revela, primeiramente, uma incredulidade no testemunho dos ap\u00f3stolos \u2013 \u201cVimos o Senhor\u201d! Por isso, \u201ca fraqueza de Tom\u00e9 est\u00e1 no querer ser o crit\u00e9rio individual para crer: \u2018Se eu n\u00e3o vir a marca dos pregos em suas m\u00e3os, se eu n\u00e3o puser o dedo nas marcas dos pregos e n\u00e3o puser a m\u00e3o no seu lado, n\u00e3o acreditarei.\u2019\u201d (Jo 20,25) Um autor l\u00ea, dessa maneira, a atitude de Tom\u00e9: \u201cdemonstra uma incredulidade honesta, mas ao mesmo tempo prepara-se para assumir uma f\u00e9 l\u00facida\u201d.<\/p>\n<p style=\"text-align: justify;\">A catequese da Igreja sempre ensinou que a virtude teologal da f\u00e9, primeiramente, \u00e9 f\u00e9 em Jesus ressuscitado, \u00e9 o n\u00facleo b\u00e1sico do an\u00fancio da Boa Nova. \u201cE se Cristo n\u00e3o ressuscitou, vazia \u00e9 nossa prega\u00e7\u00e3o, e vazia tamb\u00e9m \u00e9 a f\u00e9 que voc\u00eas t\u00eam.\u201d (1Cor 15,14). A f\u00e9 \u00e9 uma experi\u00eancia herdada da comunidade crist\u00e3. A doutrina de S\u00e3o Paulo fundamenta essa verdade: \u201cPortanto, a f\u00e9 vem daquilo que ouvimos, e o que ouvimos vem por meio da palavra de Cristo.\u201d (Rm 10,17) O Tempo Pascal tem uma riqueza espiritual muito especial na viv\u00eancia do mist\u00e9rio de Cristo. \u201cCelebrar a eucaristia neste per\u00edodo da P\u00e1scoa significa particularmente: reconhecer todas as manifesta\u00e7\u00f5es de Jesus ressuscitado na sua Igreja; tornar-nos instrumento destas manifesta\u00e7\u00f5es como membros do povo sacerdotal: dar gra\u00e7as ao Pai pela presen\u00e7a cont\u00ednua de Jesus ressuscitado entre n\u00f3s.\u201d<\/p>\n<p style=\"text-align: justify;\">As apari\u00e7\u00f5es do Ressuscitado continuam acontecendo, em \u201csitua\u00e7\u00f5es inusitadas\u201d e \u201cem figuras igualmente inusitadas\u201d porque a face do povo e o retrato do mundo mant\u00eam expostas as marcas dos pregos nas m\u00e3os e no lado do Crucificado, nesses tempos complicados de pandemia da Covid-19<\/p>\n<p>&nbsp;<\/p>\n","protected":false},"excerpt":{"rendered":"<p>Dom Genival Saraiva Bispo Em\u00e9rito de Palmares (PE) A comunidade crist\u00e3 vive o Tempo Pascal, que se estende at\u00e9 Pentecostes, como \u201cuma primavera espiritual.\u201d Desde o Domingo da P\u00e1scoa, a Liturgia \u201ccelebra os diversos modos da presen\u00e7a e manifesta\u00e7\u00e3o do Senhor ressuscitado na sua Igreja. No segundo domingo da P\u00e1scoa, a apari\u00e7\u00e3o do Senhor no &hellip;<\/p>\n<p class=\"read-more\"> <a class=\"\" href=\"https:\/\/www.cnbb.org.br\/aparicoes-do-ressuscitado\/\"> <span class=\"screen-reader-text\">Apari\u00e7\u00f5es do Ressuscitado<\/span> Leia mais &raquo;<\/a><\/p>\n","protected":false},"author":59,"featured_media":0,"comment_status":"open","ping_status":"open","sticky":false,"template":"","format":"standard","meta":{"site-sidebar-layout":"default","site-content-layout":"default","ast-global-header-display":"","ast-banner-title-visibility":"","ast-main-header-display":"","ast-hfb-above-header-display":"","ast-hfb-below-header-display":"","ast-hfb-mobile-header-display":"","site-post-title":"","ast-breadcrumbs-content":"","ast-featured-img":"","footer-sml-layout":"","theme-transparent-header-meta":"default","adv-header-id-meta":"","stick-header-meta":"","header-above-stick-meta":"","header-main-stick-meta":"","header-below-stick-meta":""},"categories":[758],"tags":[],"acf":[],"_links":{"self":[{"href":"https:\/\/www.cnbb.org.br\/cnbb-app\/wp\/v2\/posts\/262743"}],"collection":[{"href":"https:\/\/www.cnbb.org.br\/cnbb-app\/wp\/v2\/posts"}],"about":[{"href":"https:\/\/www.cnbb.org.br\/cnbb-app\/wp\/v2\/types\/post"}],"author":[{"embeddable":true,"href":"https:\/\/www.cnbb.org.br\/cnbb-app\/wp\/v2\/users\/59"}],"replies":[{"embeddable":true,"href":"https:\/\/www.cnbb.org.br\/cnbb-app\/wp\/v2\/comments?post=262743"}],"version-history":[{"count":0,"href":"https:\/\/www.cnbb.org.br\/cnbb-app\/wp\/v2\/posts\/262743\/revisions"}],"wp:attachment":[{"href":"https:\/\/www.cnbb.org.br\/cnbb-app\/wp\/v2\/media?parent=262743"}],"wp:term":[{"taxonomy":"category","embeddable":true,"href":"https:\/\/www.cnbb.org.br\/cnbb-app\/wp\/v2\/categories?post=262743"},{"taxonomy":"post_tag","embeddable":true,"href":"https:\/\/www.cnbb.org.br\/cnbb-app\/wp\/v2\/tags?post=262743"}],"curies":[{"name":"wp","href":"https:\/\/api.w.org\/{rel}","templated":true}]}}