{"id":262880,"date":"2021-04-27T11:17:37","date_gmt":"2021-04-27T14:17:37","guid":{"rendered":"https:\/\/www.cnbb.org.br\/?p=262880"},"modified":"2021-04-27T13:54:15","modified_gmt":"2021-04-27T16:54:15","slug":"seminario-on-line-40-anos-familiaris-consortio-cinco-anos-amoris-laetitia","status":"publish","type":"post","link":"https:\/\/www.cnbb.org.br\/seminario-on-line-40-anos-familiaris-consortio-cinco-anos-amoris-laetitia\/","title":{"rendered":"Semin\u00e1rio on-line celebra 40 anos da Familiaris Consortio e os cinco anos da Amoris Laetitia"},"content":{"rendered":"<p>Para celebrar os 40 anos da <em>Familiaris Consortio\u00a0<\/em>e os cinco anos da\u00a0<em>Amoris Laetitia, <\/em>exorta\u00e7\u00f5es apost\u00f3licas sobre a fam\u00edlia dos Papas Jo\u00e3o Paulo II e Francisco, respectivamente, a Comiss\u00e3o Episcopal Pastoral para a Vida e a Fam\u00edlia da Confer\u00eancia Nacional dos Bispos do Brasil (CNBB), por meio da Comiss\u00e3o Nacional da Pastoral Familiar (CNPF), promove o Semin\u00e1rio Alegria do Amor, de 3 a 7 de maio, de forma on-line, sempre \u00e0s 20h.<\/p>\n<p>O evento est\u00e1 com inscri\u00e7\u00f5es abertas e a participa\u00e7\u00e3o \u00e9 gratuita. O webin\u00e1rio abordar\u00e1 os aspectos eclesiol\u00f3gicos, morais e pastorais dos dois documentos que abordam a fun\u00e7\u00e3o da fam\u00edlia crist\u00e3 no mundo e a alegria do amor na fam\u00edlia. Para se inscrever, <a href=\"http:\/\/vidaefamilia.rds.land\/alegria-amor\" target=\"_blank\" rel=\"noreferrer noopener\">acesse a p\u00e1gina de inscri\u00e7\u00f5es<\/a>.<\/p>\n<div class=\"wp-block-image\">\n<p>Especialistas far\u00e3o a exposi\u00e7\u00e3o dos temas em palestras, com o objetivo de aprofundar a compreens\u00e3o acerca da fam\u00edlia e colaborar com as dioceses, par\u00f3quias, movimentos e servi\u00e7os na reflex\u00e3o e na aplica\u00e7\u00e3o das indica\u00e7\u00f5es dos documentos. Al\u00e9m disso, algumas fam\u00edlias compartilhar\u00e3o suas experi\u00eancias com a viv\u00eancia da Amoris Laetitia.<\/p>\n<h3>Programa\u00e7\u00e3o<\/h3>\n<\/div>\n<p>No dia 3 de maio, o padre Rafael Fornasier, ex-assessor da Comiss\u00e3o Vida e Fam\u00edlia da CNBB e atual vice-presidente e diretor da Se\u00e7\u00e3o Brasileira do Pontif\u00edcio Instituto Teol\u00f3gico Jo\u00e3o Paulo II para o Matrim\u00f4nio e Fam\u00edlia,\u00a0vai apresentar os aspectos eclesiol\u00f3gicos (doutrinais) das duas exorta\u00e7\u00f5es apost\u00f3licas.<\/p>\n<p>Na ter\u00e7a-feira, 4, ser\u00e1 a vez do padre Rafael Solano discutir sobre os aspectos morais que os documentos apresentam. O presb\u00edtero da arquidiocese de Londrina (PR) \u00e9 mestre e doutor em Teologia Moral. J\u00e1 na quarta-feira, 5, o bispo auxiliar de Porto Alegre e doutor em Teologia Sistem\u00e1tica, dom Leomar Brustolin, abordar\u00e1 as quest\u00f5es pastorais.<\/p>\n<p>No quarto dia do evento, 6 de maio, o bispo de Rio Grande (RS) e presidente da Comiss\u00e3o Vida e Fam\u00edlia da CNBB, dom Ricardo Hoerpers, vai mediar uma mesa redonda com a participa\u00e7\u00e3o dos palestrantes e intera\u00e7\u00e3o dos inscritos no evento.<\/p>\n<p>Por fim, na sexta-feira,7, o arcebispo de Florian\u00f3polis (SC) e referencial da Pastoral Familiar no Regional Sul 4 da CNBB, dom Wilson Tadeu J\u00f6nck, vai debater sobre os principais pontos das palestras nos dias anteriores, al\u00e9m da import\u00e2ncia para a fam\u00edlia das figuras do pai e da m\u00e3e, homem e mulher.<\/p>\n<div id='gallery-1' class='gallery galleryid-262880 gallery-columns-3 gallery-size-medium'><figure class='gallery-item'>\n\t\t\t<div class='gallery-icon landscape'>\n\t\t\t\t<img width=\"300\" height=\"165\" src=\"https:\/\/www.cnbb.org.br\/wp-content\/uploads\/2021\/04\/Padre-Rafael-Fornasier-3-300x165.jpeg\" class=\"attachment-medium size-medium\" alt=\"\" decoding=\"async\" loading=\"lazy\" aria-describedby=\"gallery-1-262884\" srcset=\"https:\/\/www.cnbb.org.br\/wp-content\/uploads\/2021\/04\/Padre-Rafael-Fornasier-3-300x165.jpeg 300w, https:\/\/www.cnbb.org.br\/wp-content\/uploads\/2021\/04\/Padre-Rafael-Fornasier-3-1024x563.jpeg 1024w, https:\/\/www.cnbb.org.br\/wp-content\/uploads\/2021\/04\/Padre-Rafael-Fornasier-3-768x422.jpeg 768w, https:\/\/www.cnbb.org.br\/wp-content\/uploads\/2021\/04\/Padre-Rafael-Fornasier-3-500x275.jpeg 500w, https:\/\/www.cnbb.org.br\/wp-content\/uploads\/2021\/04\/Padre-Rafael-Fornasier-3.jpeg 1280w\" sizes=\"(max-width: 300px) 100vw, 300px\" \/>\n\t\t\t<\/div>\n\t\t\t\t<figcaption class='wp-caption-text gallery-caption' id='gallery-1-262884'>\n\t\t\t\t3 de maio | 20h \u2013 Aspectos Eclesiol\u00f3gicos | Pe. Rafael Fornasier\n\t\t\t\t<\/figcaption><\/figure><figure class='gallery-item'>\n\t\t\t<div class='gallery-icon landscape'>\n\t\t\t\t<img width=\"300\" height=\"165\" src=\"https:\/\/www.cnbb.org.br\/wp-content\/uploads\/2021\/04\/Rafael-Solano-4-300x165.jpeg\" class=\"attachment-medium size-medium\" alt=\"\" decoding=\"async\" loading=\"lazy\" aria-describedby=\"gallery-1-262885\" srcset=\"https:\/\/www.cnbb.org.br\/wp-content\/uploads\/2021\/04\/Rafael-Solano-4-300x165.jpeg 300w, https:\/\/www.cnbb.org.br\/wp-content\/uploads\/2021\/04\/Rafael-Solano-4-1024x563.jpeg 1024w, https:\/\/www.cnbb.org.br\/wp-content\/uploads\/2021\/04\/Rafael-Solano-4-768x422.jpeg 768w, https:\/\/www.cnbb.org.br\/wp-content\/uploads\/2021\/04\/Rafael-Solano-4-500x275.jpeg 500w, https:\/\/www.cnbb.org.br\/wp-content\/uploads\/2021\/04\/Rafael-Solano-4.jpeg 1280w\" sizes=\"(max-width: 300px) 100vw, 300px\" \/>\n\t\t\t<\/div>\n\t\t\t\t<figcaption class='wp-caption-text gallery-caption' id='gallery-1-262885'>\n\t\t\t\t4 de maio | 20h \u2013 Aspectos Morais | Pe.. Rafael Solano\n\t\t\t\t<\/figcaption><\/figure><figure class='gallery-item'>\n\t\t\t<div class='gallery-icon landscape'>\n\t\t\t\t<img width=\"300\" height=\"165\" src=\"https:\/\/www.cnbb.org.br\/wp-content\/uploads\/2021\/04\/Dom-Leomar-5-300x165.jpeg\" class=\"attachment-medium size-medium\" alt=\"\" decoding=\"async\" loading=\"lazy\" aria-describedby=\"gallery-1-262881\" srcset=\"https:\/\/www.cnbb.org.br\/wp-content\/uploads\/2021\/04\/Dom-Leomar-5-300x165.jpeg 300w, https:\/\/www.cnbb.org.br\/wp-content\/uploads\/2021\/04\/Dom-Leomar-5-1024x563.jpeg 1024w, https:\/\/www.cnbb.org.br\/wp-content\/uploads\/2021\/04\/Dom-Leomar-5-768x422.jpeg 768w, https:\/\/www.cnbb.org.br\/wp-content\/uploads\/2021\/04\/Dom-Leomar-5-500x275.jpeg 500w, https:\/\/www.cnbb.org.br\/wp-content\/uploads\/2021\/04\/Dom-Leomar-5.jpeg 1280w\" sizes=\"(max-width: 300px) 100vw, 300px\" \/>\n\t\t\t<\/div>\n\t\t\t\t<figcaption class='wp-caption-text gallery-caption' id='gallery-1-262881'>\n\t\t\t\t5 de maio | 20h \u2013 Aspectos Pastorais | Dom Leomar Brustolin\n\t\t\t\t<\/figcaption><\/figure><figure class='gallery-item'>\n\t\t\t<div class='gallery-icon landscape'>\n\t\t\t\t<img width=\"300\" height=\"165\" src=\"https:\/\/www.cnbb.org.br\/wp-content\/uploads\/2021\/04\/Dom-Ricardo-6-300x165.jpeg\" class=\"attachment-medium size-medium\" alt=\"\" decoding=\"async\" loading=\"lazy\" aria-describedby=\"gallery-1-262882\" srcset=\"https:\/\/www.cnbb.org.br\/wp-content\/uploads\/2021\/04\/Dom-Ricardo-6-300x165.jpeg 300w, https:\/\/www.cnbb.org.br\/wp-content\/uploads\/2021\/04\/Dom-Ricardo-6-1024x564.jpeg 1024w, https:\/\/www.cnbb.org.br\/wp-content\/uploads\/2021\/04\/Dom-Ricardo-6-768x423.jpeg 768w, https:\/\/www.cnbb.org.br\/wp-content\/uploads\/2021\/04\/Dom-Ricardo-6-500x275.jpeg 500w, https:\/\/www.cnbb.org.br\/wp-content\/uploads\/2021\/04\/Dom-Ricardo-6.jpeg 1280w\" sizes=\"(max-width: 300px) 100vw, 300px\" \/>\n\t\t\t<\/div>\n\t\t\t\t<figcaption class='wp-caption-text gallery-caption' id='gallery-1-262882'>\n\t\t\t\t6 de maio | 20h \u2013 Mesa Redonda | Dom Ricardo Hoepers\n\t\t\t\t<\/figcaption><\/figure><figure class='gallery-item'>\n\t\t\t<div class='gallery-icon landscape'>\n\t\t\t\t<img width=\"300\" height=\"165\" src=\"https:\/\/www.cnbb.org.br\/wp-content\/uploads\/2021\/04\/Dom-Wilson-7-300x165.jpeg\" class=\"attachment-medium size-medium\" alt=\"\" decoding=\"async\" loading=\"lazy\" aria-describedby=\"gallery-1-262883\" srcset=\"https:\/\/www.cnbb.org.br\/wp-content\/uploads\/2021\/04\/Dom-Wilson-7-300x165.jpeg 300w, https:\/\/www.cnbb.org.br\/wp-content\/uploads\/2021\/04\/Dom-Wilson-7-1024x563.jpeg 1024w, https:\/\/www.cnbb.org.br\/wp-content\/uploads\/2021\/04\/Dom-Wilson-7-768x422.jpeg 768w, https:\/\/www.cnbb.org.br\/wp-content\/uploads\/2021\/04\/Dom-Wilson-7-500x275.jpeg 500w, https:\/\/www.cnbb.org.br\/wp-content\/uploads\/2021\/04\/Dom-Wilson-7.jpeg 1280w\" sizes=\"(max-width: 300px) 100vw, 300px\" \/>\n\t\t\t<\/div>\n\t\t\t\t<figcaption class='wp-caption-text gallery-caption' id='gallery-1-262883'>\n\t\t\t\t7 de maio | 20h \u2013 Partilha dos dias iniciais | Dom Wilson Tadeu J\u00f6nck\n\t\t\t\t<\/figcaption><\/figure>\n\t\t<\/div>\n\n<p>&nbsp;<\/p>\n<div class=\"wp-block-image\">\n<h3>Ano Fam\u00edlia Amoris Laetitia<\/h3>\n<p>A iniciativa integra o Ano Fam\u00edlia Amoris Laetitia, que teve in\u00edcio em 19 de mar\u00e7o, Dia de S\u00e3o Jos\u00e9, e segue at\u00e9 26 de junho de 2022, dia do X Encontro Mundial das Fam\u00edlias, em Roma, com o Santo Padre. Os objetivos do Ano Fam\u00edlia Amoris Laetitia anunciado pelo Papa Francisco s\u00e3o: difundir o conte\u00fado da exorta\u00e7\u00e3o apost\u00f3lica; anunciar que o sacramento do matrim\u00f4nio \u00e9 um dom; fazer da fam\u00edlia protagonista da pastoral familiar; sensibilizar os jovens; e, ampliar o olhar e a a\u00e7\u00e3o da Pastoral Familiar.<\/p>\n<p>A exorta\u00e7\u00e3o apost\u00f3lica Amoris laetitia, lan\u00e7ada em 2016, \u00e9 fruto de dois s\u00ednodos sobre a fam\u00edlia realizados nos anos de 2014 e de 2015. O documento possui nove cap\u00edtulos que abordam quest\u00f5es sobre a palavra, a realidade, os desafios e a voca\u00e7\u00e3o das fam\u00edlias, o amor no matrim\u00f4nio, a fecundidade, a educa\u00e7\u00e3o dos filhos, a espiritualidade, entre outros temas.<\/p>\n<p><a href=\"http:\/\/vidaefamilia.org.br\/al\/\" target=\"_blank\" rel=\"noreferrer noopener\">Confira mais informa\u00e7\u00f5es sobre o Ano Fam\u00edlia Amoris laetitia no hotsite.<\/a><\/p>\n<\/div>\n","protected":false},"excerpt":{"rendered":"<p>Para celebrar os 40 anos da Familiaris Consortio\u00a0e os cinco anos da\u00a0Amoris Laetitia, exorta\u00e7\u00f5es apost\u00f3licas sobre a fam\u00edlia dos Papas Jo\u00e3o Paulo II e Francisco, respectivamente, a Comiss\u00e3o Episcopal Pastoral para a Vida e a Fam\u00edlia da Confer\u00eancia Nacional dos Bispos do Brasil (CNBB), por meio da Comiss\u00e3o Nacional da Pastoral Familiar (CNPF), promove o &hellip;<\/p>\n<p class=\"read-more\"> <a class=\"\" href=\"https:\/\/www.cnbb.org.br\/seminario-on-line-40-anos-familiaris-consortio-cinco-anos-amoris-laetitia\/\"> <span class=\"screen-reader-text\">Semin\u00e1rio on-line celebra 40 anos da Familiaris Consortio e os cinco anos da Amoris Laetitia<\/span> Leia mais &raquo;<\/a><\/p>\n","protected":false},"author":83,"featured_media":262891,"comment_status":"open","ping_status":"open","sticky":false,"template":"","format":"standard","meta":{"site-sidebar-layout":"default","site-content-layout":"default","ast-global-header-display":"","ast-banner-title-visibility":"","ast-main-header-display":"","ast-hfb-above-header-display":"","ast-hfb-below-header-display":"","ast-hfb-mobile-header-display":"","site-post-title":"","ast-breadcrumbs-content":"","ast-featured-img":"","footer-sml-layout":"","theme-transparent-header-meta":"default","adv-header-id-meta":"","stick-header-meta":"","header-above-stick-meta":"","header-main-stick-meta":"","header-below-stick-meta":""},"categories":[1840,806,777],"tags":[3472,3138,2137],"acf":[],"_links":{"self":[{"href":"https:\/\/www.cnbb.org.br\/cnbb-app\/wp\/v2\/posts\/262880"}],"collection":[{"href":"https:\/\/www.cnbb.org.br\/cnbb-app\/wp\/v2\/posts"}],"about":[{"href":"https:\/\/www.cnbb.org.br\/cnbb-app\/wp\/v2\/types\/post"}],"author":[{"embeddable":true,"href":"https:\/\/www.cnbb.org.br\/cnbb-app\/wp\/v2\/users\/83"}],"replies":[{"embeddable":true,"href":"https:\/\/www.cnbb.org.br\/cnbb-app\/wp\/v2\/comments?post=262880"}],"version-history":[{"count":0,"href":"https:\/\/www.cnbb.org.br\/cnbb-app\/wp\/v2\/posts\/262880\/revisions"}],"wp:featuredmedia":[{"embeddable":true,"href":"https:\/\/www.cnbb.org.br\/cnbb-app\/wp\/v2\/media\/262891"}],"wp:attachment":[{"href":"https:\/\/www.cnbb.org.br\/cnbb-app\/wp\/v2\/media?parent=262880"}],"wp:term":[{"taxonomy":"category","embeddable":true,"href":"https:\/\/www.cnbb.org.br\/cnbb-app\/wp\/v2\/categories?post=262880"},{"taxonomy":"post_tag","embeddable":true,"href":"https:\/\/www.cnbb.org.br\/cnbb-app\/wp\/v2\/tags?post=262880"}],"curies":[{"name":"wp","href":"https:\/\/api.w.org\/{rel}","templated":true}]}}