{"id":26295,"date":"2014-02-13T00:00:00","date_gmt":"2014-02-13T02:00:00","guid":{"rendered":"https:\/\/www.cnbb.org.br\/coordenadores-regionais-da-pj-do-sul-4-definem-projetos\/"},"modified":"2014-02-13T00:00:00","modified_gmt":"2014-02-13T02:00:00","slug":"coordenadores-regionais-da-pj-do-sul-4-definem-projetos","status":"publish","type":"post","link":"https:\/\/www.cnbb.org.br\/coordenadores-regionais-da-pj-do-sul-4-definem-projetos\/","title":{"rendered":"Coordenadores da PJ do regional Sul 4 definem projetos"},"content":{"rendered":"<p style=\"text-align: justify\"><span style=\"line-height: 1.3em\"><\/span><\/p>\n<p style=\"text-align: justify\"><span style=\"line-height: 1.3em\">Em reuni\u00e3o realizada nos dias 8 e 9 de fevereiro, a coordena\u00e7\u00e3o da Pastoral da Juventude do regional Sul 4 da CNBB (Santa Catarina) avaliou projetos em andamento e definiu novos encontros que ocorrer\u00e3o durante este ano.<\/span><\/p>\n<p>  <!--more-->  <\/p>\n<p style=\"text-align: justify\">\u00a0<\/p>\n<p style=\"text-align: justify\"><span style=\"line-height: 1.3em\">Em 2012, teve in\u00edcio a elabora\u00e7\u00e3o de projetos visando organizar as atividades da Pastoral da Juventude (PJ) no regional Sul 4 da CNBB (Santa Catarina).\u00a0<\/span><\/p>\n<p style=\"text-align: justify\"><span style=\"line-height: 1.3em\">Os projetos \u201cTeias da Comunica\u00e7\u00e3o\u201d, \u201cM\u00edstica e Constru\u00e7\u00e3o\u201d, \u201cA Juventude Quer Viver\u201d e \u201cCaminhos da Esperan\u00e7a\u201d est\u00e3o entre as a\u00e7\u00f5es promovidas pelo regional. Na reuni\u00e3o, a coordena\u00e7\u00e3o verificou a necessidade de um trabalho conjunto entre os v\u00e1rios projetos e a Pastoral da Juventude.<\/span><\/p>\n<p style=\"text-align: justify\"><strong>Calend\u00e1rio<\/strong><br \/>Ficou definida a realiza\u00e7\u00e3o da 4\u00aa Miss\u00e3o Jovem, de 19 a 22 de junho, na diocese de Ca\u00e7ador (SC). Tamb\u00e9m ocorrem, neste ano, o Semin\u00e1rio Estadual contra a Viol\u00eancia e Exterm\u00ednio de Jovens, que ser\u00e1 realizado em parceria com entidades que atuam em trabalhos com a juventude, e\u00a0<span style=\"line-height: 1.3em\">\u00a0a Assembleia Regional da Pastoral da Juventude (ARPJ), de 11 e 12 de outubro, com a participa\u00e7\u00e3o das novas coordena\u00e7\u00f5es.<\/span><\/p>\n<p style=\"text-align: justify\">Ainda na reuni\u00e3o, foram apresentados quatro novos coordenadores eleitos em Assembleia nas dioceses em 2014. Passam a integrar a Coordena\u00e7\u00e3o Regional da Pastoral da Juventude (CRPJ) os jovens Franciele Schneider (Chapec\u00f3); L\u00facia Ana Fritzen (Ca\u00e7ador); Jonathan Velho Burigo (Crici\u00fama); e Adrieli Albertti (Lages).<\/p>\n<p style=\"text-align: justify\">\u00a0<\/p>\n","protected":false},"excerpt":{"rendered":"<p>Em reuni\u00e3o realizada nos dias 8 e 9 de fevereiro, a coordena\u00e7\u00e3o da Pastoral da Juventude do regional Sul 4 da CNBB (Santa Catarina) avaliou projetos em andamento e definiu novos encontros que ocorrer\u00e3o durante este ano.<\/p>\n","protected":false},"author":83,"featured_media":26296,"comment_status":"open","ping_status":"open","sticky":false,"template":"","format":"standard","meta":{"site-sidebar-layout":"default","site-content-layout":"default","ast-global-header-display":"","ast-banner-title-visibility":"","ast-main-header-display":"","ast-hfb-above-header-display":"","ast-hfb-below-header-display":"","ast-hfb-mobile-header-display":"","site-post-title":"","ast-breadcrumbs-content":"","ast-featured-img":"","footer-sml-layout":"","theme-transparent-header-meta":"","adv-header-id-meta":"","stick-header-meta":"","header-above-stick-meta":"","header-main-stick-meta":"","header-below-stick-meta":""},"categories":[769,791],"tags":[],"acf":[],"_links":{"self":[{"href":"https:\/\/www.cnbb.org.br\/cnbb-app\/wp\/v2\/posts\/26295"}],"collection":[{"href":"https:\/\/www.cnbb.org.br\/cnbb-app\/wp\/v2\/posts"}],"about":[{"href":"https:\/\/www.cnbb.org.br\/cnbb-app\/wp\/v2\/types\/post"}],"author":[{"embeddable":true,"href":"https:\/\/www.cnbb.org.br\/cnbb-app\/wp\/v2\/users\/83"}],"replies":[{"embeddable":true,"href":"https:\/\/www.cnbb.org.br\/cnbb-app\/wp\/v2\/comments?post=26295"}],"version-history":[{"count":0,"href":"https:\/\/www.cnbb.org.br\/cnbb-app\/wp\/v2\/posts\/26295\/revisions"}],"wp:featuredmedia":[{"embeddable":true,"href":"https:\/\/www.cnbb.org.br\/cnbb-app\/wp\/v2\/media\/26296"}],"wp:attachment":[{"href":"https:\/\/www.cnbb.org.br\/cnbb-app\/wp\/v2\/media?parent=26295"}],"wp:term":[{"taxonomy":"category","embeddable":true,"href":"https:\/\/www.cnbb.org.br\/cnbb-app\/wp\/v2\/categories?post=26295"},{"taxonomy":"post_tag","embeddable":true,"href":"https:\/\/www.cnbb.org.br\/cnbb-app\/wp\/v2\/tags?post=26295"}],"curies":[{"name":"wp","href":"https:\/\/api.w.org\/{rel}","templated":true}]}}