{"id":262987,"date":"2021-04-29T10:15:39","date_gmt":"2021-04-29T13:15:39","guid":{"rendered":"https:\/\/www.cnbb.org.br\/?p=262987"},"modified":"2021-04-29T10:15:39","modified_gmt":"2021-04-29T13:15:39","slug":"webinario-alegria-do-amor-tera-programacao-de-conferencias-e-debates-sobre-o-matrimonio-e-a-familia","status":"publish","type":"post","link":"https:\/\/www.cnbb.org.br\/webinario-alegria-do-amor-tera-programacao-de-conferencias-e-debates-sobre-o-matrimonio-e-a-familia\/","title":{"rendered":"Webin\u00e1rio &#8220;Alegria do Amor&#8221; ter\u00e1 programa\u00e7\u00e3o de confer\u00eancias e debates sobre o matrim\u00f4nio e a fam\u00edlia"},"content":{"rendered":"<p>O ano de 2021 marca os 40 anos da publica\u00e7\u00e3o da exorta\u00e7\u00e3o apost\u00f3lica <em>Familiaris Consortio<\/em>, de S\u00e3o Jo\u00e3o Paulo II (22\/11\/1981), e os cinco anos da exorta\u00e7\u00e3o apost\u00f3lica <em>Amoris Laetitia<\/em>, do Papa Francisco (19\/3\/2016). Essa dupla celebra\u00e7\u00e3o motiva a realiza\u00e7\u00e3o do Webin\u00e1rio Alegria do Amor, na pr\u00f3xima semana, de 3 a 7 de maio. A promo\u00e7\u00e3o \u00e9 da Comiss\u00e3o Episcopal Pastoral para a Vida e a Fam\u00edlia da Confer\u00eancia Nacional dos Bispos do Brasil (CNBB), por meio da Comiss\u00e3o Nacional da Pastoral Familiar (CNPF).<\/p>\n<p>&#8220;Diante desses documentos t\u00e3o importantes na hist\u00f3ria da Igreja e da Pastoral Familiar no Brasil, a Comiss\u00e3o Episcopal Pastoral para a Vida e a Fam\u00edlia est\u00e1 promovendo o WEBIN\u00c1RIO \u201cA ALEGRIA DO AMOR\u201d com uma programa\u00e7\u00e3o de confer\u00eancias e debates sobre o matrim\u00f4nio e a fam\u00edlia&#8221;, informou o bispo de Rio Grande (RS) e presidente da Comiss\u00e3o Vida e Fam\u00edlia da CNBB, dom Ricardo Hoepers, em carta enviada ao conjunto do episcopado brasileiro.<\/p>\n<p>Fam\u00edlias, seminaristas, religiosas e religiosos, padres, di\u00e1conos e bispos podem participar desse momento de forma\u00e7\u00e3o e aprofundamento sobre os dois principais documentos que tratam da pastoral junto \u00e0s fam\u00edlias e da pr\u00f3pria miss\u00e3o familiar no mundo. Segundo dom Ricardo Hoepers, &#8220;\u00e9 um momento oportuno e muito acess\u00edvel para um aprofundamento maior sobre a import\u00e2ncia da Fam\u00edlia na vida da Igreja&#8221;.<\/p>\n<p>Um par\u00e1grafo correlacionado nos dois textos (Familiaris consortio, 84\/ Amoris laetitia, 31), assim como as muitas cita\u00e7\u00f5es feitas por Francisco ao documento da d\u00e9cada de 1980, ressalta que o &#8220;<em>bem da fam\u00edlia \u00e9 decisivo para o futuro do mundo e da Igreja&#8221;<\/em> e que in\u00fameras s\u00e3o as an\u00e1lises feitas sobre o matrim\u00f4nio e a fam\u00edlia, sobre as suas dificuldades e desafios atuais<em>: &#8220;\u00c9 salutar prestar aten\u00e7\u00e3o \u00e0 realidade concreta, porque os pedidos e os apelos do Esp\u00edrito ressoam tamb\u00e9m nos acontecimentos da hist\u00f3ria atrav\u00e9s dos quais a Igreja pode ser guiada para uma compreens\u00e3o mais profunda do inexaur\u00edvel mist\u00e9rio do matrim\u00f4nio e da fam\u00edlia&#8221;<\/em>.<\/p>\n<p>&nbsp;<\/p>\n<p><span style=\"color: #ff6600;\"><a style=\"color: #ff6600;\" href=\"http:\/\/vidaefamilia.rds.land\/alegria-amor\" target=\"_blank\" rel=\"noopener\">INSCREVA-SE NO SEMIN\u00c1RIO ON-LINE ALEGRIA DO AMOR<\/a><\/span><\/p>\n<p>&nbsp;<\/p>\n<h3 class=\"text\">Tornar familiar toda a Igreja<\/h3>\n<p>O presidente da Pontif\u00edcia Academia para a Vida, dom Vincenzo Paglia, quando esteve em Salvador, na se\u00e7\u00e3o brasileira do Pontif\u00edcio Instituto Jo\u00e3o Paulo II para Estudos sobre Matrim\u00f4nio e Fam\u00edlia, em maio de 2019, em sua confer\u00eancia sobre a eclesiologia da <em>Amoris laetitia<\/em>, falou de uma mudan\u00e7a na forma de atua\u00e7\u00e3o da Igreja que a Amoris Laetitia pede, de modo a &#8220;tornar &#8216;familiar toda a Igreja'&#8221;.<\/p>\n<blockquote><p><em>&#8220;Uma primeira considera\u00e7\u00e3o \u2013 na minha opini\u00e3o decisiva para compreender o texto e extrair dele as consequ\u00eancias \u2013 diz respeito \u00e0 mudan\u00e7a de passos e estilo que a Exorta\u00e7\u00e3o Apost\u00f3lica pede e que diz respeito \u00e0 pr\u00f3pria &#8216;forma&#8217; da Igreja, que \u00e9 o seu pr\u00f3prio modo de ser e de testemunhar. \u00c9 indispens\u00e1vel um ponto de virada eclesiol\u00f3gica que torna a pr\u00f3pria Igreja uma fam\u00edlia. Sim, a Igreja, falando de fam\u00edlias, tamb\u00e9m fala de si mesma. E vice-versa. Esta perspectiva exige uma nova &#8216;forma ecclesiae&#8217;. N\u00e3o \u00e9 suficiente reorganizar a &#8216;pastoral familiar&#8217;. H\u00e1 uma necessidade de muito mais: tornar &#8216;familiar toda a pastoral&#8217; ou melhor tornar &#8216;familiar toda a Igreja'&#8221;.<\/em><\/p><\/blockquote>\n<p>&nbsp;<\/p>\n<p>&nbsp;<\/p>\n<div id=\"fb-root\"><\/div>\n<p><script async=\"1\" defer=\"1\" crossorigin=\"anonymous\" src=\"https:\/\/connect.facebook.net\/en_US\/sdk.js#xfbml=1&amp;version=v10.0\" nonce=\"bT4xREFA\"><\/script><\/p>\n<div class=\"fb-post\" data-href=\"https:\/\/www.facebook.com\/PastoralFamiliarCNBB\/posts\/4057770967607354\" data-width=\"500\">\n<blockquote cite=\"https:\/\/graph.facebook.com\/289135401137615\/posts\/4057770967607354\/\" class=\"fb-xfbml-parse-ignore\">\n<p>Webin\u00e1rio sobre os 40 anos da Familiaris Consortio e os 5 anos da Amoris Laetitia.Palestras de aprofundamento,&#8230;<\/p>\n<p>Posted by <a href=\"https:\/\/www.facebook.com\/289135401137615\" target=\"_blank\" rel=\"noopener\">Pastoral Familiar_CNBB<\/a> on&nbsp;<a href=\"https:\/\/graph.facebook.com\/289135401137615\/posts\/4057770967607354\/\" target=\"_blank\" rel=\"noopener\">Tuesday, April 27, 2021<\/a><\/p><\/blockquote>\n<\/div>\n","protected":false},"excerpt":{"rendered":"<p>O ano de 2021 marca os 40 anos da publica\u00e7\u00e3o da exorta\u00e7\u00e3o apost\u00f3lica Familiaris Consortio, de S\u00e3o Jo\u00e3o Paulo II, e os cinco anos da exorta\u00e7\u00e3o apost\u00f3lica Amoris Laetitia, do Papa Francisco. Essa dupla celebra\u00e7\u00e3o motiva a realiza\u00e7\u00e3o do Webin\u00e1rio Alegria do Amor, na pr\u00f3xima semana, de 3 a 7 de maio. A promo\u00e7\u00e3o \u00e9 da Comiss\u00e3o Episcopal Pastoral para a Vida e a Fam\u00edlia da CNBB, por meio da Comiss\u00e3o Nacional da Pastoral Familiar\u00a0<\/p>\n","protected":false},"author":83,"featured_media":262882,"comment_status":"open","ping_status":"open","sticky":false,"template":"","format":"standard","meta":{"site-sidebar-layout":"default","site-content-layout":"default","ast-global-header-display":"","ast-banner-title-visibility":"","ast-main-header-display":"","ast-hfb-above-header-display":"","ast-hfb-below-header-display":"","ast-hfb-mobile-header-display":"","site-post-title":"","ast-breadcrumbs-content":"","ast-featured-img":"","footer-sml-layout":"","theme-transparent-header-meta":"default","adv-header-id-meta":"","stick-header-meta":"","header-above-stick-meta":"","header-main-stick-meta":"","header-below-stick-meta":""},"categories":[50,777],"tags":[3472,3138,2137],"acf":[],"_links":{"self":[{"href":"https:\/\/www.cnbb.org.br\/cnbb-app\/wp\/v2\/posts\/262987"}],"collection":[{"href":"https:\/\/www.cnbb.org.br\/cnbb-app\/wp\/v2\/posts"}],"about":[{"href":"https:\/\/www.cnbb.org.br\/cnbb-app\/wp\/v2\/types\/post"}],"author":[{"embeddable":true,"href":"https:\/\/www.cnbb.org.br\/cnbb-app\/wp\/v2\/users\/83"}],"replies":[{"embeddable":true,"href":"https:\/\/www.cnbb.org.br\/cnbb-app\/wp\/v2\/comments?post=262987"}],"version-history":[{"count":0,"href":"https:\/\/www.cnbb.org.br\/cnbb-app\/wp\/v2\/posts\/262987\/revisions"}],"wp:featuredmedia":[{"embeddable":true,"href":"https:\/\/www.cnbb.org.br\/cnbb-app\/wp\/v2\/media\/262882"}],"wp:attachment":[{"href":"https:\/\/www.cnbb.org.br\/cnbb-app\/wp\/v2\/media?parent=262987"}],"wp:term":[{"taxonomy":"category","embeddable":true,"href":"https:\/\/www.cnbb.org.br\/cnbb-app\/wp\/v2\/categories?post=262987"},{"taxonomy":"post_tag","embeddable":true,"href":"https:\/\/www.cnbb.org.br\/cnbb-app\/wp\/v2\/tags?post=262987"}],"curies":[{"name":"wp","href":"https:\/\/api.w.org\/{rel}","templated":true}]}}