{"id":262991,"date":"2021-04-29T11:10:13","date_gmt":"2021-04-29T14:10:13","guid":{"rendered":"https:\/\/www.cnbb.org.br\/?p=262991"},"modified":"2021-04-29T11:47:52","modified_gmt":"2021-04-29T14:47:52","slug":"seminaristas-projeto-podcast-leitura-da-biblia-em-1-ano","status":"publish","type":"post","link":"https:\/\/www.cnbb.org.br\/seminaristas-projeto-podcast-leitura-da-biblia-em-1-ano\/","title":{"rendered":"Seminaristas de Ponta Grossa (PR) lan\u00e7am projeto de podcast para leitura da B\u00edblia em 1 ano"},"content":{"rendered":"<p style=\"text-align: justify;\">No dia em que a Igreja celebrar\u00e1\u00a0a Ascen\u00e7\u00e3o do Senhor e o Dia Mundial das Comunica\u00e7\u00f5es Sociais,\u00a016 de maio,\u00a0ter\u00e1 in\u00edcio o projeto<strong>\u00a0\u201cB\u00edblia em\u00a01\u00a0ano\u201d<\/strong>, que\u00a0prop\u00f5e um plano de leitura da B\u00edblia, ao longo de um ano, por meio de\u00a0<em>podcasts<\/em>\u00a0di\u00e1rios.\u00a0O projeto \u00e9 iniciativa dos seminaristas do Semin\u00e1rio Maior S\u00e3o Jo\u00e3o Maria\u00a0Vianney, da diocese de Ponta Grossa (PR).<\/p>\n<p style=\"text-align: justify;\">A divulga\u00e7\u00e3o e detalhamento do projeto est\u00e3o sendo feitas no Instagram\u00a0<strong><a href=\"https:\/\/www.instagram.com\/abiblia.em1ano\/\" target=\"_blank\" rel=\"noopener\">@abiblia.em1ano<\/a><\/strong>\u00a0 e\u00a0tamb\u00e9m na p\u00e1gina do Facebook do semin\u00e1rio:\u00a0<strong><a href=\"https:\/\/www.facebook.com\/seminariopg\" target=\"_blank\" rel=\"noopener\">facebook.com\/seminariopg<\/a><\/strong>.\u00a0A leitura di\u00e1ria de dois ou tr\u00eas cap\u00edtulos da B\u00edblia estar\u00e1\u00a0dispon\u00edvel em v\u00e1rias plataformas, entre elas\u00a0<em><a href=\"https:\/\/podcasts.google.com\/\" target=\"_blank\" rel=\"noopener\">Google Podcasts<\/a><\/em>\u00a0e\u00a0<em><a href=\"https:\/\/www.spotify.com\/br\/\" target=\"_blank\" rel=\"noopener\">Spotify<\/a>.\u00a0\u00a0<\/em><\/p>\n<div class=\"wp-block-image\" style=\"text-align: justify;\">\n<figure class=\"aligncenter size-large\"><a href=\"https:\/\/cnbbs2.org.br\/wp-content\/uploads\/2021\/04\/destaqque.jpg\" data-rel=\"lightbox-image-0\" data-rl_title=\"\" data-rl_caption=\"\" title=\"\" target=\"_blank\" rel=\"noopener\"><img decoding=\"async\" loading=\"lazy\" class=\"wp-image-26360 aligncenter\" src=\"https:\/\/cnbbs2.org.br\/wp-content\/uploads\/2021\/04\/destaqque.jpg\" sizes=\"(max-width: 550px) 100vw, 550px\" srcset=\"https:\/\/cnbbs2.org.br\/wp-content\/uploads\/2021\/04\/destaqque.jpg 550w, https:\/\/cnbbs2.org.br\/wp-content\/uploads\/2021\/04\/destaqque-300x202.jpg 300w\" alt=\"\" width=\"550\" height=\"370\" data-pin-no-hover=\"true\" \/><\/a><\/figure>\n<\/div>\n<div class=\"wp-block-spacer\" style=\"text-align: justify;\" aria-hidden=\"true\"><\/div>\n<h3 style=\"text-align: justify;\"><strong>Origem da iniciativa<\/strong><\/h3>\n<p style=\"text-align: justify;\">A ideia\u00a0surgiu durante as f\u00e9rias do seminarista\u00a0Iuri\u00a0Nack\u00a0Buss, que est\u00e1 no 2\u00ba ano da Teologia.\u00a0Com o desejo pessoal de aprofundar o encontro com Deus,\u00a0por meio da sua Palavra, ele descobriu\u00a0um plano de leitura da B\u00edblia, para ser realizado ao longo de\u00a01 um ano,\u00a0divulgado por um minist\u00e9rio de evangeliza\u00e7\u00e3o norte-americano,\u00a0em forma de\u00a0<em>podcast<\/em>.<\/p>\n<p style=\"text-align: justify;\"><a href=\"https:\/\/cnbbs2.org.br\/2021\/04\/seminaristas-da-diocese-de-ponta-grossa-pr-lancam-projeto-de-podcast-para-leitura-da-biblia-em-1-ano\/\" target=\"_blank\" rel=\"noopener\">Confira a not\u00edcia na \u00edntegra.<\/a><\/p>\n","protected":false},"excerpt":{"rendered":"<p>No dia em que a Igreja celebrar\u00e1\u00a0a Ascen\u00e7\u00e3o do Senhor e o Dia Mundial das Comunica\u00e7\u00f5es Sociais,\u00a016 de maio,\u00a0ter\u00e1 in\u00edcio o projeto\u00a0\u201cB\u00edblia em\u00a01\u00a0ano\u201d, que\u00a0prop\u00f5e um plano de leitura da B\u00edblia, ao longo de um ano, por meio de\u00a0podcasts\u00a0di\u00e1rios.\u00a0O projeto \u00e9 iniciativa dos seminaristas do Semin\u00e1rio Maior S\u00e3o Jo\u00e3o Maria\u00a0Vianney, da diocese de Ponta Grossa (PR). &hellip;<\/p>\n<p class=\"read-more\"> <a class=\"\" href=\"https:\/\/www.cnbb.org.br\/seminaristas-projeto-podcast-leitura-da-biblia-em-1-ano\/\"> <span class=\"screen-reader-text\">Seminaristas de Ponta Grossa (PR) lan\u00e7am projeto de podcast para leitura da B\u00edblia em 1 ano<\/span> Leia mais &raquo;<\/a><\/p>\n","protected":false},"author":83,"featured_media":262994,"comment_status":"open","ping_status":"open","sticky":false,"template":"","format":"standard","meta":{"site-sidebar-layout":"default","site-content-layout":"default","ast-global-header-display":"","ast-banner-title-visibility":"","ast-main-header-display":"","ast-hfb-above-header-display":"","ast-hfb-below-header-display":"","ast-hfb-mobile-header-display":"","site-post-title":"","ast-breadcrumbs-content":"","ast-featured-img":"","footer-sml-layout":"","theme-transparent-header-meta":"default","adv-header-id-meta":"","stick-header-meta":"","header-above-stick-meta":"","header-main-stick-meta":"","header-below-stick-meta":""},"categories":[781],"tags":[],"acf":[],"_links":{"self":[{"href":"https:\/\/www.cnbb.org.br\/cnbb-app\/wp\/v2\/posts\/262991"}],"collection":[{"href":"https:\/\/www.cnbb.org.br\/cnbb-app\/wp\/v2\/posts"}],"about":[{"href":"https:\/\/www.cnbb.org.br\/cnbb-app\/wp\/v2\/types\/post"}],"author":[{"embeddable":true,"href":"https:\/\/www.cnbb.org.br\/cnbb-app\/wp\/v2\/users\/83"}],"replies":[{"embeddable":true,"href":"https:\/\/www.cnbb.org.br\/cnbb-app\/wp\/v2\/comments?post=262991"}],"version-history":[{"count":0,"href":"https:\/\/www.cnbb.org.br\/cnbb-app\/wp\/v2\/posts\/262991\/revisions"}],"wp:featuredmedia":[{"embeddable":true,"href":"https:\/\/www.cnbb.org.br\/cnbb-app\/wp\/v2\/media\/262994"}],"wp:attachment":[{"href":"https:\/\/www.cnbb.org.br\/cnbb-app\/wp\/v2\/media?parent=262991"}],"wp:term":[{"taxonomy":"category","embeddable":true,"href":"https:\/\/www.cnbb.org.br\/cnbb-app\/wp\/v2\/categories?post=262991"},{"taxonomy":"post_tag","embeddable":true,"href":"https:\/\/www.cnbb.org.br\/cnbb-app\/wp\/v2\/tags?post=262991"}],"curies":[{"name":"wp","href":"https:\/\/api.w.org\/{rel}","templated":true}]}}