{"id":263003,"date":"2021-04-29T14:29:03","date_gmt":"2021-04-29T17:29:03","guid":{"rendered":"https:\/\/www.cnbb.org.br\/?p=263003"},"modified":"2021-04-29T14:29:15","modified_gmt":"2021-04-29T17:29:15","slug":"comissao-para-a-liturgia-disponibiliza-roteiro-para-o-dia-de-sao-jose-operario","status":"publish","type":"post","link":"https:\/\/www.cnbb.org.br\/comissao-para-a-liturgia-disponibiliza-roteiro-para-o-dia-de-sao-jose-operario\/","title":{"rendered":"Comiss\u00e3o para a Liturgia disponibiliza roteiro para o Dia de S\u00e3o Jos\u00e9 Oper\u00e1rio"},"content":{"rendered":"<p>Por ocasi\u00e3o do Ano de S\u00e3o Jos\u00e9, convocado pelo Papa Francisco, a Comiss\u00e3o Episcopal Pastoral para a Liturgia da Confer\u00eancia Nacional dos Bispos do Brasil (CNBB) disponibilizou o roteiro Celebrar em Fam\u00edlia para a Mem\u00f3ria Facultativa de S\u00e3o Jos\u00e9 Oper\u00e1rio, celebrada no Dia dos Trabalhadores, 1\u00ba de maio.<\/p>\n<blockquote><p>&#8220;Vivendo o Ano de S\u00e3o Jos\u00e9, com alegria e entusiasmo, temos a oportunidade de celebr\u00e1-lo neste dia especial, com o t\u00edtulo de Oper\u00e1rio. &#8216;S\u00e3o Jos\u00e9 era um carpinteiro que trabalhou honestamente para garantir o sustento da sua fam\u00edlia. Com ele, Jesus aprendeu o valor, a dignidade e a alegria do que significa comer o p\u00e3o fruto do pr\u00f3prio trabalho&#8217;, nos afirma o Papa Francisco na Patris Corde. Recordamos hoje, tantas pessoas que necessitam de uma oportunidade de trabalho, bem como, daqueles que nem sempre tem sua dignidade e direitos respeitados&#8221;, motiva a comiss\u00e3o.<\/p><\/blockquote>\n<p>&nbsp;<\/p>\n<p><a href=\"https:\/\/www.cnbb.org.br\/wp-content\/uploads\/2021\/04\/30-Celebrar-em-Fami%CC%81lia-Sa%CC%83o-Jose%CC%81-Operario-1.pdf\">BAIXE O ROTEIRO E CELEBRE EM FAM\u00cdLIA O DIA DE S\u00c3O JOS\u00c9 OPER\u00c1RIO<\/a><\/p>\n","protected":false},"excerpt":{"rendered":"<p>Por ocasi\u00e3o do Ano de S\u00e3o Jos\u00e9, convocado pelo Papa Francisco, a Comiss\u00e3o Episcopal Pastoral para a Liturgia da Confer\u00eancia Nacional dos Bispos do Brasil (CNBB) disponibilizou o roteiro Celebrar em Fam\u00edlia para a Mem\u00f3ria Facultativa de S\u00e3o Jos\u00e9 Oper\u00e1rio, celebrada no Dia dos Trabalhadores, 1\u00ba de maio<\/p>\n","protected":false},"author":83,"featured_media":263028,"comment_status":"open","ping_status":"open","sticky":false,"template":"","format":"standard","meta":{"site-sidebar-layout":"default","site-content-layout":"default","ast-global-header-display":"","ast-banner-title-visibility":"","ast-main-header-display":"","ast-hfb-above-header-display":"","ast-hfb-below-header-display":"","ast-hfb-mobile-header-display":"","site-post-title":"","ast-breadcrumbs-content":"","ast-featured-img":"","footer-sml-layout":"","theme-transparent-header-meta":"default","adv-header-id-meta":"","stick-header-meta":"","header-above-stick-meta":"","header-main-stick-meta":"","header-below-stick-meta":""},"categories":[50,859],"tags":[3485,1877,1880],"acf":[],"_links":{"self":[{"href":"https:\/\/www.cnbb.org.br\/cnbb-app\/wp\/v2\/posts\/263003"}],"collection":[{"href":"https:\/\/www.cnbb.org.br\/cnbb-app\/wp\/v2\/posts"}],"about":[{"href":"https:\/\/www.cnbb.org.br\/cnbb-app\/wp\/v2\/types\/post"}],"author":[{"embeddable":true,"href":"https:\/\/www.cnbb.org.br\/cnbb-app\/wp\/v2\/users\/83"}],"replies":[{"embeddable":true,"href":"https:\/\/www.cnbb.org.br\/cnbb-app\/wp\/v2\/comments?post=263003"}],"version-history":[{"count":0,"href":"https:\/\/www.cnbb.org.br\/cnbb-app\/wp\/v2\/posts\/263003\/revisions"}],"wp:featuredmedia":[{"embeddable":true,"href":"https:\/\/www.cnbb.org.br\/cnbb-app\/wp\/v2\/media\/263028"}],"wp:attachment":[{"href":"https:\/\/www.cnbb.org.br\/cnbb-app\/wp\/v2\/media?parent=263003"}],"wp:term":[{"taxonomy":"category","embeddable":true,"href":"https:\/\/www.cnbb.org.br\/cnbb-app\/wp\/v2\/categories?post=263003"},{"taxonomy":"post_tag","embeddable":true,"href":"https:\/\/www.cnbb.org.br\/cnbb-app\/wp\/v2\/tags?post=263003"}],"curies":[{"name":"wp","href":"https:\/\/api.w.org\/{rel}","templated":true}]}}