{"id":26301,"date":"2014-07-04T00:00:00","date_gmt":"2014-07-04T03:00:00","guid":{"rendered":"https:\/\/www.cnbb.org.br\/diocese-de-cacador-realiza-missao-jovem-regional\/"},"modified":"2014-07-04T00:00:00","modified_gmt":"2014-07-04T03:00:00","slug":"diocese-de-cacador-realiza-missao-jovem-regional","status":"publish","type":"post","link":"https:\/\/www.cnbb.org.br\/diocese-de-cacador-realiza-missao-jovem-regional\/","title":{"rendered":"Diocese de Ca\u00e7ador acolhe Miss\u00e3o Jovem Regional"},"content":{"rendered":"<p style=\"text-align: justify\">A par\u00f3quia S\u00e3o Francisco de Assis, em Ca\u00e7ador (SC), recebeu a quarta edi\u00e7\u00e3o do Miss\u00e3o Jovem Regional. Promovido pela Pastoral da Juventude (PJ), o evento ocorreu de\u00a0<span>19 e 22 de junho e\u00a0<\/span>envolveu 17 comunidades locais em um grande mutir\u00e3o de trabalho da juventude.\u00a0<span>Na ocasi\u00e3o, esteve presente o bispo diocesano, dom Severino Clasen.<\/span><\/p>\n<p>  <!--more-->  <\/p>\n<p style=\"text-align: justify\"><span style=\"line-height: 1.3em\">\u00a0<\/span><span style=\"line-height: 1.3em\">De acordo com a organiza\u00e7\u00e3o, o Miss\u00e3o Jovem Regional reuniu mais de 500 jovens que visitaram cerca de 6 mil estabelecimentos e resid\u00eancias da par\u00f3quia. Aproximadamente 400 fam\u00edlias abriram suas casas para acolher os jovens mission\u00e1rios.<\/span><\/p>\n<p style=\"text-align: justify\">\u201cEstamos todos muito felizes com o belo trabalho da juventude e sentimos a necessidade de divulgar a maravilha que foi essa miss\u00e3o jovem da Pastoral da Juventude\u201d, afirmou o respons\u00e1vel pela par\u00f3quia S\u00e3o Francisco de Assis e pela catedral diocesana, padre Lauro Kaluzny.<\/p>\n<h5 style=\"text-align: justify\">CNBB com informa\u00e7\u00f5es da diocese de Ca\u00e7ador (SC).<\/h5>\n","protected":false},"excerpt":{"rendered":"<p>A par\u00f3quia S\u00e3o Francisco de Assis, em Ca\u00e7ador (SC), recebeu a quarta edi\u00e7\u00e3o do Miss\u00e3o Jovem Regional. Promovido pela Pastoral da Juventude (PJ), o evento ocorreu de\u00a019 e 22 de junho e\u00a0envolveu 17 comunidades locais em um grande mutir\u00e3o de trabalho da juventude.\u00a0Na ocasi\u00e3o, esteve presente o bispo diocesano, dom Severino Clasen.<\/p>\n","protected":false},"author":83,"featured_media":26302,"comment_status":"open","ping_status":"open","sticky":false,"template":"","format":"standard","meta":{"site-sidebar-layout":"default","site-content-layout":"default","ast-global-header-display":"","ast-banner-title-visibility":"","ast-main-header-display":"","ast-hfb-above-header-display":"","ast-hfb-below-header-display":"","ast-hfb-mobile-header-display":"","site-post-title":"","ast-breadcrumbs-content":"","ast-featured-img":"","footer-sml-layout":"","theme-transparent-header-meta":"","adv-header-id-meta":"","stick-header-meta":"","header-above-stick-meta":"","header-main-stick-meta":"","header-below-stick-meta":""},"categories":[769,791],"tags":[],"acf":[],"_links":{"self":[{"href":"https:\/\/www.cnbb.org.br\/cnbb-app\/wp\/v2\/posts\/26301"}],"collection":[{"href":"https:\/\/www.cnbb.org.br\/cnbb-app\/wp\/v2\/posts"}],"about":[{"href":"https:\/\/www.cnbb.org.br\/cnbb-app\/wp\/v2\/types\/post"}],"author":[{"embeddable":true,"href":"https:\/\/www.cnbb.org.br\/cnbb-app\/wp\/v2\/users\/83"}],"replies":[{"embeddable":true,"href":"https:\/\/www.cnbb.org.br\/cnbb-app\/wp\/v2\/comments?post=26301"}],"version-history":[{"count":0,"href":"https:\/\/www.cnbb.org.br\/cnbb-app\/wp\/v2\/posts\/26301\/revisions"}],"wp:featuredmedia":[{"embeddable":true,"href":"https:\/\/www.cnbb.org.br\/cnbb-app\/wp\/v2\/media\/26302"}],"wp:attachment":[{"href":"https:\/\/www.cnbb.org.br\/cnbb-app\/wp\/v2\/media?parent=26301"}],"wp:term":[{"taxonomy":"category","embeddable":true,"href":"https:\/\/www.cnbb.org.br\/cnbb-app\/wp\/v2\/categories?post=26301"},{"taxonomy":"post_tag","embeddable":true,"href":"https:\/\/www.cnbb.org.br\/cnbb-app\/wp\/v2\/tags?post=26301"}],"curies":[{"name":"wp","href":"https:\/\/api.w.org\/{rel}","templated":true}]}}