{"id":26309,"date":"2014-11-19T00:00:00","date_gmt":"2014-11-19T02:00:00","guid":{"rendered":"https:\/\/www.cnbb.org.br\/sul-4-realiza-realiza-ii-muticom\/"},"modified":"2014-11-19T00:00:00","modified_gmt":"2014-11-19T02:00:00","slug":"sul-4-realiza-realiza-ii-muticom","status":"publish","type":"post","link":"https:\/\/www.cnbb.org.br\/sul-4-realiza-realiza-ii-muticom\/","title":{"rendered":"Mutir\u00e3o de Comunica\u00e7\u00e3o do Sul 4 aborda &#8220;Uma nova par\u00f3quia&#8221;"},"content":{"rendered":"<p style=\"text-align: justify\"><span style=\"line-height: 1.3em\">Representantes ligados \u00e0 comunica\u00e7\u00e3o das dioceses de Joinville, Blumenau, Joa\u00e7aba, Tubar\u00e3o, Crici\u00fama, Ca\u00e7ador e da arquidiocese de Florian\u00f3polis (SC) estiveram reunidos, de 14 a 16 de novembro, no II Mutir\u00e3o de Comunica\u00e7\u00e3o do regional Sul 4 da Confer\u00eancia Nacional dos Bispos do Brasil (CNBB), que abrange o estado catarinense. O encontro foi realizado na arquidiocese de Florian\u00f3polis.<\/span><\/p>\n<p><!--more--><\/p>\n<p style=\"text-align: justify\"><span style=\"line-height: 1.3em\">Inspirados pelo tema \u201cUma nova par\u00f3quia\u201d, os mais de 80 participantes do evento, por meio de semin\u00e1rios e oficinas, tiveram a oportunidade de vivenciar o objetivo do mutir\u00e3o: contribuir na forma\u00e7\u00e3o dos agentes de pastoral a fim de que se fortale\u00e7a a a\u00e7\u00e3o evangelizadora da Igreja em Santa Catarina.<\/span><\/p>\n<p style=\"text-align: justify\">O evento teve in\u00edcio com a confer\u00eancia do padre jesu\u00edta At\u00edlio Hartmann, que tratou sobre o tema do encontro. Segundo ele, \u201cs\u00f3 h\u00e1 comunidade crist\u00e3 onde se pratica a cultura do encontro\u201d, e as novas m\u00eddias devem estar a servi\u00e7o dessa cultura.<\/p>\n<p style=\"text-align: justify\">Os assessores da Comiss\u00e3o Episcopal Pastoral para a Comunica\u00e7\u00e3o\u00a0da CNBB, irm\u00e3 \u00c9lide Fogolare e padre Cl\u00f3vis de Melo Andrade, \u00a0falaram aos presentes sobre o Diret\u00f3rio de Comunica\u00e7\u00e3o. \u201cA comunica\u00e7\u00e3o torna-se experi\u00eancia de gra\u00e7a, quando se tem intimidade com Deus\u201d, lembrou padre Cl\u00f3vis. J\u00e1 \u00a0irm\u00e3 \u00c9lide destacou que a proposta de Jesus \u00e9 dar o espa\u00e7o ao Esp\u00edrito Santo. Ela afirmou que os jovens s\u00e3o os sujeitos ativos da comunica\u00e7\u00e3o e que \u00e9 preciso integr\u00e1-los nas pastorais.<\/p>\n<p style=\"text-align: justify\">No s\u00e1bado, as atividades matutinas do Muticom foram encerradas com missa presidida pelo arcebispo de Santa Catarina, dom Wilson Tadeu J\u00f6nck, scj, e concelebrada pelo bispo da diocese de Joinville, dom Irineu Roque Scherer, e alguns padres. Em sua homilia, dom Wilson lembrou que \u201co principal instrumento de comunica\u00e7\u00e3o \u00e9 o ser humano, o homem e mulher de f\u00e9. N\u00f3s n\u00e3o nos garantimos. Precisamos da for\u00e7a de Deus, da ajuda do Esp\u00edrito Santo em n\u00f3s\u201d.<\/p>\n<p style=\"text-align: justify\">A tarde prosseguiu com os participantes divididos em oficinas. O lema \u201cConstruindo em Comunidade a Cultura do Encontro\u201d, norteou e inspirou as oficinas de Comunica\u00e7\u00e3o e Catequese; Comunica\u00e7\u00e3o e Liturgia; Redes Sociais como estrat\u00e9gia Pastoral; Assessoria de Comunica\u00e7\u00e3o: A Servi\u00e7o da Cultura do Encontro; e Pastoral da Comunica\u00e7\u00e3o.<\/p>\n<p style=\"text-align: justify\">No domingo pela manh\u00e3 foram apresentados os trabalhos das oficinas e elaborada a carta do II Muticom. Uma celebra\u00e7\u00e3o presidida pelo padre Joel S\u00e1vio e concelebrada pelo sacerdote Raul Kestring encerrou o encontro. O III Mutir\u00e3o de Comunica\u00e7\u00e3o ser\u00e1 em 2016, na diocese de Crici\u00fama.<\/p>\n<p><span style=\"font-size: xx-small\"><strong><em>Com informa\u00e7\u00f5es da arquidiocese de Florian\u00f3polis<\/em><\/strong><\/span><\/p>\n","protected":false},"excerpt":{"rendered":"<p>Representantes ligados \u00e0 comunica\u00e7\u00e3o das dioceses de Joinville, Blumenau, Joa\u00e7aba, Tubar\u00e3o, Crici\u00fama, Ca\u00e7ador e da arquidiocese de Florian\u00f3polis (SC) estiveram reunidos, de 14 a 16 de novembro, no II Mutir\u00e3o de Comunica\u00e7\u00e3o do regional Sul 4 da Confer\u00eancia Nacional dos Bispos do Brasil (CNBB), que abrange o estado catarinense. O encontro foi realizado na arquidiocese &hellip;<\/p>\n<p class=\"read-more\"> <a class=\"\" href=\"https:\/\/www.cnbb.org.br\/sul-4-realiza-realiza-ii-muticom\/\"> <span class=\"screen-reader-text\">Mutir\u00e3o de Comunica\u00e7\u00e3o do Sul 4 aborda &#8220;Uma nova par\u00f3quia&#8221;<\/span> Leia mais &raquo;<\/a><\/p>\n","protected":false},"author":83,"featured_media":26310,"comment_status":"open","ping_status":"open","sticky":false,"template":"","format":"standard","meta":{"site-sidebar-layout":"default","site-content-layout":"default","ast-global-header-display":"","ast-banner-title-visibility":"","ast-main-header-display":"","ast-hfb-above-header-display":"","ast-hfb-below-header-display":"","ast-hfb-mobile-header-display":"","site-post-title":"","ast-breadcrumbs-content":"","ast-featured-img":"","footer-sml-layout":"","theme-transparent-header-meta":"","adv-header-id-meta":"","stick-header-meta":"","header-above-stick-meta":"","header-main-stick-meta":"","header-below-stick-meta":""},"categories":[769,791],"tags":[],"acf":[],"_links":{"self":[{"href":"https:\/\/www.cnbb.org.br\/cnbb-app\/wp\/v2\/posts\/26309"}],"collection":[{"href":"https:\/\/www.cnbb.org.br\/cnbb-app\/wp\/v2\/posts"}],"about":[{"href":"https:\/\/www.cnbb.org.br\/cnbb-app\/wp\/v2\/types\/post"}],"author":[{"embeddable":true,"href":"https:\/\/www.cnbb.org.br\/cnbb-app\/wp\/v2\/users\/83"}],"replies":[{"embeddable":true,"href":"https:\/\/www.cnbb.org.br\/cnbb-app\/wp\/v2\/comments?post=26309"}],"version-history":[{"count":0,"href":"https:\/\/www.cnbb.org.br\/cnbb-app\/wp\/v2\/posts\/26309\/revisions"}],"wp:featuredmedia":[{"embeddable":true,"href":"https:\/\/www.cnbb.org.br\/cnbb-app\/wp\/v2\/media\/26310"}],"wp:attachment":[{"href":"https:\/\/www.cnbb.org.br\/cnbb-app\/wp\/v2\/media?parent=26309"}],"wp:term":[{"taxonomy":"category","embeddable":true,"href":"https:\/\/www.cnbb.org.br\/cnbb-app\/wp\/v2\/categories?post=26309"},{"taxonomy":"post_tag","embeddable":true,"href":"https:\/\/www.cnbb.org.br\/cnbb-app\/wp\/v2\/tags?post=26309"}],"curies":[{"name":"wp","href":"https:\/\/api.w.org\/{rel}","templated":true}]}}