{"id":263110,"date":"2021-05-01T21:08:30","date_gmt":"2021-05-02T00:08:30","guid":{"rendered":"https:\/\/www.cnbb.org.br\/?p=263110"},"modified":"2021-05-01T21:32:30","modified_gmt":"2021-05-02T00:32:30","slug":"morre-dom-geraldo-dantas-de-andrade-bispo-auxiliar-emerito-de-sao-luis-do-maranhao","status":"publish","type":"post","link":"https:\/\/www.cnbb.org.br\/morre-dom-geraldo-dantas-de-andrade-bispo-auxiliar-emerito-de-sao-luis-do-maranhao\/","title":{"rendered":"Morre dom Geraldo Dantas de Andrade, bispo auxiliar em\u00e9rito de S\u00e3o Lu\u00eds do Maranh\u00e3o"},"content":{"rendered":"<p style=\"text-align: justify;\">A arquidiocese de\u00a0 S\u00e3o Lu\u00eds do Maranh\u00e3o (MA) comunicou com pesar, por meio de nota assinada pelo arcebispo metropolitano dom Jos\u00e9 Belis\u00e1rio da Silva, o falecimento do\u00a0bispo auxiliar em\u00e9rito de S\u00e3o Lu\u00eds do Maranh\u00e3o, dom Geraldo Dantas de Andrade, 90 anos, ocorrido na manh\u00e3 deste s\u00e1bado, 1\u00ba de maio.<\/p>\n<p style=\"text-align: justify;\">O vel\u00f3rio de dom Geraldo Dantas de Andrade come\u00e7ou na tarde de hoje, a partir das 14h, na Congrega\u00e7\u00e3o dos Padres do Sagrado Cora\u00e7\u00e3o de Jesus, no Cantinho do C\u00e9u. Durante todo o dia, a cada duas horas, uma Santa Missa est\u00e1 sendo celebrada, sendo que a \u00faltima ocorrer\u00e1 \u00e0s 22h.\u00a0No domingo, 2\/5, \u00e0s 7h30, o corpo de dom Geraldo ser\u00e1 trasladado \u00e0 Catedral da S\u00e9, no Centro, onde ser\u00e1 realizada, \u00e0s 8h, a Missa de encomenda\u00e7\u00e3o do corpo e o sepultamento.<\/p>\n<p style=\"text-align: justify;\">As celebra\u00e7\u00f5es est\u00e3o seguindo os protocolos e recomenda\u00e7\u00f5es de preven\u00e7\u00e3o \u00e0 Covid-19, portanto a participa\u00e7\u00e3o presencial ser\u00e1 restrita. A arquidiocese pede aos fi\u00e9is, em geral, que se abstenham da participa\u00e7\u00e3o in loco e acompanhem de modo remoto o vel\u00f3rio e o sepultamento, que ser\u00e3o transmitidos nos seguintes canais:\u00a0YouTube Catedral Metropolitana de S\u00e3o Lu\u00eds Maranh\u00e3o (Catedral da S\u00e9),\u00a0R\u00e1dio Educadora AM 560.<\/p>\n<h3>Trajet\u00f3ria eclesial<\/h3>\n<p style=\"text-align: justify;\">Nascido no Rio de Janeiro em 29 de setembro de 1931, dom Geraldo foi ordenado padre pela Congrega\u00e7\u00e3o do Sagrado Cora\u00e7\u00e3o de Jesus (SCJ) em 18 de dezembro de 1957, em Taubat\u00e9 (SP).<\/p>\n<p style=\"text-align: justify;\">Foi nomeado Bispo de Titular de Cibaliana e Auxiliar da arquidiocese de S\u00e3o Lu\u00eds em 18 de fevereiro de 1998.\u00a0Recebeu a ordena\u00e7\u00e3o episcopal no dia 18 de abril desse mesmo ano das m\u00e3os de dom Paulo Eduardo Andrade Ponte, dom Jos\u00e9 Nelson Westrupp e dom Xavier Gilles de Maupeou d\u2019Ableiges.<\/p>\n<p style=\"text-align: justify;\">Dentre as atividades como bispo, dom Geraldo foi vig\u00e1rio geral da arquidiocese de S\u00e3o Lu\u00eds e reitor do Semin\u00e1rio Interdiocesano do Regional Nordeste 5 da CNBB (Maranh\u00e3o). Seu lema episcopal \u00e9 \u201cSei em quem acreditei\u201d. Em 15 de setembro de 2010 foi aceito seu pedido de ren\u00fancia, tornando-se bispo auxiliar em\u00e9rito.<\/p>\n<h3 style=\"text-align: center;\">Nota de pesar pelo falecimento de Dom Geraldo Dantas de Andrade<\/h3>\n<p style=\"text-align: right;\">Bras\u00edlia-DF, 1\u00ba de maio de 2021<\/p>\n<p style=\"text-align: justify;\">A Confer\u00eancia Nacional dos Bispos do Brasil (CNBB) manifesta pesar pelo falecimento do Bispo Auxiliar Em\u00e9rito de S\u00e3o Lu\u00eds do Maranh\u00e3o, Dom Geraldo Dantas de Andrade, na manh\u00e3 deste s\u00e1bado, 1\u00ba de maio. Unimo-nos em solidariedade aos familiares e amigos, ao arcebispo metropolitano, dom Jos\u00e9 Belis\u00e1rio da Silva, \u00e0 Congrega\u00e7\u00e3o do Sagrado Cora\u00e7\u00e3o de Jesus e a todo povo de Deus presente na Igreja de S\u00e3o Lu\u00eds do Maranh\u00e3o.<\/p>\n<p style=\"text-align: justify;\">Em preces pela alma de Dom Geraldo, damos gra\u00e7as a Deus por seus 90 anos de vida, grande parte deles dedicada ao servi\u00e7o \u00e0 Igreja.<\/p>\n<p style=\"text-align: justify;\">Que nossa m\u00e3e Maria, a quem dedicamos esse m\u00eas que se inicia, e S\u00e3o Jos\u00e9 Oper\u00e1rio, a quem hoje dedicamos a mem\u00f3ria na liturgia da Igreja, recebam na vida eterna Dom Geraldo Dantas de Andrade, um trabalhador vocacionado ao Reino de Deus.<\/p>\n<p>Em Cristo,<\/p>\n<p style=\"text-align: center;\"><strong>Walmor Oliveira de Azevedo<\/strong><br \/>\nArcebispo de Belo Horizonte, MG<br \/>\n<em>Presidente<\/em><\/p>\n<p style=\"text-align: center;\"><strong>Jaime Spengler<\/strong><br \/>\nArcebispo de Porto Alegre, RS<br \/>\n<em>1\u00ba Vice-Presidente<\/em><\/p>\n<p style=\"text-align: center;\"><strong>M\u00e1rio Ant\u00f4nio da Silva<\/strong><br \/>\nBispo de Roraima, RR<br \/>\n<em>2\u00ba Vice-Presidente<\/em><\/p>\n<p style=\"text-align: center;\"><strong>Joel Portella Amado<\/strong><br \/>\nBispo auxiliar do Rio de Janeiro, RJ<br \/>\n<em>Secret\u00e1rio-Geral<\/em><\/p>\n<p style=\"text-align: center;\">\n","protected":false},"excerpt":{"rendered":"<p>A arquidiocese de\u00a0 S\u00e3o Lu\u00eds do Maranh\u00e3o (MA) comunicou com pesar, por meio de nota assinada pelo arcebispo metropolitano dom Jos\u00e9 Belis\u00e1rio da Silva, o falecimento do\u00a0bispo auxiliar em\u00e9rito de S\u00e3o Lu\u00eds do Maranh\u00e3o, dom Geraldo Dantas de Andrade, 90 anos, ocorrido na manh\u00e3 deste s\u00e1bado, 1\u00ba de maio. O vel\u00f3rio de dom Geraldo Dantas &hellip;<\/p>\n<p class=\"read-more\"> <a class=\"\" href=\"https:\/\/www.cnbb.org.br\/morre-dom-geraldo-dantas-de-andrade-bispo-auxiliar-emerito-de-sao-luis-do-maranhao\/\"> <span class=\"screen-reader-text\">Morre dom Geraldo Dantas de Andrade, bispo auxiliar em\u00e9rito de S\u00e3o Lu\u00eds do Maranh\u00e3o<\/span> Leia mais &raquo;<\/a><\/p>\n","protected":false},"author":83,"featured_media":263117,"comment_status":"open","ping_status":"open","sticky":false,"template":"","format":"standard","meta":{"site-sidebar-layout":"default","site-content-layout":"default","ast-global-header-display":"","ast-banner-title-visibility":"","ast-main-header-display":"","ast-hfb-above-header-display":"","ast-hfb-below-header-display":"","ast-hfb-mobile-header-display":"","site-post-title":"","ast-breadcrumbs-content":"","ast-featured-img":"","footer-sml-layout":"","theme-transparent-header-meta":"default","adv-header-id-meta":"","stick-header-meta":"","header-above-stick-meta":"","header-main-stick-meta":"","header-below-stick-meta":""},"categories":[1841,1358],"tags":[3594,3595],"acf":[],"_links":{"self":[{"href":"https:\/\/www.cnbb.org.br\/cnbb-app\/wp\/v2\/posts\/263110"}],"collection":[{"href":"https:\/\/www.cnbb.org.br\/cnbb-app\/wp\/v2\/posts"}],"about":[{"href":"https:\/\/www.cnbb.org.br\/cnbb-app\/wp\/v2\/types\/post"}],"author":[{"embeddable":true,"href":"https:\/\/www.cnbb.org.br\/cnbb-app\/wp\/v2\/users\/83"}],"replies":[{"embeddable":true,"href":"https:\/\/www.cnbb.org.br\/cnbb-app\/wp\/v2\/comments?post=263110"}],"version-history":[{"count":0,"href":"https:\/\/www.cnbb.org.br\/cnbb-app\/wp\/v2\/posts\/263110\/revisions"}],"wp:featuredmedia":[{"embeddable":true,"href":"https:\/\/www.cnbb.org.br\/cnbb-app\/wp\/v2\/media\/263117"}],"wp:attachment":[{"href":"https:\/\/www.cnbb.org.br\/cnbb-app\/wp\/v2\/media?parent=263110"}],"wp:term":[{"taxonomy":"category","embeddable":true,"href":"https:\/\/www.cnbb.org.br\/cnbb-app\/wp\/v2\/categories?post=263110"},{"taxonomy":"post_tag","embeddable":true,"href":"https:\/\/www.cnbb.org.br\/cnbb-app\/wp\/v2\/tags?post=263110"}],"curies":[{"name":"wp","href":"https:\/\/api.w.org\/{rel}","templated":true}]}}