{"id":263141,"date":"2021-05-03T11:42:22","date_gmt":"2021-05-03T14:42:22","guid":{"rendered":"https:\/\/www.cnbb.org.br\/?p=263141"},"modified":"2021-05-03T11:55:55","modified_gmt":"2021-05-03T14:55:55","slug":"eu-sou-a-videira-e-vos-os-ramos","status":"publish","type":"post","link":"https:\/\/www.cnbb.org.br\/eu-sou-a-videira-e-vos-os-ramos\/","title":{"rendered":"Eu sou a videira e v\u00f3s os ramos"},"content":{"rendered":"<p style=\"text-align: right;\"><strong>Cardeal Orani Jo\u00e3o Tempesta<br \/>\n<\/strong><strong>Arcebispo do Rio de Janeiro (RJ)<\/strong><\/p>\n<p>&nbsp;<\/p>\n<p style=\"text-align: justify;\">Continuamos nossa caminhada de celebra\u00e7\u00e3o das alegrias pascais, celebrando neste final de semana o 5\u00ba Domingo da P\u00e1scoa, o primeiro do m\u00eas de maio: Jesus, vencedor do pecado e da morte, traz a vida nova a todos aqueles a quem concede a gra\u00e7a de tornar-se Filhos de Deus. Isto \u00e9 motivo de grande alegria para todo o povo de Deus.<\/p>\n<p style=\"text-align: justify;\">No s\u00e1bado deste final de semana, dia 1\u00ba de maio, celebramos a mem\u00f3ria de S. Jos\u00e9 Oper\u00e1rio, que neste ano dedicado a S\u00e3o Jos\u00e9, adquire um significado todo especial, motivando ainda mais nossa viv\u00eancia e celebra\u00e7\u00e3o desta mem\u00f3ria. Esta mem\u00f3ria foi estabelecida pelo papa Pio XII desejoso de oferecer aos trabalhadores um padroeiro que fosse modelo, instituiu a Festa de S\u00e3o Jos\u00e9 Oper\u00e1rio no ano de 1955, colocando-o como padroeiro de todos os trabalhadores. Neste momento especial em que estamos vivenciando por motivo das dificuldades trazidas pela pandemia, rezamos de forma especial por todos os desempregados e por todos aqueles que neste momento passam por necessidade em decorr\u00eancia da falta de trabalho. Que Deus aben\u00e7oe e fortale\u00e7a os trabalhadores e venha em socorro dos desempregados.<\/p>\n<p style=\"text-align: justify;\">Iniciamos tamb\u00e9m o m\u00eas de maio, m\u00eas que \u00e9 o m\u00eas de Maria e o m\u00eas das m\u00e3es, j\u00e1 que neste m\u00eas celebramos a mem\u00f3ria de N. Sr\u00aa de F\u00e1tima no dia 13, a festa da visita\u00e7\u00e3o de Nossa Senhora no dia 31 e o dia das m\u00e3es no segundo domingo de maio. Grande oportunidade de pedirmos a Maria que nos prepare sempre um bom caminho, cuide de nossas vidas e venha em socorro de todas as nossas necessidades e as necessidades do mundo. Neste ano, o Papa Francisco nos pediu o ter\u00e7o mariano todos os dias que ele mesmo vai iniciar e concluir no primeiro e \u00faltimo dia de maio pedindo pelo fim da pandemia. Dezenas de Santu\u00e1rios marianos em todo o mundo estar\u00e3o realizando simultaneamente. Aqui em nossa arquidiocese recomendamos \u00e0s Par\u00f3quias o ter\u00e7o mariano em um hor\u00e1rio presencial ou virtual todos os dias. No dia 24 de maio, dia de N. Sra. Auxiliadora e de ora\u00e7\u00f5es pela China, mas que neste ano, por ser a segunda-feira ap\u00f3s Pentecostes ser\u00e1 celebrada a mem\u00f3ria de Maria, M\u00e3e da Igreja teremos as \u201cmil ave marias\u201d em nossa arquidiocese unida \u00e0 entrega de alimentos nas Par\u00f3quias destinados aos necessitados deste dif\u00edcil momento da hist\u00f3ria de aumento de desempregado e da popula\u00e7\u00e3o em situa\u00e7\u00e3o de rua.<\/p>\n<p style=\"text-align: justify;\">Ainda neste m\u00eas de maio teremos a grande celebra\u00e7\u00e3o da solenidade de Pentecostes, precedida pela semana de ora\u00e7\u00e3o pela unidade dos crist\u00e3os e tamb\u00e9m da novena ou semana de Pentecostes culminando com a grande vig\u00edlia. Que a Luz e a Gra\u00e7a do Esp\u00edrito possa guiar nossos passos na caminhada rumo \u00e0 Pascoa definitiva, nos fazendo mais atentos e d\u00f3ceis aos planos de Deus.<\/p>\n<p style=\"text-align: justify;\">A Liturgia deste quinto domingo da P\u00e1scoa vai falar da nossa uni\u00e3o e comunh\u00e3o com Nosso Senhor Jesus Cristo. O Evangelho (Jo 15, 1-8) vai usar as imagens da Videira e dos ramos para expressar a riqueza e\u00a0 a necessidade da nossa uni\u00e3o com Jesus:<\/p>\n<p style=\"text-align: justify;\"><em>Naquele tempo, Jesus disse a seus disc\u00edpulos: &#8216;Eu sou a videira verdadeira e meu Pai \u00e9 o agricultor. Todo ramo que em mim n\u00e3o d\u00e1 fruto ele o corta; e todo ramo que d\u00e1 fruto, ele o limpa, para que d\u00ea mais fruto ainda. V\u00f3s j\u00e1 estais limpos por causa da palavra que eu vos falei. Permanecei em mim e eu permanecerei em v\u00f3s. Como o ramo n\u00e3o pode dar fruto por si mesmo, se n\u00e3o permanecer na videira, assim tamb\u00e9m v\u00f3s n\u00e3o podereis dar fruto, se n\u00e3o permanecerdes em mim. Eu sou a videira e v\u00f3s os ramos. Aquele que permaneceu em mim, e eu nele, esse produz muito fruto; porque sem mim nada podeis fazer. Quem n\u00e3o permanecer em mim, ser\u00e1 lan\u00e7ado fora como um ramo e secar\u00e1. Tais ramos s\u00e3o recolhidos, lan\u00e7ados no fogo e queimados. Se permanecerdes em mim e minhas palavras permanecerem em v\u00f3s, pedi o que quiserdes e v\u00f3s ser\u00e1 dado. Nisto meu Pai \u00e9 glorificado: que deis muito fruto e vos torneis meus disc\u00edpulos.<\/em><\/p>\n<p style=\"text-align: justify;\">A imagem da videira apresentada no Evangelho de hoje mostra que os ramos n\u00e3o vivem sem estar ligado ao centro da videira. Sem estar ligados a Cristo, nossa vida n\u00e3o tem sentido. Assim como os ramos necessitam estar ligados ao tronco, no caso \u00e0 videira, para que assim tenham a seiva da vida, s\u00f3 unidos a Jesus para que tenhamos a vida da Gra\u00e7a que nos fa\u00e7a passar pelo mundo fazendo o bem. Os ramos s\u00e3o diferentes uns dos outros, tanto em seu formato quanto na quantidade de fruto que produzem. O que realiza a unidade entre os ramos \u00e9 que est\u00e3o ligados ao tronco, ao centro da videira, que \u00e9 Jesus.<\/p>\n<p style=\"text-align: justify;\">A Imagem utilizada por Jesus n\u00e3o fala somente da videira e dos ramos, fala tamb\u00e9m quem \u00e9 o dono da vinha, que \u00e9 o agricultor dessa vinha: O Pai. \u00c9 ele quem cuida da vinha e \u00e9 ele quem tem um plano para esta. Mas o Evangelho ressalta algo importante e que ajuda a entender nossa vida e nossa caminhada de f\u00e9: O Pai cuida da videira podando-a. S\u00f3 atrav\u00e9s da poda, que \u00e9 sinal de cuidado para com as plantas, que os frutos em abund\u00e2ncia h\u00e3o de aparecer. Podar \u00e9 tirar. Tirar para que no lugar no tirado, possa aparecer muito mais do que apareceria se tudo permanecesse sempre da mesma forma. A imagem da poda evoca nosso recome\u00e7ar, nosso sair da zona de conforto, deixar de lado nossas seguran\u00e7as humanas e produzir mais frutos de paz, de justi\u00e7a e de fraternidade, estando unidos a Jesus, \u00e9 renunciar para ter mais, perder para ganhar mais.<\/p>\n<p style=\"text-align: justify;\">S\u00f3 se continua na miss\u00e3o se a miss\u00e3o \u00e9 motivada e sustentada pela vida de Jesus em n\u00f3s, se esta vida vem a n\u00f3s. Isso \u00e9 estar unido \u00e0 videira verdadeira. O Ramo que n\u00e3o permanece unido a Jesus perece. Pode at\u00e9 aparentar ter muito volume, mas n\u00e3o permanece no tempo, n\u00e3o d\u00e1 fruto. A Gl\u00f3ria de Deus est\u00e1 em que n\u00f3s, seus Filhos, produzamos frutos e que experimentando desses frutos, muitos e muitas possam fazer tamb\u00e9m a experi\u00eancia de se tornar Filhos de Deus. A era da informa\u00e7\u00e3o que vivemos est\u00e1 saturada de palavras. O crist\u00e3o fala de Deus de modo eficaz produzindo frutos, fazendo a diferen\u00e7a, nadando contra a corrente e sendo sustentado pelo olhar misericordioso do Pai.\u00a0 Tudo \u00e9 consequ\u00eancia de estar com o Senhor. O gesto mais importante da vida mission\u00e1ria \u00e9 estar unido a Deus e deixar que esta uni\u00e3o transborde em obras.<\/p>\n<p style=\"text-align: justify;\">Na primeira Leitura (At 9, 26-31) vemos a necessidade que os ap\u00f3stolos t\u00eam de anunciar as maravilhas que o Senhor realizou em suas vidas. De forma especial, o relato vai nos mostrar Barnab\u00e9 que leva Saulo aos disc\u00edpulos e lhes conta as maravilhas que Deus havia realizado na vida deste grande perseguidor, que a partir de agora passar\u00e1 a ser perseguido pelo nome do Senhor. Encontrar-se com Jesus \u00e9 mudar de vida. Esse encontro faz toda a diferen\u00e7a na vida do ser humano. N\u00e3o podemos deixar de mencionar as tantas persegui\u00e7\u00f5es que os crist\u00e3os sofrem nos dias de hoje. N\u00e3o tenhamos medo de fazer o bem e cumprir a vontade de Deus. Sempre haver\u00e1 persegui\u00e7\u00e3o e contrariedades a quem faz o bem. Confiemos no Senhor e permane\u00e7amos fi\u00e9is.<\/p>\n<p style=\"text-align: justify;\">Ainda dentro da l\u00f3gica de produzir frutos, a segunda leitura (1Jo 3,18-24), S. Jo\u00e3o vai falar da vida de Jesus em n\u00f3s que se manifesta em obras: <em>Filhinhos, n\u00e3o amemos s\u00f3 com palavras e de boca, mas com a\u00e7\u00f5es e de verdade! (&#8230;) Este \u00e9 o seu mandamento: que creiamos no nome do seu Filho, Jesus Cristo, e nos amemos uns aos outros, de acordo com o mandamento que ele nos deu. <\/em>O mandamento fundamental de nossa vida crist\u00e3 \u00e9 ser como Jesus, amar como Jesus amou. Esse permanece em Jesus e esses s\u00e3o os frutos esperados dos que permanecem unidos \u00e0 videira.<\/p>\n<p style=\"text-align: justify;\">Como comunicamos nossa uni\u00e3o com Cristo e como vivemos nossa uni\u00e3o com Jesus? Estas s\u00e3o as perguntas que devemos levar em nossos cora\u00e7\u00f5es ao in\u00edcio desse m\u00eas Mariano, onde olhamos para Maria que nos ensina a fazer tudo o que o Senhor nos disser. Que unidos a Jesus, estejamos cada vez mais firmes na f\u00e9. Rezemos pelos doentes, rezemos pelos que sofrem, rezemos pelos desempregados e por todos aqueles que passam por dificuldades. Que Jesus, o Bom Pastor nos guie sempre nos caminhos da verdadeira vida. Deus aben\u00e7oe e guarde a todos.<\/p>\n<p>&nbsp;<\/p>\n<p>&nbsp;<\/p>\n<p>&nbsp;<\/p>\n<p><em>\u00a0<\/em><\/p>\n<p><em>\u00a0<\/em><\/p>\n","protected":false},"excerpt":{"rendered":"<p>Cardeal Orani Jo\u00e3o Tempesta Arcebispo do Rio de Janeiro (RJ) &nbsp; Continuamos nossa caminhada de celebra\u00e7\u00e3o das alegrias pascais, celebrando neste final de semana o 5\u00ba Domingo da P\u00e1scoa, o primeiro do m\u00eas de maio: Jesus, vencedor do pecado e da morte, traz a vida nova a todos aqueles a quem concede a gra\u00e7a de &hellip;<\/p>\n<p class=\"read-more\"> <a class=\"\" href=\"https:\/\/www.cnbb.org.br\/eu-sou-a-videira-e-vos-os-ramos\/\"> <span class=\"screen-reader-text\">Eu sou a videira e v\u00f3s os ramos<\/span> Leia mais &raquo;<\/a><\/p>\n","protected":false},"author":31,"featured_media":0,"comment_status":"open","ping_status":"open","sticky":false,"template":"","format":"standard","meta":{"site-sidebar-layout":"default","site-content-layout":"default","ast-global-header-display":"","ast-banner-title-visibility":"","ast-main-header-display":"","ast-hfb-above-header-display":"","ast-hfb-below-header-display":"","ast-hfb-mobile-header-display":"","site-post-title":"","ast-breadcrumbs-content":"","ast-featured-img":"","footer-sml-layout":"","theme-transparent-header-meta":"default","adv-header-id-meta":"","stick-header-meta":"","header-above-stick-meta":"","header-main-stick-meta":"","header-below-stick-meta":""},"categories":[758],"tags":[],"acf":[],"_links":{"self":[{"href":"https:\/\/www.cnbb.org.br\/cnbb-app\/wp\/v2\/posts\/263141"}],"collection":[{"href":"https:\/\/www.cnbb.org.br\/cnbb-app\/wp\/v2\/posts"}],"about":[{"href":"https:\/\/www.cnbb.org.br\/cnbb-app\/wp\/v2\/types\/post"}],"author":[{"embeddable":true,"href":"https:\/\/www.cnbb.org.br\/cnbb-app\/wp\/v2\/users\/31"}],"replies":[{"embeddable":true,"href":"https:\/\/www.cnbb.org.br\/cnbb-app\/wp\/v2\/comments?post=263141"}],"version-history":[{"count":0,"href":"https:\/\/www.cnbb.org.br\/cnbb-app\/wp\/v2\/posts\/263141\/revisions"}],"wp:attachment":[{"href":"https:\/\/www.cnbb.org.br\/cnbb-app\/wp\/v2\/media?parent=263141"}],"wp:term":[{"taxonomy":"category","embeddable":true,"href":"https:\/\/www.cnbb.org.br\/cnbb-app\/wp\/v2\/categories?post=263141"},{"taxonomy":"post_tag","embeddable":true,"href":"https:\/\/www.cnbb.org.br\/cnbb-app\/wp\/v2\/tags?post=263141"}],"curies":[{"name":"wp","href":"https:\/\/api.w.org\/{rel}","templated":true}]}}