{"id":263213,"date":"2021-05-04T14:25:42","date_gmt":"2021-05-04T17:25:42","guid":{"rendered":"https:\/\/www.cnbb.org.br\/?p=263213"},"modified":"2021-05-04T14:30:16","modified_gmt":"2021-05-04T17:30:16","slug":"morre-dom-aloisio-hilario-bispo-emerito-de-jatai-go","status":"publish","type":"post","link":"https:\/\/www.cnbb.org.br\/morre-dom-aloisio-hilario-bispo-emerito-de-jatai-go\/","title":{"rendered":"Morre dom Alo\u00edsio Hil\u00e1rio de Pinho, bispo em\u00e9rito de Jata\u00ed (GO)"},"content":{"rendered":"<p style=\"text-align: justify;\">A diocese de Jata\u00ed (GO) comunicou nesta ter\u00e7a-feira, 4 de maio, o falecimento de seu bispo em\u00e9rito, dom Alo\u00edsio Hil\u00e1rio de Pinho, em decorr\u00eancia de um infarto. Oportunamente, a diocese informou que divulgar\u00e1 as informa\u00e7\u00f5es do sepultamento.<\/p>\n<h3><strong>Biografia<\/strong><\/h3>\n<p style=\"text-align: justify;\">Dom Alo\u00edsio era natural de Mariana (MG). Nasceu em 14 de janeiro de 1934. Iniciou sua voca\u00e7\u00e3o ao sacerd\u00f3cio em 1955. Cursou o ensino m\u00e9dio no Semin\u00e1rio da Congrega\u00e7\u00e3o Dom Orione, cursou Filosofia com os padres Capuchinos em Curitiba no estado do Paran\u00e1 e Teologia na Universidade Gregoriana em Roma-It\u00e1lia (1959 \u2013 1963), onde tamb\u00e9m foi ordenado padre.<\/p>\n<p style=\"text-align: justify;\">Sua ordena\u00e7\u00e3o episcopal aconteceu em 20 de dezembro de 1981. Foi bispo da diocese de Tocantin\u00f3polis (TO) e bispo de Jata\u00ed (GO). Sua posse na diocese de Tocantin\u00f3polis se deu em 10 de janeiro de 1982 e a posse na diocese de Jata\u00ed em 26 de fevereiro de 2000.<\/p>\n<p style=\"text-align: justify;\">Ao completar 75 anos, idade limite para o episcopado, segundo as normas eclesi\u00e1sticas, apresentou ren\u00fancia ao Papa Bento XVI, que foi confirmada em 16 de dezembro de 2009.<\/p>\n<p style=\"text-align: justify;\">Dom Alo\u00edsio tornou-se bispo em\u00e9rito de Jata\u00ed, mas continuou \u00e0 frente da diocese at\u00e9 a posse do sucessor em 6 de mar\u00e7o de 2010. A partir de 8 de abril, passou a residir na fraternidade orionita de Rio Claro (SP), colocando-se \u00e0 disposi\u00e7\u00e3o de dom Fernando para colaborar nos trabalhos pastorais da diocese de Piracicaba (SP).<\/p>\n<h3 style=\"text-align: justify;\"><strong>Nota de Pesar<\/strong><\/h3>\n<p style=\"text-align: justify;\">A Confer\u00eancia Nacional dos Bispos do Brasil (CNBB) divulgou nota de pesar pelo falecimento de dom Alo\u00edsio. Confira o texto, na \u00edntegra, abaixo:<\/p>\n<h3 style=\"text-align: center;\"><strong>Nota de pesar pelo falecimento de dom Alo\u00edsio<\/strong><\/h3>\n<p style=\"text-align: right;\"><em><br \/>\nBras\u00edlia, 4 de maio de 2021<br \/>\n<\/em><\/p>\n<p style=\"text-align: justify;\"><em><br \/>\nA Confer\u00eancia Nacional dos Bispos do Brasil (CNBB) recebe com pesar o comunicado do falecimento do bispo em\u00e9rito da diocese de Jata\u00ed (GO), dom Alo\u00edsio Hil\u00e1rio, em decorr\u00eancia de um infarto, nesta ter\u00e7a-feira, 4 de maio.<\/em><\/p>\n<p style=\"text-align: justify;\"><em>Recordamos, com afinco, a fidelidade \u00e0 Igreja, caracter\u00edsticas do minist\u00e9rio de dom Alo\u00edsio, que tinha como lema episcopal \u201cna caridade sincera&#8221;. Sabemos tamb\u00e9m que dom Alo\u00edsio dedicou-se \u00e0 celebra\u00e7\u00e3o dos sacramentos, especialmente o da Crisma, que lhe permitiu um contato direto com a juventude da diocese de Jata\u00ed (GO).<br \/>\n<\/em><\/p>\n<p style=\"text-align: justify;\"><em>Por isso, neste momento, a Confer\u00eancia une-se em ora\u00e7\u00e3o e se solidariza com todos os que conviveram com dom Alo\u00edsio. Enviamos nossa sauda\u00e7\u00e3o ao atual bispo da diocese de Jata\u00ed (GO), dom N\u00e9lio Domingos Zortea, aos familiares de dom Alo\u00edsio, e a todas as comunidades da diocese de Jata\u00ed.<\/em><\/p>\n<p>Em Cristo,<\/p>\n<p style=\"text-align: center;\"><strong>Dom Walmor Oliveira de Azevedo<\/strong><br \/>\nArcebispo de Belo Horizonte (MG)<br \/>\nPresidente da CNBB<\/p>\n<p style=\"text-align: center;\"><strong>Dom Jaime Spengler<\/strong><br \/>\nArcebispo de Porto Alegre (RS)<br \/>\nPrimeiro Vice-Presidente da CNBB<\/p>\n<p style=\"text-align: center;\"><strong>Dom M\u00e1rio Ant\u00f4nio da Silva<\/strong><br \/>\nBispo de Roraima (RR)<br \/>\nSegundo Vice-Presidente da CNBB<\/p>\n<p style=\"text-align: center;\"><strong>Dom Joel Portella Amado<\/strong><br \/>\nBispo auxiliar da arquidiocese de S\u00e3o Sebasti\u00e3o do Rio de Janeiro (RJ)<br \/>\nSecret\u00e1rio-geral da CNBB<\/p>\n","protected":false},"excerpt":{"rendered":"<p>A diocese de Jata\u00ed (GO) comunicou nesta ter\u00e7a-feira, 4 de maio, o falecimento de seu bispo em\u00e9rito, dom Alo\u00edsio Hil\u00e1rio de Pinho, em decorr\u00eancia de um infarto. Oportunamente, a diocese informou que divulgar\u00e1 as informa\u00e7\u00f5es do sepultamento. Biografia Dom Alo\u00edsio era natural de Mariana (MG). Nasceu em 14 de janeiro de 1934. Iniciou sua voca\u00e7\u00e3o &hellip;<\/p>\n<p class=\"read-more\"> <a class=\"\" href=\"https:\/\/www.cnbb.org.br\/morre-dom-aloisio-hilario-bispo-emerito-de-jatai-go\/\"> <span class=\"screen-reader-text\">Morre dom Alo\u00edsio Hil\u00e1rio de Pinho, bispo em\u00e9rito de Jata\u00ed (GO)<\/span> Leia mais &raquo;<\/a><\/p>\n","protected":false},"author":83,"featured_media":263219,"comment_status":"open","ping_status":"open","sticky":false,"template":"","format":"standard","meta":{"site-sidebar-layout":"default","site-content-layout":"default","ast-global-header-display":"","ast-banner-title-visibility":"","ast-main-header-display":"","ast-hfb-above-header-display":"","ast-hfb-below-header-display":"","ast-hfb-mobile-header-display":"","site-post-title":"","ast-breadcrumbs-content":"","ast-featured-img":"","footer-sml-layout":"","theme-transparent-header-meta":"default","adv-header-id-meta":"","stick-header-meta":"","header-above-stick-meta":"","header-main-stick-meta":"","header-below-stick-meta":""},"categories":[1841,1358],"tags":[1182,3605,2107,3604],"acf":[],"_links":{"self":[{"href":"https:\/\/www.cnbb.org.br\/cnbb-app\/wp\/v2\/posts\/263213"}],"collection":[{"href":"https:\/\/www.cnbb.org.br\/cnbb-app\/wp\/v2\/posts"}],"about":[{"href":"https:\/\/www.cnbb.org.br\/cnbb-app\/wp\/v2\/types\/post"}],"author":[{"embeddable":true,"href":"https:\/\/www.cnbb.org.br\/cnbb-app\/wp\/v2\/users\/83"}],"replies":[{"embeddable":true,"href":"https:\/\/www.cnbb.org.br\/cnbb-app\/wp\/v2\/comments?post=263213"}],"version-history":[{"count":0,"href":"https:\/\/www.cnbb.org.br\/cnbb-app\/wp\/v2\/posts\/263213\/revisions"}],"wp:featuredmedia":[{"embeddable":true,"href":"https:\/\/www.cnbb.org.br\/cnbb-app\/wp\/v2\/media\/263219"}],"wp:attachment":[{"href":"https:\/\/www.cnbb.org.br\/cnbb-app\/wp\/v2\/media?parent=263213"}],"wp:term":[{"taxonomy":"category","embeddable":true,"href":"https:\/\/www.cnbb.org.br\/cnbb-app\/wp\/v2\/categories?post=263213"},{"taxonomy":"post_tag","embeddable":true,"href":"https:\/\/www.cnbb.org.br\/cnbb-app\/wp\/v2\/tags?post=263213"}],"curies":[{"name":"wp","href":"https:\/\/api.w.org\/{rel}","templated":true}]}}