{"id":263271,"date":"2021-05-05T13:27:34","date_gmt":"2021-05-05T16:27:34","guid":{"rendered":"https:\/\/www.cnbb.org.br\/?p=263271"},"modified":"2021-05-05T13:30:10","modified_gmt":"2021-05-05T16:30:10","slug":"dom-orlando-comenta-decisao-do-papa-de-escolher-o-santuario-de-aparecida-para-representar-o-brasil-em-maratona-de-oracao","status":"publish","type":"post","link":"https:\/\/www.cnbb.org.br\/dom-orlando-comenta-decisao-do-papa-de-escolher-o-santuario-de-aparecida-para-representar-o-brasil-em-maratona-de-oracao\/","title":{"rendered":"Dom Orlando comenta decis\u00e3o do Papa de escolher o Santu\u00e1rio de Aparecida para representar o Brasil em maratona de ora\u00e7\u00e3o"},"content":{"rendered":"<p style=\"text-align: justify;\">O Santu\u00e1rio Nacional de Aparecida (SP) se prepara para a ora\u00e7\u00e3o do Ter\u00e7o pelo fim da pandemia na quinta-feira, dia 6 de maio. A a\u00e7\u00e3o, convocada pelo Papa Francisco e iniciada por ele mesmo no \u00faltimo s\u00e1bado, dia 1\u00ba, envolve 30 santu\u00e1rios em diversos pa\u00edses durante o m\u00eas de maio. A Bas\u00edlica que abriga a Padroeira vai representar o Brasil na \u201cmaratona\u201d de ora\u00e7\u00f5es. A celebra\u00e7\u00e3o acontece a partir das 11h, no Altar Central do templo.<\/p>\n<p style=\"text-align: justify;\"><img decoding=\"async\" loading=\"lazy\" class=\" wp-image-263176 alignright\" src=\"https:\/\/www.cnbb.org.br\/wp-content\/uploads\/2021\/05\/Destaque-1-1024x589.jpg\" alt=\"\" width=\"436\" height=\"251\" srcset=\"https:\/\/www.cnbb.org.br\/wp-content\/uploads\/2021\/05\/Destaque-1-1024x589.jpg 1024w, https:\/\/www.cnbb.org.br\/wp-content\/uploads\/2021\/05\/Destaque-1-300x173.jpg 300w, https:\/\/www.cnbb.org.br\/wp-content\/uploads\/2021\/05\/Destaque-1-768x442.jpg 768w, https:\/\/www.cnbb.org.br\/wp-content\/uploads\/2021\/05\/Destaque-1-500x288.jpg 500w, https:\/\/www.cnbb.org.br\/wp-content\/uploads\/2021\/05\/Destaque-1.jpg 1203w\" sizes=\"(max-width: 436px) 100vw, 436px\" \/><\/p>\n<p style=\"text-align: justify;\">Para os brasileiros, a celebra\u00e7\u00e3o ser\u00e1 transmitida ao vivo, na quinta-feira, a partir das 11h, pelas redes sociais da CNBB, do Santu\u00e1rio Nacional (<a href=\"https:\/\/pt-br.facebook.com\/santuariodeaparecidaoficial\/\" target=\"_blank\" rel=\"noopener\">Facebook<\/a>\u00a0e\u00a0<a href=\"https:\/\/www.youtube.com\/channel\/UCuSeVCzI21lPeKnIzZehFPQ\" target=\"_blank\" rel=\"noopener\">YouTube<\/a>),\u00a0<a href=\"https:\/\/www.youtube.com\/channel\/UCfYrK5JU5EznsnK3wQE7iIg\" target=\"_blank\" rel=\"noopener\">TV Aparecida<\/a>,\u00a0<a href=\"https:\/\/www.a12.com\/tv\/tv-ao-vivo\" target=\"_blank\" rel=\"noopener\">TV ao Vivo<\/a>\u00a0no A12 e\u00a0<a href=\"https:\/\/www.a12.com\/redacaoa12\/aplicativo-rede-aparecida\" target=\"_blank\" rel=\"noopener\">Aplicativo Aparecida<\/a>. \u00c0s 13h de Bras\u00edlia (18h de Roma), os canais oficiais do Vaticano exibem a celebra\u00e7\u00e3o que deve ser acompanhada por fi\u00e9is de todo o mundo.<\/p>\n<p style=\"text-align: justify;\">O arcebispo de Aparecida (SP), dom Orlando Brandes, ir\u00e1 presidir a celebra\u00e7\u00e3o. Em entrevista ao portal A12 e compartilhada com o portal da CNBB, ele comentou a decis\u00e3o do Papa em escolher o Santu\u00e1rio para representar o Brasil nessa ora\u00e7\u00e3o.<\/p>\n<p style=\"text-align: justify;\">Confira, abaixo, a entrevista:<\/p>\n<p style=\"text-align: justify;\"><strong>Dom Orlando, o Papa Francisco escolheu o Santu\u00e1rio Nacional para representar o Brasil nessa ora\u00e7\u00e3o do dia 6. Na sua vis\u00e3o qual foi a motiva\u00e7\u00e3o para isso?<\/strong><br \/>\n<em>A grande motiva\u00e7\u00e3o \u00e9 a vit\u00f3ria sob a pandemia, para todos os santu\u00e1rios (os 30 escolhidos) rezarem juntos durante todo o m\u00eas de maio e pedirem pelo fim da pandemia. Por isso, vamos rezar com muita f\u00e9, com muita muita devo\u00e7\u00e3o. Estamos convidando as pessoas para que rezem conosco em casa no dia 6, com esse grande objetivo: o de fixarmos os nossos cora\u00e7\u00f5es, fixarmos os nossos olhos nesse pedido mundial &#8211; pela supera\u00e7\u00e3o da Covid; sa\u00fade para todos; pelo fim de tantas mortes e a vit\u00f3ria da vida; a vit\u00f3ria da gra\u00e7a de Deus, pela intercess\u00e3o poderosa de Nossa Senhora que \u00e9 Nossa Senhora das vit\u00f3rias, por isso n\u00e3o vamos pedir outra coisa nesse ter\u00e7o, sen\u00e3o -, vit\u00f3ria, cura, liberta\u00e7\u00e3o, derrota da Covid.<\/em><\/p>\n<p><strong>Qual \u00e9 o significado desse momento de ora\u00e7\u00e3o que une o Santu\u00e1rio Nacional ao Santo Padre?<\/strong><\/p>\n<p style=\"text-align: justify;\"><em>O Papa gosta muito do Santu\u00e1rio de Aparecida e \u00e9 um dos maiores do mundo, ent\u00e3o n\u00e3o poderia ficar fora, claro, pelo contr\u00e1rio (&#8230;). \u00c9 um amor, \u00e9 um carinho, \u00e9 um privil\u00e9gio de termos papas, n\u00e3o somente o Papa Francisco, que admiro muito, que vem vindo aqui no Santu\u00e1rio, e nos dado um conselho: permanecer na escola de Maria.<\/em><\/p>\n<p style=\"text-align: justify;\"><strong>O Brasil \u00e9 o terceiro pa\u00eds com mais v\u00edtimas fatais da Covid, esse momento de ora\u00e7\u00e3o \u00e9 um sinal de esperan\u00e7a mesmo em meio ao caos?<\/strong><\/p>\n<p style=\"text-align: justify;\"><em>A ora\u00e7\u00e3o junto com a natureza humana, com a ci\u00eancia humana &#8211; porque f\u00e9 e ci\u00eancia trabalham juntas &#8211; ent\u00e3o a nossa esperan\u00e7a, a nossa ora\u00e7\u00e3o \u00e9 um rem\u00e9dio. A esperan\u00e7a tamb\u00e9m \u00e9 um rem\u00e9dio, mas unimos as duas m\u00e3os &#8211; a m\u00e3o da f\u00e9 e a m\u00e3o da ci\u00eancia &#8211; e quando n\u00f3s pedimos para a supera\u00e7\u00e3o, a vit\u00f3ria sob a pandemia, n\u00f3s estamos pedindo tamb\u00e9m a vit\u00f3ria da ci\u00eancia e do saber humano em que a gra\u00e7a de Deus e do Esp\u00edrito Santo continuem dominando o saber dos cientistas, dos m\u00e9dicos, e claro, os poderes, para que juntos na unidade sejamos vitoriosos sobre esse v\u00edrus.<\/em><\/p>\n<p style=\"text-align: justify;\"><strong>Qual o sentimento do senhor em participar desse momento e atender a esse pedido do pont\u00edfice?<\/strong><br \/>\n<em>Primeiro, o de rezarmos com f\u00e9, de sermos fiel a esse pedido do Papa. E rezarmos e nos prepararmos bem para essa ora\u00e7\u00e3o para que n\u00e3o seja uma formalidade ou um ato convencional. \u00c9 um ato de muita f\u00e9! Depois, sentimento de gratid\u00e3o porque o nosso Santu\u00e1rio junto com os outros forma uma grande sintonia, uma grande orquestra nesse pedido a Nossa Senhora para a sa\u00fade dos enfermos e a supera\u00e7\u00e3o dessa pandemia. E tamb\u00e9m o sentimento de gratid\u00e3o pelo pr\u00f3prio Papa porque nos anima muito esse amor que ele tem por Aparecida.<\/em><\/p>\n<p>&nbsp;<\/p>\n<pre>Foto de capa: Reprodu\u00e7\u00e3o\/A12<\/pre>\n<p>&nbsp;<\/p>\n<p>&nbsp;<\/p>\n","protected":false},"excerpt":{"rendered":"<p>O Santu\u00e1rio Nacional de Aparecida (SP) se prepara para a ora\u00e7\u00e3o do Ter\u00e7o pelo fim da pandemia na quinta-feira, dia 6 de maio. A a\u00e7\u00e3o, convocada pelo Papa Francisco e iniciada por ele mesmo no \u00faltimo s\u00e1bado, dia 1\u00ba, envolve 30 santu\u00e1rios em diversos pa\u00edses durante o m\u00eas de maio. Dom Orlando, arcebispo de Aparecida (SP), fala sobre a decis\u00e3o do Papa<\/p>\n","protected":false},"author":83,"featured_media":263277,"comment_status":"open","ping_status":"open","sticky":false,"template":"","format":"standard","meta":{"site-sidebar-layout":"default","site-content-layout":"default","ast-global-header-display":"","ast-banner-title-visibility":"","ast-main-header-display":"","ast-hfb-above-header-display":"","ast-hfb-below-header-display":"","ast-hfb-mobile-header-display":"","site-post-title":"","ast-breadcrumbs-content":"","ast-featured-img":"","footer-sml-layout":"","theme-transparent-header-meta":"default","adv-header-id-meta":"","stick-header-meta":"","header-above-stick-meta":"","header-main-stick-meta":"","header-below-stick-meta":""},"categories":[50,1851],"tags":[3591,2171,2531],"acf":[],"_links":{"self":[{"href":"https:\/\/www.cnbb.org.br\/cnbb-app\/wp\/v2\/posts\/263271"}],"collection":[{"href":"https:\/\/www.cnbb.org.br\/cnbb-app\/wp\/v2\/posts"}],"about":[{"href":"https:\/\/www.cnbb.org.br\/cnbb-app\/wp\/v2\/types\/post"}],"author":[{"embeddable":true,"href":"https:\/\/www.cnbb.org.br\/cnbb-app\/wp\/v2\/users\/83"}],"replies":[{"embeddable":true,"href":"https:\/\/www.cnbb.org.br\/cnbb-app\/wp\/v2\/comments?post=263271"}],"version-history":[{"count":0,"href":"https:\/\/www.cnbb.org.br\/cnbb-app\/wp\/v2\/posts\/263271\/revisions"}],"wp:featuredmedia":[{"embeddable":true,"href":"https:\/\/www.cnbb.org.br\/cnbb-app\/wp\/v2\/media\/263277"}],"wp:attachment":[{"href":"https:\/\/www.cnbb.org.br\/cnbb-app\/wp\/v2\/media?parent=263271"}],"wp:term":[{"taxonomy":"category","embeddable":true,"href":"https:\/\/www.cnbb.org.br\/cnbb-app\/wp\/v2\/categories?post=263271"},{"taxonomy":"post_tag","embeddable":true,"href":"https:\/\/www.cnbb.org.br\/cnbb-app\/wp\/v2\/tags?post=263271"}],"curies":[{"name":"wp","href":"https:\/\/api.w.org\/{rel}","templated":true}]}}