{"id":263336,"date":"2021-05-06T14:09:34","date_gmt":"2021-05-06T17:09:34","guid":{"rendered":"https:\/\/www.cnbb.org.br\/?p=263336"},"modified":"2021-05-06T16:01:17","modified_gmt":"2021-05-06T19:01:17","slug":"celebrar-as-maes","status":"publish","type":"post","link":"https:\/\/www.cnbb.org.br\/celebrar-as-maes\/","title":{"rendered":"Celebrar as m\u00e3es"},"content":{"rendered":"<p style=\"text-align: right;\"><strong>Dom Jaime Vieira Rocha<br \/>\nArcebispo de Natal (RN)<\/strong><\/p>\n<p>&nbsp;<\/p>\n<p style=\"text-align: justify;\">A ternura que recebemos de nossas m\u00e3es \u00e9 um sinal da ternura de Deus direcionada aos homens e mulheres. \u00c9 uma ternura que embeleza, que anima e alegra. Deus mesmo agiu na hist\u00f3ria de seu povo, realizando para aquelas mulheres que n\u00e3o podiam ter filhos, a gra\u00e7a da maternidade. E em todos os casos em que o fez sempre relacionou com seu plano de revela\u00e7\u00e3o e de salva\u00e7\u00e3o. Na verdade, \u00e9 assim que podemos olhar e entender a maternidade: ela se enquadra no grande plano de Deus &#8211; cria\u00e7\u00e3o, vida em comunh\u00e3o, salva\u00e7\u00e3o e plenitude. Deus n\u00e3o traz \u00e0 vida nenhum ser que viva errante nas estradas do mundo, quase como se fossem seres que n\u00e3o tivessem a raz\u00e3o de ser. Pelo contr\u00e1rio, a atitude de Deus em criar se realiza dentro de uma experi\u00eancia de amor, onde chamar \u00e0 vida o que n\u00e3o existe \u00e9 sempre para uma exist\u00eancia de comunh\u00e3o, de amor e de plenitude. At\u00e9 afirmamos, tamb\u00e9m, que os outros seres, irracionais, s\u00e3o criados por gesto de amor da parte de nosso Deus!<\/p>\n<p style=\"text-align: justify;\">Todos os seres humanos, independentemente de qualquer que seja a particularidade, est\u00e3o envolvidos pelo amor e benepl\u00e1cito divinos. E mais, Deus ainda faz com que participem, como colaboradores de sua obra, os mesmos que ele criou. Por isso, homens e mulheres s\u00e3o como que \u201cco-criadores\u201d, isto \u00e9, parceiros de Deus na obra da cria\u00e7\u00e3o.<\/p>\n<p style=\"text-align: justify;\">Na din\u00e2mica dessa colabora\u00e7\u00e3o est\u00e3o as mulheres, e nomeadamente, aquelas que vivem a gra\u00e7a da maternidade. Certamente, o entendimento n\u00e3o \u00e9 de exclus\u00e3o, ou seja, pensamos as m\u00e3es e deixamos de lado os pais. Na verdade, n\u00e3o podemos esquecer que se trata de entender o ser humano, que foi criado por Deus, \u00e0 sua imagem e semelhan\u00e7a, como ser de rela\u00e7\u00e3o. Uma rela\u00e7\u00e3o cujo primeiro e fundamental sentido encontra-se no universo da gesta\u00e7\u00e3o, obra de Deus e colabora\u00e7\u00e3o do homem e da mulher.<\/p>\n<p style=\"text-align: justify;\">Com esse belo sentido, humano, antropol\u00f3gico e religioso, somos chamados a comemorar, domingo pr\u00f3ximo, o Dia das M\u00e3es.\u00a0 Claro, n\u00e3o podemos esquecer as tantas m\u00e3es que passam necessidades, a que sofrem porque cuidam sozinhas de seus filhos, aquelas que s\u00e3o maltratadas pelo machismo e pelo flagelo e chaga do feminic\u00eddio, e as tantas m\u00e3es que perderam seus filhos ou mesmo morreram por causa da pandemia que nos assola. Hoje, mas do que nos tempos passados, somos convidados, e isso, com base na nossa f\u00e9, a reconhecer o quanto Deus realiza na nossa vida e ter confian\u00e7a que o que correspondemos, precisamente tendo presente que n\u00e3o conseguimos a perfei\u00e7\u00e3o, mas que buscamos e tentamos nos voltar sempre para Deus, tudo \u00e9, n\u00e3o s\u00f3 assumido por Ele, mas levado, por causa do sacrif\u00edcio redentor de seu Filho e pela presen\u00e7a amorosa e curadora de seu Espirito, ao perfeito cumprimento.<\/p>\n<p style=\"text-align: justify;\">Quando pensamos nas m\u00e3es nosso cora\u00e7\u00e3o se emociona e se eleva a ponto de desejar sempre que elas sejam felizes. Nunca ser\u00e1 demais louvar e engrandecer o nosso bom Deus, que n\u00e3o s\u00f3 quis dar para seu Filho uma m\u00e3e, a Virgem de Nazar\u00e9, mas at\u00e9 mesmo se apresentou comparando-se a uma m\u00e3e. \u00c9 c\u00e9lebre o texto do profeta Isa\u00edas, onde Deus assume, em sumo grau, a ternura da m\u00e3e: \u201cSi\u00e3o vinha dizendo: \u2018O SENHOR me abandonou, o SENHOR esqueceu-se de mim!\u2019. Acaso uma mulher esquece o seu nen\u00e9m, ou o amor ao filho de suas entranhas? Mesmo que alguma se esque\u00e7a, eu de ti jamais me esquecerei! &#8221; (Is 49,14-15). E ainda, lembremos de uma palavra t\u00e3o doce e cheia de ternura do Papa Jo\u00e3o Paulo I, que afirmou:<\/p>\n<p style=\"text-align: justify;\">\u201cTamb\u00e9m n\u00f3s, que nos encontramos aqui, temos os mesmos sentimentos; somos objecto, da parte de Deus, dum amor que n\u00e3o se apaga. Sabemos que tem os olhos sempre abertos para nos ver, mesmo quando parece que \u00e9 de noite. Ele \u00e9 pap\u00e1; mais ainda, \u00e9 m\u00e3e. N\u00e3o quer fazer-nos mal, s\u00f3 nos quer fazer bem, a todos, Os filhos, se por acaso est\u00e3o doentes, possuem um t\u00edtulo a mais para serem amados pela m\u00e3e. Tamb\u00e9m n\u00f3s, se por acaso estamos doentes de maldade, fora do caminho, temos um t\u00edtulo a mais para que o Senhor nos ame\u201d (JO\u00c3O PAULO I. Angelus, 10 de setembro de 1978).<\/p>\n<p style=\"text-align: justify;\">Assim, queridos filhos e filhas, no dia das m\u00e3es, n\u00e3o deixem de agradecer ao bom Deus pela sua exist\u00eancia. N\u00e3o deixem de dar ou mandar um beijo para dias m\u00e3es, n\u00e3o deixem de rezar por elas, ou ainda, n\u00e3o esque\u00e7am que, as que j\u00e1 n\u00e3o est\u00e3o aqui na terra, est\u00e3o olhando por voc\u00eas de junto de Deus, no c\u00e9u. E isso, precisamente porque, enquanto elas viveram aqui junto a voc\u00eas, elas n\u00e3o viveram ou n\u00e3o tiveram outra raz\u00e3o de ser sen\u00e3o amar, doar-se e gastar-se por cada um de seus filhos e filhas. E cremos: quando j\u00e1 amor, quando a vida e doada, ela se torna vida plena, pois quando amamos, estamos no cora\u00e7\u00e3o de Deus, o qual plenitude de vida.<\/p>\n","protected":false},"excerpt":{"rendered":"<p>Dom Jaime Vieira Rocha Arcebispo de Natal (RN) &nbsp; A ternura que recebemos de nossas m\u00e3es \u00e9 um sinal da ternura de Deus direcionada aos homens e mulheres. \u00c9 uma ternura que embeleza, que anima e alegra. Deus mesmo agiu na hist\u00f3ria de seu povo, realizando para aquelas mulheres que n\u00e3o podiam ter filhos, a &hellip;<\/p>\n<p class=\"read-more\"> <a class=\"\" href=\"https:\/\/www.cnbb.org.br\/celebrar-as-maes\/\"> <span class=\"screen-reader-text\">Celebrar as m\u00e3es<\/span> Leia mais &raquo;<\/a><\/p>\n","protected":false},"author":19,"featured_media":0,"comment_status":"open","ping_status":"open","sticky":false,"template":"","format":"standard","meta":{"site-sidebar-layout":"default","site-content-layout":"default","ast-global-header-display":"","ast-banner-title-visibility":"","ast-main-header-display":"","ast-hfb-above-header-display":"","ast-hfb-below-header-display":"","ast-hfb-mobile-header-display":"","site-post-title":"","ast-breadcrumbs-content":"","ast-featured-img":"","footer-sml-layout":"","theme-transparent-header-meta":"default","adv-header-id-meta":"","stick-header-meta":"","header-above-stick-meta":"","header-main-stick-meta":"","header-below-stick-meta":""},"categories":[758,1837],"tags":[],"acf":[],"_links":{"self":[{"href":"https:\/\/www.cnbb.org.br\/cnbb-app\/wp\/v2\/posts\/263336"}],"collection":[{"href":"https:\/\/www.cnbb.org.br\/cnbb-app\/wp\/v2\/posts"}],"about":[{"href":"https:\/\/www.cnbb.org.br\/cnbb-app\/wp\/v2\/types\/post"}],"author":[{"embeddable":true,"href":"https:\/\/www.cnbb.org.br\/cnbb-app\/wp\/v2\/users\/19"}],"replies":[{"embeddable":true,"href":"https:\/\/www.cnbb.org.br\/cnbb-app\/wp\/v2\/comments?post=263336"}],"version-history":[{"count":0,"href":"https:\/\/www.cnbb.org.br\/cnbb-app\/wp\/v2\/posts\/263336\/revisions"}],"wp:attachment":[{"href":"https:\/\/www.cnbb.org.br\/cnbb-app\/wp\/v2\/media?parent=263336"}],"wp:term":[{"taxonomy":"category","embeddable":true,"href":"https:\/\/www.cnbb.org.br\/cnbb-app\/wp\/v2\/categories?post=263336"},{"taxonomy":"post_tag","embeddable":true,"href":"https:\/\/www.cnbb.org.br\/cnbb-app\/wp\/v2\/tags?post=263336"}],"curies":[{"name":"wp","href":"https:\/\/api.w.org\/{rel}","templated":true}]}}