{"id":263361,"date":"2021-05-07T12:14:27","date_gmt":"2021-05-07T15:14:27","guid":{"rendered":"https:\/\/www.cnbb.org.br\/?p=263361"},"modified":"2021-05-07T12:14:27","modified_gmt":"2021-05-07T15:14:27","slug":"lancado-o-video-da-segunda-fase-da-acao-solidaria-emergencial-e-tempo-de-cuidar","status":"publish","type":"post","link":"https:\/\/www.cnbb.org.br\/lancado-o-video-da-segunda-fase-da-acao-solidaria-emergencial-e-tempo-de-cuidar\/","title":{"rendered":"Lan\u00e7ado o v\u00eddeo da segunda fase da A\u00e7\u00e3o Solid\u00e1ria Emergencial \u201c\u00c9 tempo de Cuidar\u201d"},"content":{"rendered":"<p style=\"text-align: justify;\">A A\u00e7\u00e3o Solid\u00e1ria Emergencial <strong>&#8220;\u00c9 Tempo de Cuidar&#8221;<\/strong>&#8211; uma iniciativa da Confer\u00eancia Nacional dos Bispos do Brasil (CNBB) e C\u00e1ritas Brasileira &#8211; entrou em sua segunda fase ganhando um novo impulso. \u201cUm trabalho bonito, necess\u00e1rio, desenvolvido com o empenho de evangelizadores de muitas dioceses \u2013 de norte a sul e leste a oeste \u2013 de todo o Brasil\u201d, afirma o presidente da CNBB, dom Walmor Oliveira de Azevedo.<\/p>\n<p style=\"text-align: justify;\">O in\u00edcio desta segunda fase da A\u00e7\u00e3o Solid\u00e1ria Emergencial se deu no Domingo da Miseric\u00f3rdia, 11 de abril, quando todas as comunidades e par\u00f3quias cat\u00f3licas do Brasil foram convidadas a repicar os sinos salientando a import\u00e2ncia da manifesta\u00e7\u00e3o de sinais de esperan\u00e7a, f\u00e9 e solidariedade diante das mortes pela Covid-19.<\/p>\n<p style=\"text-align: justify;\">E \u00e9 neste contexto, o de conclamar mais uma vez, todas as comunidades de f\u00e9 a se unirem em um grande mutir\u00e3o de ajuda aos que mais necessitam, \u00e9 que a A\u00e7\u00e3o Solid\u00e1ria Emergencial lan\u00e7ou nesta sexta-feira, 7 de maio, o v\u00eddeo oficial de sua segunda fase.<\/p>\n<p style=\"text-align: justify;\">No v\u00eddeo representantes de v\u00e1rias institui\u00e7\u00f5es como a pr\u00f3pria CNBB, a Confer\u00eancia dos Religiosos do Brasil (CRB), o Movimento de Educa\u00e7\u00e3o de Base (MEB) e a Associa\u00e7\u00e3o Nacional de Educa\u00e7\u00e3o Cat\u00f3lica do Brasil (ANEC) estimulam a todos a participarem da iniciativa.<\/p>\n<p style=\"text-align: justify;\">Confira, abaixo, o v\u00eddeo:<\/p>\n<div class=\"ast-oembed-container\" style=\"height: 100%;\">\n<div style=\"max-width: 1333px;\">\n<div style=\"left: 0; width: 100%; height: 0; position: relative; padding-bottom: 56.25%;\"><iframe title=\"\u00c9 tempo de Cuidar - Segunda fase\" src=\"https:\/\/www.youtube.com\/embed\/0lQjOgU4oF4?rel=0\" style=\"border: 0; top: 0; left: 0; width: 100%; height: 100%; position: absolute;\" allowfullscreen scrolling=\"no\" allow=\"encrypted-media; accelerometer; clipboard-write; gyroscope; picture-in-picture\"><\/iframe><\/div>\n<\/div>\n<\/div>\n<h3 style=\"text-align: justify;\"><strong><br \/>\nA A\u00e7\u00e3o Emergencial<\/strong><\/h3>\n<p style=\"text-align: justify;\">A <strong>A\u00e7\u00e3o Solid\u00e1ria Emergencial &#8220;\u00c9 tempo de Cuidar&#8221;<\/strong> foi lan\u00e7ada no dia 12 de abril do ano passado, Domingo de P\u00e1scoa, com a inten\u00e7\u00e3o ajudar pessoas em situa\u00e7\u00e3o de vulnerabilidade alimentar, e entrou em sua segunda fase no Domingo da Miseric\u00f3rdia, dia 11 de abril, a partir da homenagem proposta pela CNBB em solidariedade \u00e0s v\u00edtimas da COVID-19 que estimulou o repicar conjunto dos sinos das par\u00f3quias de todo o Brasil.<\/p>\n<p style=\"text-align: justify;\">Com um alcance de mais de 1,1 milh\u00e3o de pessoas beneficiadas, foram arrecadados em recursos financeiros mais de R$ 4,5 milh\u00f5es e distribu\u00eddos cerca de 5,9 milh\u00f5es de quilos de alimentos. O balan\u00e7o aponta ainda que as popula\u00e7\u00f5es em situa\u00e7\u00e3o de vulnerabilidade receberam 713 mil refei\u00e7\u00f5es prontas, 675 mil pe\u00e7as de roupas e cal\u00e7ados, al\u00e9m de 405 mil kits de higiene pessoal e 409 mil equipamentos de prote\u00e7\u00e3o individual.<\/p>\n<p style=\"text-align: justify;\">A <strong>\u201c\u00c9 tempo de cuidar\u201d<\/strong> continua com seu prop\u00f3sito de ajudar a combater a fome no Brasil. Para tanto, est\u00e1 desenvolvendo a\u00e7\u00f5es de mobiliza\u00e7\u00e3o, as quais pretendem atingir n\u00e3o somente as entidades da Igreja, mas tamb\u00e9m as organiza\u00e7\u00f5es dos mais diversos segmentos da sociedade civil, por meio do estabelecimento de parcerias e desenvolvimento de projetos conjuntos.<\/p>\n<h3 style=\"text-align: justify;\"><strong>Balan\u00e7o da primeira fase<\/strong><\/h3>\n<p style=\"text-align: justify;\">Durante a programa\u00e7\u00e3o da 58\u00aa Assembleia Geral dos Bispos do Brasil (AG CNBB), na celebra\u00e7\u00e3o de abertura, dia 12 de abril, ser\u00e1 lan\u00e7ada esta segunda fase. Na apresenta\u00e7\u00e3o do relat\u00f3rio do presidente, a ser apresentado aos bispos no primeiro dia da Assembleia, ser\u00e1 feito um balan\u00e7o com os resultados da primeira fase. Na tarde do dia 14 de abril, \u00e0s 14h45, ser\u00e1 apresentado um balan\u00e7o geral e a segunda fase da campanha ao episcopado brasileiro.<\/p>\n<p style=\"text-align: justify;\">A C\u00e1ritas Brasileira, organiza\u00e7\u00e3o que sistematiza e monitora os dados da campanha,<a href=\"https:\/\/app.powerbi.com\/view?r=eyJrIjoiZDE0ZjcyMTEtNjUxOS00YmMzLTljNmItNjBiOTY3MWUxM2U1IiwidCI6IjM2YmIzMGZiLTg0NzEtNDY2Zi1iOTQ4LTYwMDQ3NzE1YTg2YiJ9\" target=\"_blank\" rel=\"noopener\"> no balan\u00e7o de 23 de mar\u00e7o, <\/a>\u00a0aponta 823 a\u00e7\u00f5es registradas em 140 arquidioceses e dioceses brasileiras, com a marca de 5,868.961 mil kilos de alimentos. Em recursos financeiros, a campanha atingiu R$ 4,523.832,00.<\/p>\n<p style=\"text-align: justify;\">Em sua primeira fase, a campanha produziu e distribuiu para as popula\u00e7\u00f5es mais vulner\u00e1veis cerca de 717 mil alimentos (quentinhas), arrecadou e distribuiu 727.832 mil unidades de roupas e cal\u00e7ados, 411.580 mil kits de higiene e 414.114 mil equipamentos de prote\u00e7\u00e3o individual. Mais de 1,1 milh\u00e3o de pessoas foram beneficiadas. O mapa com os dados pode ser acessado <a href=\"https:\/\/app.powerbi.com\/view?r=eyJrIjoiYjBmZGUxOGYtYWRmNC00ZjQxLTg2MGItNTVjMWFiMzdjYmZiIiwidCI6IjM2YmIzMGZiLTg0NzEtNDY2Zi1iOTQ4LTYwMDQ3NzE1YTg2YiJ9&amp;pageName=ReportSection\" target=\"_blank\" rel=\"noopener\">aqui.<\/a><\/p>\n<p>&nbsp;<\/p>\n<p>&nbsp;<\/p>\n<p>&nbsp;<\/p>\n","protected":false},"excerpt":{"rendered":"<p>A A\u00e7\u00e3o Solid\u00e1ria Emergencial &#8220;\u00c9 Tempo de Cuidar&#8221;&#8211; uma iniciativa da Confer\u00eancia Nacional dos Bispos do Brasil (CNBB) e C\u00e1ritas Brasileira &#8211; entrou em sua segunda fase ganhando um novo impulso. \u201cUm trabalho bonito, necess\u00e1rio, desenvolvido com o empenho de evangelizadores de muitas dioceses \u2013 de norte a sul e leste a oeste \u2013 de &hellip;<\/p>\n<p class=\"read-more\"> <a class=\"\" href=\"https:\/\/www.cnbb.org.br\/lancado-o-video-da-segunda-fase-da-acao-solidaria-emergencial-e-tempo-de-cuidar\/\"> <span class=\"screen-reader-text\">Lan\u00e7ado o v\u00eddeo da segunda fase da A\u00e7\u00e3o Solid\u00e1ria Emergencial \u201c\u00c9 tempo de Cuidar\u201d<\/span> Leia mais &raquo;<\/a><\/p>\n","protected":false},"author":83,"featured_media":261892,"comment_status":"open","ping_status":"open","sticky":false,"template":"","format":"standard","meta":{"site-sidebar-layout":"default","site-content-layout":"default","ast-global-header-display":"","ast-banner-title-visibility":"","ast-main-header-display":"","ast-hfb-above-header-display":"","ast-hfb-below-header-display":"","ast-hfb-mobile-header-display":"","site-post-title":"","ast-breadcrumbs-content":"","ast-featured-img":"","footer-sml-layout":"","theme-transparent-header-meta":"default","adv-header-id-meta":"","stick-header-meta":"","header-above-stick-meta":"","header-main-stick-meta":"","header-below-stick-meta":""},"categories":[1840,1869],"tags":[2496,3530],"acf":[],"_links":{"self":[{"href":"https:\/\/www.cnbb.org.br\/cnbb-app\/wp\/v2\/posts\/263361"}],"collection":[{"href":"https:\/\/www.cnbb.org.br\/cnbb-app\/wp\/v2\/posts"}],"about":[{"href":"https:\/\/www.cnbb.org.br\/cnbb-app\/wp\/v2\/types\/post"}],"author":[{"embeddable":true,"href":"https:\/\/www.cnbb.org.br\/cnbb-app\/wp\/v2\/users\/83"}],"replies":[{"embeddable":true,"href":"https:\/\/www.cnbb.org.br\/cnbb-app\/wp\/v2\/comments?post=263361"}],"version-history":[{"count":0,"href":"https:\/\/www.cnbb.org.br\/cnbb-app\/wp\/v2\/posts\/263361\/revisions"}],"wp:featuredmedia":[{"embeddable":true,"href":"https:\/\/www.cnbb.org.br\/cnbb-app\/wp\/v2\/media\/261892"}],"wp:attachment":[{"href":"https:\/\/www.cnbb.org.br\/cnbb-app\/wp\/v2\/media?parent=263361"}],"wp:term":[{"taxonomy":"category","embeddable":true,"href":"https:\/\/www.cnbb.org.br\/cnbb-app\/wp\/v2\/categories?post=263361"},{"taxonomy":"post_tag","embeddable":true,"href":"https:\/\/www.cnbb.org.br\/cnbb-app\/wp\/v2\/tags?post=263361"}],"curies":[{"name":"wp","href":"https:\/\/api.w.org\/{rel}","templated":true}]}}