{"id":263390,"date":"2021-05-07T15:32:11","date_gmt":"2021-05-07T18:32:11","guid":{"rendered":"https:\/\/www.cnbb.org.br\/?p=263390"},"modified":"2021-05-08T01:11:52","modified_gmt":"2021-05-08T04:11:52","slug":"pontificias-obras-missionarias-pom-celebram-os-199-anos-de-nascimento-da-obra-de-propagacao-da-fe","status":"publish","type":"post","link":"https:\/\/www.cnbb.org.br\/pontificias-obras-missionarias-pom-celebram-os-199-anos-de-nascimento-da-obra-de-propagacao-da-fe\/","title":{"rendered":"Pontif\u00edcias Obras Mission\u00e1rias (POM) celebram os 199 anos de nascimento da Obra de Propaga\u00e7\u00e3o da F\u00e9"},"content":{"rendered":"<p style=\"text-align: justify;\">No \u00faltimo dia 3 de maio, as Pontif\u00edcias Obras Mission\u00e1rias (POM) celebraram o 199\u00ba anivers\u00e1rio do nascimento da Obra de Propaga\u00e7\u00e3o da F\u00e9 (POPF) e o 99\u00ba anivers\u00e1rio da sua eleva\u00e7\u00e3o \u00e0 Pontif\u00edcia com missa na capela da sede das POM, em Bras\u00edlia (DF).<\/p>\n<p style=\"text-align: justify;\">Em artigo publicado no site das POM Brasil, o padre Genilson Sousa, secret\u00e1rio nacional da POPF, afirmou que a Obra de Propaga\u00e7\u00e3o da F\u00e9 nasceu em 1822 pela leiga francesa Pauline Jaricot, <em>\u201ca partir de atitude de amor e disponibilidade, despertando a consci\u00eancia para a miss\u00e3o al\u00e9m-fronteiras, testemunhando, primeiramente, um ardor pela miss\u00e3o, que n\u00e3o s\u00f3 acontece por quem est\u00e1 em terra de miss\u00e3o\u201d.<\/em><\/p>\n<figure id=\"attachment_263393\" aria-describedby=\"caption-attachment-263393\" style=\"width: 257px\" class=\"wp-caption alignright\"><img decoding=\"async\" loading=\"lazy\" class=\"wp-image-263393\" src=\"https:\/\/www.cnbb.org.br\/wp-content\/uploads\/2021\/05\/WhatsApp-Image-2021-05-06-at-18.25.01-768x1024.jpeg\" alt=\"\" width=\"257\" height=\"343\" \/><figcaption id=\"caption-attachment-263393\" class=\"wp-caption-text\"><em>Padre Genilson Sousa. Cr\u00e9dito: Arquivo pessoal<\/em><\/figcaption><\/figure>\n<p style=\"text-align: justify;\">No texto, padre Genilson fala das caracter\u00edsticas da leiga, que, em atitudes claras e simples sintetiza o que \u00e9 hoje a chamada miss\u00e3o Ad Gentes, ou seja, al\u00e9m-fronteiras. &#8220;\u00c9 a viv\u00eancia da evangeliza\u00e7\u00e3o em outro local completamente diferente da sua realidade&#8221;.<\/p>\n<p style=\"text-align: justify;\"><em>\u201cUma Igreja em sa\u00edda composta por v\u00e1rios instrumentos e meios humanos, mas que nasce do pr\u00f3prio cora\u00e7\u00e3o de Deus. Deus que entra em contato conosco, comunica a sua gra\u00e7a, quer que toda a humanidade acolha na liberdade o viver de seus caminhos\u201d<\/em>, destaca o padre.<\/p>\n<p style=\"text-align: justify;\">Padre Genilson tamb\u00e9m traz aspectos da f\u00e9 e do amor experiencial que Pauline viveu em sua vida:<\/p>\n<blockquote>\n<p style=\"text-align: justify;\"><em>\u201cOlhar para Pauline \u00e9 contemplar nela que Deus n\u00e3o est\u00e1 apegado a si mesmo, mas Ele \u00e9 comunh\u00e3o, \u00e9 amor trinit\u00e1rio que transborda para humanidade\u201d<\/em>, destaca em um trecho do artigo.<\/p>\n<\/blockquote>\n<p style=\"text-align: justify;\">Acrescentou, ainda, q<em>ue &#8220;o testemunho de Pauline nos ensina a escutar mais os sinais dos tempos, a ver as diversas realidades, aproximando-a em atitude solid\u00e1ria e fraterna na vida do pr\u00f3ximo\u201d<\/em>.<\/p>\n<h3><strong>Ano Celebrativo<\/strong><\/h3>\n<figure id=\"attachment_263160\" aria-describedby=\"caption-attachment-263160\" style=\"width: 381px\" class=\"wp-caption alignleft\"><img decoding=\"async\" loading=\"lazy\" class=\"wp-image-263160\" src=\"https:\/\/www.cnbb.org.br\/wp-content\/uploads\/2021\/05\/Logos-2022-1024x727.jpg\" alt=\"\" width=\"381\" height=\"270\" srcset=\"https:\/\/www.cnbb.org.br\/wp-content\/uploads\/2021\/05\/Logos-2022-1024x727.jpg 1024w, https:\/\/www.cnbb.org.br\/wp-content\/uploads\/2021\/05\/Logos-2022-300x213.jpg 300w, https:\/\/www.cnbb.org.br\/wp-content\/uploads\/2021\/05\/Logos-2022-768x545.jpg 768w, https:\/\/www.cnbb.org.br\/wp-content\/uploads\/2021\/05\/Logos-2022-1536x1090.jpg 1536w, https:\/\/www.cnbb.org.br\/wp-content\/uploads\/2021\/05\/Logos-2022-500x355.jpg 500w, https:\/\/www.cnbb.org.br\/wp-content\/uploads\/2021\/05\/Logos-2022.jpg 1522w\" sizes=\"(max-width: 381px) 100vw, 381px\" \/><figcaption id=\"caption-attachment-263160\" class=\"wp-caption-text\"><em>Divulga\u00e7\u00e3o<\/em><\/figcaption><\/figure>\n<p style=\"text-align: justify;\">As POM \u2013 organismos oficiais da Igreja Cat\u00f3lica, vinculados \u00e0 Congrega\u00e7\u00e3o para a Evangeliza\u00e7\u00e3o dos Povos deram in\u00edcio no dia 3 de maio ao \u2018Ano Celebrativo das POM\u2019, que comemora em 2022 os 200 anos da Pontif\u00edcia Obra da Propaga\u00e7\u00e3o da F\u00e9; 100 anos de eleva\u00e7\u00e3o do car\u00e1ter pontif\u00edcio das Obras e 400 anos da Congrega\u00e7\u00e3o para a Evangeliza\u00e7\u00e3o dos Povos.<\/p>\n<p style=\"text-align: justify;\">Presente em 130 pa\u00edses as POM vivem um processo de renova\u00e7\u00e3o, tendo como objetivo voltar \u00e0s fontes do seu carisma fundacional, iniciado com a leiga Pauline Jaricot, fundadora da Obra da Propaga\u00e7\u00e3o da F\u00e9 (POPF) e inspiradora para o surgimento da Inf\u00e2ncia e Adolesc\u00eancia Mission\u00e1ria (IAM), da Obra de S\u00e3o Pedro Apostolo e da Uni\u00e3o Mission\u00e1ria.<\/p>\n<p style=\"text-align: justify;\"><strong>Leia abaixo a \u00edntegra do artigo:<\/strong><\/p>\n<blockquote>\n<p style=\"text-align: justify;\"><strong>Celebra\u00e7\u00e3o dos 199 anos da Propaga\u00e7\u00e3o da F\u00e9<\/strong><\/p>\n<p style=\"text-align: justify;\">Estamos celebrando os 199 anos da Pontif\u00edcia Obra da Propaga\u00e7\u00e3o da F\u00e9. Obra nascida em 1822 pela leiga francesa, Pauline Jaricot, a partir de atitude de amor e disponibilidade, despertando a consci\u00eancia para a miss\u00e3o al\u00e9m-fronteiras, testemunhando, primeiramente, um ardor pela miss\u00e3o, que n\u00e3o s\u00f3 acontece por quem est\u00e1 em terra de miss\u00e3o.<\/p>\n<p style=\"text-align: justify;\">Pauline, em atitudes claras e, ao mesmo tempo, simples, em gesto de ora\u00e7\u00e3o, caridade e sacrif\u00edcio, sintetiza o que hoje chamamos de miss\u00e3o Ad Gentes, o car\u00e1ter universal da miss\u00e3o da Igreja. Uma Igreja em sa\u00edda composta por v\u00e1rios instrumentos e meios humanos, mas que nasce do pr\u00f3prio cora\u00e7\u00e3o de Deus. Deus que entra em contato conosco, comunica a sua gra\u00e7a, quer que toda a humanidade acolha na liberdade o viver de seus caminhos.<\/p>\n<p style=\"text-align: justify;\">Olhar para Pauline \u00e9 contemplar nela que Deus n\u00e3o est\u00e1 apegado a si mesmo, mas Ele \u00e9 comunh\u00e3o, \u00e9 amor trinit\u00e1rio que transborda para humanidade. \u201cO des\u00edgnio de Deus, origina-se da miss\u00e3o do Filho e da miss\u00e3o do Esp\u00edrito Santo\u201d (AG n\u00ba 2). \u00c9 esse amor experiencial que Pauline viveu em sua vida.<\/p>\n<p style=\"text-align: justify;\">Atrav\u00e9s da iniciativa de Pauline, celebrar a Propaga\u00e7\u00e3o da F\u00e9 \u00e9 contemplar Jesus, que na montanha sagrada, segundo o relato de Lucas, pede aos disc\u00edpulos para dar de comer \u00e0 multid\u00e3o, do que eles t\u00eam, dois peixes e cinco p\u00e3es, organizando em grupos, os recebe, aben\u00e7oa, parte aos disc\u00edpulos e partilha a toda a multid\u00e3o, sobrando em abund\u00e2ncia (Lc 9,10-17). \u00c9 o pouco com Deus que ele aben\u00e7oa e compartilha a miss\u00e3o com os disc\u00edpulos e todos s\u00e3o saciados. \u00c9 a partir dos dons das fam\u00edlias, da associa\u00e7\u00e3o que a jovem francesa transformava o pouco em testemunho de doa\u00e7\u00e3o \u00e0 miss\u00e3o. H\u00e1 99 anos tornou-se Obra Pontif\u00edcia pelo Papa Pio XI, hoje sinal de comunh\u00e3o e partilha e ora\u00e7\u00e3o de toda a Igreja expressivamente no dia mundial das Miss\u00f5es.<\/p>\n<p style=\"text-align: justify;\">Para Pauline, Jesus revela que ele nunca esteve sozinho, o pai sempre estava com ele e em cada cora\u00e7\u00e3o aberto que pudesse fazer-se morada. Jesus disse: v\u00f3s n\u00e3o estareis sozinhos, eu sempre estarei com voc\u00eas (Mt 28,20). Jaricot testemunha que n\u00e3o estamos sozinhos, o Senhor sempre nos conduzir\u00e1, e por isso n\u00e3o podemos fechar a miss\u00e3o em n\u00f3s mesmos, n\u00e3o deixando cair na tenta\u00e7\u00e3o de autorreferenciais da miss\u00e3o. Com humildade devemos buscar estar sempre ligados com aquele que nos chamou e nos conectarmos com todos em rede universal de amor e servi\u00e7o pela humanidade, vivendo o ide a todas as na\u00e7\u00f5es, sendo presen\u00e7a de escuta, na partilha, na ora\u00e7\u00e3o, no sacrif\u00edcio di\u00e1rio, bem como construindo a cultura do encontro que transforma vidas.<\/p>\n<p style=\"text-align: justify;\">Diz o Papa Francisco na Fratelli tutti, \u201cfalar de cultura do encontro significa que, como povo, somos apaixonados por querer encontrar-nos, procurar pontes de contato, construir pontes, planejar algo que envolva a todos\u201d (2020). Nos faz mais respons\u00e1veis para com todos, aos crentes e n\u00e3o crentes, sendo testemunhas do Deus que n\u00e3o veio condenar o mundo, mas para salvar (Jo 12,47), dar a vida e vida em plenitude (Jo 10,10).<\/p>\n<p style=\"text-align: justify;\">Que o testemunho de Pauline nos ensine a escutar mais os sinais dos tempos, a ver as diversas realidades, aproximando-a em atitude solid\u00e1ria e fraterna na vida do pr\u00f3ximo. Nesse caminhar, rumo aos 200 anos, pedimos ao Senhor que nos ajude como Igreja, povo de Deus, a entender melhor o que \u00e9 de fato a sinodalidade, o caminho da escuta rec\u00edproca, a import\u00e2ncia da viv\u00eancia da f\u00e9 em fam\u00edlia, em pequenos grupos, alimentados sempre pela palavra, pela Eucaristia, nas a\u00e7\u00f5es solid\u00e1rias e na ora\u00e7\u00e3o.<\/p>\n<p style=\"text-align: justify;\">Que Pauline, com seu testemunho, nos inspire a crer e viver em comunidades eclesiais mission\u00e1rias a servi\u00e7o de Deus no mundo. Que, de fato, possamos testemunhar o que vimos e ouvimos em nossos dias, em meio \u00e0s dores e sofrimentos em tempos de pandemia.<\/p>\n<p style=\"text-align: justify;\">Desejamos a todos que comp\u00f5em a Pontif\u00edcia Obra da Propaga\u00e7\u00e3o da F\u00e9 (POPF) \u00e0s Fam\u00edlias Missionarias, Juventude Missionaria, os Idosos e Enfermos Mission\u00e1rios, os grupos de anima\u00e7\u00e3o mission\u00e1rias, com as demais Obras das POM, sem esquecer as par\u00f3quias e dioceses desse imenso Brasil, uma feliz data memor\u00e1vel. Sejamos animados todos os dias pelo sopro do Esp\u00edrito Santo nos caminhos da Miss\u00e3o, Rumo aos 200 anos de sua Funda\u00e7\u00e3o.<\/p>\n<p style=\"text-align: justify;\">Pauline Jaricot, Rogai por n\u00f3s!<br \/>\nPadre Genilson Sousa<br \/>\nSecret\u00e1rio Nacional da POPF<\/p>\n<\/blockquote>\n<div class=\"iframely-embed\">\n<div class=\"iframely-responsive\" style=\"padding-bottom: 51.7187%; padding-top: 120px;\"><a href=\"https:\/\/www.cnbb.org.br\/263158-2\/\" data-iframely-url=\"\/\/cdn.iframe.ly\/7JmkTwc?maxheight=750\"><\/a><\/div>\n<\/div>\n<p><script async src=\"\/\/cdn.iframe.ly\/embed.js\" charset=\"utf-8\"><\/script><\/p>\n","protected":false},"excerpt":{"rendered":"<p>A data foi celebrada com missa, no \u00faltimo dia 3 de maio, na capela da sede das POM, em Bras\u00edlia e com um artigo escrito pelo Secret\u00e1rio Nacional da Obra de Propaga\u00e7\u00e3o da F\u00e9 que tamb\u00e9m celebra seus 99 anos de eleva\u00e7\u00e3o Pontif\u00edcia<\/p>\n","protected":false},"author":83,"featured_media":263394,"comment_status":"open","ping_status":"open","sticky":false,"template":"","format":"standard","meta":{"site-sidebar-layout":"default","site-content-layout":"default","ast-global-header-display":"","ast-banner-title-visibility":"","ast-main-header-display":"","ast-hfb-above-header-display":"","ast-hfb-below-header-display":"","ast-hfb-mobile-header-display":"","site-post-title":"","ast-breadcrumbs-content":"","ast-featured-img":"","footer-sml-layout":"","theme-transparent-header-meta":"default","adv-header-id-meta":"","stick-header-meta":"","header-above-stick-meta":"","header-main-stick-meta":"","header-below-stick-meta":""},"categories":[50,826],"tags":[3614,3613,1922],"acf":[],"_links":{"self":[{"href":"https:\/\/www.cnbb.org.br\/cnbb-app\/wp\/v2\/posts\/263390"}],"collection":[{"href":"https:\/\/www.cnbb.org.br\/cnbb-app\/wp\/v2\/posts"}],"about":[{"href":"https:\/\/www.cnbb.org.br\/cnbb-app\/wp\/v2\/types\/post"}],"author":[{"embeddable":true,"href":"https:\/\/www.cnbb.org.br\/cnbb-app\/wp\/v2\/users\/83"}],"replies":[{"embeddable":true,"href":"https:\/\/www.cnbb.org.br\/cnbb-app\/wp\/v2\/comments?post=263390"}],"version-history":[{"count":0,"href":"https:\/\/www.cnbb.org.br\/cnbb-app\/wp\/v2\/posts\/263390\/revisions"}],"wp:featuredmedia":[{"embeddable":true,"href":"https:\/\/www.cnbb.org.br\/cnbb-app\/wp\/v2\/media\/263394"}],"wp:attachment":[{"href":"https:\/\/www.cnbb.org.br\/cnbb-app\/wp\/v2\/media?parent=263390"}],"wp:term":[{"taxonomy":"category","embeddable":true,"href":"https:\/\/www.cnbb.org.br\/cnbb-app\/wp\/v2\/categories?post=263390"},{"taxonomy":"post_tag","embeddable":true,"href":"https:\/\/www.cnbb.org.br\/cnbb-app\/wp\/v2\/tags?post=263390"}],"curies":[{"name":"wp","href":"https:\/\/api.w.org\/{rel}","templated":true}]}}