{"id":26342,"date":"2015-10-05T00:00:00","date_gmt":"2015-10-05T03:00:00","guid":{"rendered":"https:\/\/www.cnbb.org.br\/caminhadas-pela-paz-reunem-milhares-de-pessoas\/"},"modified":"2015-10-05T00:00:00","modified_gmt":"2015-10-05T03:00:00","slug":"caminhadas-pela-paz-reunem-milhares-de-pessoas","status":"publish","type":"post","link":"https:\/\/www.cnbb.org.br\/caminhadas-pela-paz-reunem-milhares-de-pessoas\/","title":{"rendered":"Caminhadas pela Paz re\u00fanem milhares de pessoas\u00a0"},"content":{"rendered":"<p style=\"text-align: justify\">Eventos mobilizaram fi\u00e9is de v\u00e1rias cidades brasileiras<\/p>\n<p><!--more--><\/p>\n<p style=\"text-align: justify\">Diversas\u00a0dioceses aderiram \u00e0 proposta da Confer\u00eancia Nacional dos Bispos do Brasil (CNBB) e promoveram, no \u00faltimo domingo, dia 4, Caminhadas pela Paz, como gesto concreto do Ano da Paz, aprovado pela 52\u00aa Assembleia Geral da entidade. As a\u00e7\u00f5es, de norte a sul do pa\u00eds, buscaram ajudar na supera\u00e7\u00e3o da viol\u00eancia e despertar para a conviv\u00eancia mais respeitosa e fraterna entre as pessoas. Milhares de pessoas, em diferentes localidades, manifestaram-se a favor da paz.<\/p>\n<h3>Crici\u00fama<\/h3>\n<p style=\"text-align: justify\">A diocese de Crici\u00fama (SC), por meio de dez par\u00f3quias de uma de suas comarcas, reuniu 8 mil pessoas no trajeto entre o Parque das Na\u00e7\u00f5es e a Pra\u00e7a Nereu Ramos. Os participantes, vestidos de branco, foram conduzidos com cantos, ora\u00e7\u00f5es e reflex\u00f5es.<\/p>\n<p style=\"text-align: justify\">Incentivando os participantes, o bispo diocesano, dom Jacinto In\u00e1cio Flach, <strong>(\u00e0 direita)<\/strong> convidou os fi\u00e9is a fazerem um momento de sil\u00eancio para recordar as pessoas que perderam a vida pela falta da paz. \u201cVamos rezar, com eles, por suas fam\u00edlias e comunidades\u201d, conclamou.<\/p>\n<p style=\"text-align: justify\">Durante a missa de encerramento do evento, o bispo recordou S\u00e3o Francisco de Assis, cuja festa foi celebrada ontem e falou sobre a import\u00e2ncia de as institui\u00e7\u00f5es e religi\u00f5es manifestarem seu clamor pela paz. \u201cA paz, que \u00e9 um presente do c\u00e9u para n\u00f3s aqui na terra. Pedimos por n\u00f3s, pessoalmente, um pouco mais de paz e sabemos aonde ela se encontra: com Deus, participando das celebra\u00e7\u00f5es e da comunidade, de onde sa\u00edmos aben\u00e7oados e renovados, levando paz para nossas fam\u00edlias\u201d, disse.<\/p>\n<h3 style=\"text-align: justify\">Divin\u00f3polis<\/h3>\n<p style=\"text-align: justify\"><img decoding=\"async\" loading=\"lazy\" class=\" alignleft size-full wp-image-27308\" style=\"float: left\" title=\"Divulga\u00e7\u00e3o\" src=\"https:\/\/www.cnbb.org.br\/wp-content\/uploads\/2020\/03\/caminhadaPaz_Divinopolis_400x300.jpg\" alt=\"Divulga\u00e7\u00e3o\" width=\"340\" height=\"255\" \/>Em Divin\u00f3polis (MG), a Caminhada Diocesana pela Paz levou aproximadamente 5 mil pessoas \u00e0 Pra\u00e7a do Santu\u00e1rio de Santo Ant\u00f4nio <strong>(foto \u00e0 esquerda)<\/strong>. Por volta das 9 horas, os fi\u00e9is seguiram em dire\u00e7\u00e3o \u00e0 Pra\u00e7a da Catedral, onde aconteceu a missa, presidida pelo bispo em\u00e9rito da diocese, dom Jos\u00e9 Belvino. Ao final da celebra\u00e7\u00e3o foi exibido um v\u00eddeo com uma mensagem do bispo local, dom Jos\u00e9 Carlos de Souza Campos, que se recupera de um infarto do mioc\u00e1rdio.<\/p>\n<p style=\"text-align: justify\">No mesmo dia, na parte da tarde, houve o Dia Nacional da Juventude (DNJ) diocesano e o I Simp\u00f3sio da Pastoral Familiar.<\/p>\n<h3 style=\"text-align: justify\">Cachoeiro do Itapemirim<\/h3>\n<p style=\"text-align: justify\">Mais de 3 mil fi\u00e9is das par\u00f3quias de Cachoeiro de Itapemirim (ES) sa\u00edram em carreata ou caminhada pelas ruas da cidade, tendo como ponto de partida as igrejas matrizes. O Pavilh\u00e3o de Eventos da Ilha da Luz foi o local escolhido para a celebra\u00e7\u00e3o eucar\u00edstica presidida pelo bispo diocesano, dom Dario Campos.<\/p>\n<p style=\"text-align: justify\">Em sua homilia, dom Dario agradeceu a presen\u00e7a dos fi\u00e9is e ressaltou que a missa n\u00e3o era um ato de encerramento da manifesta\u00e7\u00e3o pela paz, mas o in\u00edcio da \u201cmiss\u00e3o de paz, que deve ser vivida no dia a dia\u201d. \u201cTodo seguidor de Jesus Cristo deve ser pr\u00edncipe da paz, seguidor da paz\u201d, afirmou o bispo.<\/p>\n<h3 style=\"text-align: justify\">Belo Horizonte<\/h3>\n<p style=\"text-align: justify\">Centenas de fi\u00e9is participaram da Caminhada pela Paz e Meio Ambiente promovida pela arquidiocese de Belo Horizonte (MG), por meio do Vicariato Episcopal para a A\u00e7\u00e3o Social e Pol\u00edtica e a Regi\u00e3o Episcopal Nossa Senhora da Concei\u00e7\u00e3o (Rensc), na tarde de s\u00e1bado, 3 de outubro. O evento foi conclu\u00eddo com uma missa presidida pelo bispo auxiliar dom Edson Oriolo dos Santos.<\/p>\n<h3 style=\"text-align: justify\">Rio de Janeiro<\/h3>\n<p style=\"text-align: justify\">Na arquidiocese do Rio de Janeiro, a Caminhada da Paz aconteceu no contexto das festividades dos 380 anos do Santu\u00e1rio de Nossa Senhora da Penha, na capital fluminense. Durante as celebra\u00e7\u00f5es, o arcebispo local, cardeal Orani Jo\u00e3o Tempesta, recordou a mem\u00f3ria de S\u00e3o Francisco de Assis e a unidade com o papa Francisco, que abriu a XIV Assembleia Geral Ordin\u00e1ria do S\u00ednodo dos Bispos, com o tema \u201cVoca\u00e7\u00e3o e miss\u00e3o da fam\u00edlia na Igreja e no mundo contempor\u00e2neo\u201d.<\/p>\n<p style=\"text-align: justify\">A caminhada foi realizada nos 382 degraus da escadaria do santu\u00e1rio, localizado em um penhasco. Durante a missa, o cardeal falou do exemplo de Maria na manifesta\u00e7\u00e3o da paz. \u201cMesmo diante de todas as vicissitudes contr\u00e1rias \u00e0\u00a0vida, \u00e0\u00a0paz e \u00e0\u00a0fam\u00edlia, somos convidados, a exemplo de Maria, como mission\u00e1ria da paz e da esperan\u00e7a, a arrancar todas as armas do cora\u00e7\u00e3o, a conviver com o diferente, a obedecer \u00e0 vontade de Deus e ao seu plano de amor, cuja Revela\u00e7\u00e3o foi transmitida em plenitude pelo Cristo\u201d, disse dom Orani.<\/p>\n<p style=\"text-align: justify\">Tamb\u00e9m aconteceram eventos em Bras\u00edlia (DF), Palmas (TO), Florian\u00f3polis (SC) e Campina Grande (PB).<\/p>\n<p style=\"text-align: justify\">\n","protected":false},"excerpt":{"rendered":"<p>Eventos mobilizaram fi\u00e9is de v\u00e1rias cidades brasileiras<\/p>\n","protected":false},"author":83,"featured_media":26343,"comment_status":"open","ping_status":"open","sticky":false,"template":"","format":"standard","meta":{"site-sidebar-layout":"default","site-content-layout":"default","ast-global-header-display":"","ast-banner-title-visibility":"","ast-main-header-display":"","ast-hfb-above-header-display":"","ast-hfb-below-header-display":"","ast-hfb-mobile-header-display":"","site-post-title":"","ast-breadcrumbs-content":"","ast-featured-img":"","footer-sml-layout":"","theme-transparent-header-meta":"","adv-header-id-meta":"","stick-header-meta":"","header-above-stick-meta":"","header-main-stick-meta":"","header-below-stick-meta":""},"categories":[769,791],"tags":[],"acf":[],"_links":{"self":[{"href":"https:\/\/www.cnbb.org.br\/cnbb-app\/wp\/v2\/posts\/26342"}],"collection":[{"href":"https:\/\/www.cnbb.org.br\/cnbb-app\/wp\/v2\/posts"}],"about":[{"href":"https:\/\/www.cnbb.org.br\/cnbb-app\/wp\/v2\/types\/post"}],"author":[{"embeddable":true,"href":"https:\/\/www.cnbb.org.br\/cnbb-app\/wp\/v2\/users\/83"}],"replies":[{"embeddable":true,"href":"https:\/\/www.cnbb.org.br\/cnbb-app\/wp\/v2\/comments?post=26342"}],"version-history":[{"count":0,"href":"https:\/\/www.cnbb.org.br\/cnbb-app\/wp\/v2\/posts\/26342\/revisions"}],"wp:featuredmedia":[{"embeddable":true,"href":"https:\/\/www.cnbb.org.br\/cnbb-app\/wp\/v2\/media\/26343"}],"wp:attachment":[{"href":"https:\/\/www.cnbb.org.br\/cnbb-app\/wp\/v2\/media?parent=26342"}],"wp:term":[{"taxonomy":"category","embeddable":true,"href":"https:\/\/www.cnbb.org.br\/cnbb-app\/wp\/v2\/categories?post=26342"},{"taxonomy":"post_tag","embeddable":true,"href":"https:\/\/www.cnbb.org.br\/cnbb-app\/wp\/v2\/tags?post=26342"}],"curies":[{"name":"wp","href":"https:\/\/api.w.org\/{rel}","templated":true}]}}