{"id":263425,"date":"2021-05-10T08:30:02","date_gmt":"2021-05-10T11:30:02","guid":{"rendered":"https:\/\/www.cnbb.org.br\/?p=263425"},"modified":"2021-05-10T12:19:18","modified_gmt":"2021-05-10T15:19:18","slug":"cnbb-apresenta-a-assembleia-eclesial-da-america-latina-e-do-caribe","status":"publish","type":"post","link":"https:\/\/www.cnbb.org.br\/cnbb-apresenta-a-assembleia-eclesial-da-america-latina-e-do-caribe\/","title":{"rendered":"CNBB apresenta a Assembleia Eclesial da Am\u00e9rica Latina e do Caribe"},"content":{"rendered":"<p style=\"text-align: justify;\">A Assembleia Eclesial da Am\u00e9rica Latina e do Caribe, que se realizar\u00e1 de 21 a 28 de novembro no entorno do Santu\u00e1rio de Nossa Senhora de Guadalupe, na Cidade do M\u00e9xico, vai se tornando aos poucos mais conhecida.<\/p>\n<p style=\"text-align: justify;\">Nesse intuito, a Confer\u00eancia Nacional dos Bispos do Brasil \u2013 CNBB, realizou nesta sexta-feira, 7 de maio, uma apresenta\u00e7\u00e3o virtual onde diferentes pessoas foram explicando o que ela representa e os passos a serem dados, especialmente neste primeiro momento, em que est\u00e1 acontecendo o processo de escuta, que vai se prolongar at\u00e9 o m\u00eas de julho.<\/p>\n<p style=\"text-align: justify;\">Mediados pela irm\u00e3 Val\u00e9ria Leal, assessora da Comiss\u00e3o Episcopal Pastoral para a Juventude, diferentes convidados foram explicando aquilo que o padre Jo\u00e3ozinho, que foi animando o encontro com suas m\u00fasicas, definia como \u201cum chamado do Papa Francisco a fazer um caminho sinodal, a colocar a sinodalidade ao servi\u00e7o do Reino\u201d.<\/p>\n<p style=\"text-align: justify;\">Estamos diante de uma oportunidade para \u201cescutar as alegrias e dores, e olhar para o futuro, planejar o futuro e depois viver esse futuro\u201d, segundo dom Joel Portella Amado. Tendo como princ\u00edpio que \u201ca Igreja \u00e9 comunh\u00e3o, comunh\u00e3o de dons, comunh\u00e3o de carismas\u201d, o secret\u00e1rio geral da CNBB, afirmou que \u201cessa comunh\u00e3o se traduz em diversas formas, ela se traduz em escuta e di\u00e1logo para o discernimento\u201d. O bispo auxiliar do Rio de Janeiro, insistiu em que \u201c\u00e9 preciso discernir, \u00e9 preciso ouvir o esp\u00edrito, juntemo-nos, conversemos, rezemos\u201d. Ele lembrou que as confer\u00eancias na Am\u00e9rica Latina, t\u00eam sido realizadas pelos bispos, mas agora estamos ante \u201cuma assembleia com todas as for\u00e7as evangelizadoras, a partir, por tanto, da beleza que \u00e9 o Batismo\u201d.<\/p>\n<p style=\"text-align: justify;\">N\u00e3o podemos esquecer que temos \u201cum Papa que \u00e9 sinodal, o Papa Francisco \u00e9 sin\u00f4nimo de povo\u201d, segundo o padre Jo\u00e3ozinho, colocando como exemplo a Evangelii Gaudium. Nesse sentido, a Assembleia Eclesial pode ser definida como lugar de convoca\u00e7\u00e3o do Povo de Deus, lembrando a Assembleia de Siquem, no Antigo Testamento, o a\u00a0<i>eklesia<\/i>\u00a0do Novo Testamento. Tamb\u00e9m lembrava as palavras do Papa na convoca\u00e7\u00e3o da Assembleia Eclesial da Am\u00e9rica Latina e do Caribe, onde dizia que nada de elite, nada de ideologia. Ainda mais, o religioso do Sagrado Cora\u00e7\u00e3o de Jesus, destacava a import\u00e2ncia da Assembleia como \u201cespa\u00e7o de di\u00e1logo num mundo em conflito\u201d.<\/p>\n<p style=\"text-align: justify;\">Lembrando o lema da Assembleia, \u201cSomos todos Disc\u00edpulos Mission\u00e1rios em sa\u00edda\u201d, Padre Patricky Samuel Batista, destacou que os convocados s\u00e3o todo o Povo de Deus, lembrando a liga\u00e7\u00e3o dessa proposta com a eclesiologia do Concilio Vaticano II. O secret\u00e1rio-executivo de campanhas da CNBB enfatizou a import\u00e2ncia da ora\u00e7\u00e3o e da prepara\u00e7\u00e3o espiritual no processo da Assembleia Eclesial da Am\u00e9rica Latina e do Caribe<\/p>\n<p style=\"text-align: justify;\">\u201cO que faz a diferen\u00e7a \u00e9 o participante\u201d, afirmou dom Joel Portella Amado, que insistiu que \u201cna Assembleia Eclesial h\u00e1 todas as for\u00e7as vivas\u201d. O secret\u00e1rio geral da CNBB, destacou \u201cessa capacidade de escuta mutua em torno de quest\u00f5es comuns\u201d, tudo isso num mundo muito plural, muito diversificado, que coloca \u201co risco de que cada um olhe apenas a sua parcela, olhe a partir do seu jeito de compreender o mundo, e n\u00e3o estabele\u00e7a pontes, di\u00e1logo\u201d, para que se possa construir comunh\u00e3o. O bispo considerou que \u201co primeiro grande fruto da Assembleia da Am\u00e9rica Latina e do Caribe, \u00e9 o testemunho de que n\u00e3o precisamos cair em polariza\u00e7\u00f5es, em rejei\u00e7\u00f5es, a quem tem um estado de vida ou pensa diferente de n\u00f3s\u201d. Junto com isso, outro fruto \u00e9 que tamb\u00e9m os n\u00e3o batizados ser\u00e3o escutados, \u201c\u00e9 um processo de cora\u00e7\u00e3o aberto\u201d.<\/p>\n<p style=\"text-align: justify;\">A Assembleia tem uma profunda rela\u00e7\u00e3o com a Confer\u00eancia de Aparecida, celebrada em 2007, onde dom Jos\u00e9 Luiz Majella Delgado, arcebispo de Pouso Alegre \u2013 MG, foi secret\u00e1rio executivo local. Ele relatou os bastidores da \u00faltima Confer\u00eancia Geral do Episcopado Latino-americano e Caribenho, um trabalho de muitas for\u00e7as e uma experi\u00eancia de comunh\u00e3o com o povo, insistindo em que os bispos delegados se sentiram no meio do povo e isso apareceu na reflex\u00e3o e no documento final.<\/p>\n<p style=\"text-align: justify;\">Segundo o arcebispo, \u201co Documento de Aparecida est\u00e1 sendo atualizado pelo Papa Francisco\u201d. Ele pensa que o documento \u201cficou um tempo adormecido\u201d, muito restrito a um grupo pensador da Igreja. \u201cO Papa Francisco fez com o que o documento de Aparecida sa\u00edsse da Am\u00e9rica Latina e entrasse na Igreja do mundo inteiro\u201d, insistiu o arcebispo de Pouso Alegre. Ele v\u00ea a Assembleia Eclesial como \u201cmais uma chave que estava no cofre do Papa Francisco\u201d, como \u201cuma nova primavera para nossa Igreja na Am\u00e9rica Latina e a\u00ed o Documento de Aparecida vai se firmar ainda mais\u201d.<\/p>\n<p style=\"text-align: justify;\">Ap\u00f3s a reflex\u00e3o, S\u00f4nia Gomes de Oliveira, fez um chamado a uma ampla participa\u00e7\u00e3o de todo o Povo de Deus do Brasil no processo de escuta da Assembleia, a \u201canimarmos, empolgarmos\u201d. A presidente do Conselho Nacional do Laicato do Brasil espera que \u201cseja uma verdadeira celebra\u00e7\u00e3o de nossa identidade eclesial a servi\u00e7o da vida\u201d.<\/p>\n<p style=\"text-align: justify;\">Dom Geremias Steinmetz destacou a chave sinodal, o trabalho feito em colegialidade, a convers\u00e3o integral, a voz prof\u00e9tica com vis\u00e3o integradora, uma verdadeira rede em redes, e outros elementos presentes no Documento de Aparecida. O membro da equipe animadora do CELAM no Brasil, frisou que se faz necess\u00e1rio responder a quais s\u00e3o os novos desafios da Igreja na Am\u00e9rica Latina e no Caribe \u00e0 luz de Aparecida, dos sinais dos tempos e do Magist\u00e9rio do Papa Francisco.<\/p>\n<p style=\"text-align: justify;\">O arcebispo de Londrina \u2013 PR lembrou que a Assembleia Eclesial do CELAM j\u00e1 est\u00e1 acontecendo desde junho do ano passado, com diferentes trabalhos, <em>\u201ce agora vem esse tempo de escuta\u201d, que tem por objetivo \u201cconseguir ouvir o maior n\u00famero de grupos, de pessoas\u201d<\/em>, para que a resposta dada seja uma resposta grudada \u00e0 realidade. Dom Geremias citou os diferentes documentos que podem ser acessados no site da Assembleia, explicando como participar, em grupo e individualmente.<\/p>\n<p style=\"text-align: justify;\">Trata-se de que <em>\u201co clamor do nosso povo possa ser ouvido, possa ser escutado\u201d<\/em>, segundo Vinicius de Matos Raposo. Para isso, ele apresentou o site em portugu\u00eas que tem sido criado para facilitar o trabalho no Brasil, mostrando os passos a serem dados e o funcionamento do mesmo.<\/p>\n<pre><em><b>Padre Modino - CELAM\/ Vatican News<\/b><\/em><\/pre>\n","protected":false},"excerpt":{"rendered":"<p>\u201cO que faz a diferen\u00e7a \u00e9 o participante\u201d, afirmou dom Joel Portella Amado, que insistiu que \u201cna Assembleia Eclesial h\u00e1 todas as for\u00e7as vivas\u201d. O secret\u00e1rio geral da CNBB, destacou \u201cessa capacidade de escuta mutua em torno de quest\u00f5es comuns\u201d.<\/p>\n","protected":false},"author":83,"featured_media":263426,"comment_status":"open","ping_status":"open","sticky":false,"template":"","format":"standard","meta":{"site-sidebar-layout":"default","site-content-layout":"default","ast-global-header-display":"","ast-banner-title-visibility":"","ast-main-header-display":"","ast-hfb-above-header-display":"","ast-hfb-below-header-display":"","ast-hfb-mobile-header-display":"","site-post-title":"","ast-breadcrumbs-content":"","ast-featured-img":"","footer-sml-layout":"","theme-transparent-header-meta":"default","adv-header-id-meta":"","stick-header-meta":"","header-above-stick-meta":"","header-main-stick-meta":"","header-below-stick-meta":""},"categories":[1294,50],"tags":[3547,2213],"acf":[],"_links":{"self":[{"href":"https:\/\/www.cnbb.org.br\/cnbb-app\/wp\/v2\/posts\/263425"}],"collection":[{"href":"https:\/\/www.cnbb.org.br\/cnbb-app\/wp\/v2\/posts"}],"about":[{"href":"https:\/\/www.cnbb.org.br\/cnbb-app\/wp\/v2\/types\/post"}],"author":[{"embeddable":true,"href":"https:\/\/www.cnbb.org.br\/cnbb-app\/wp\/v2\/users\/83"}],"replies":[{"embeddable":true,"href":"https:\/\/www.cnbb.org.br\/cnbb-app\/wp\/v2\/comments?post=263425"}],"version-history":[{"count":0,"href":"https:\/\/www.cnbb.org.br\/cnbb-app\/wp\/v2\/posts\/263425\/revisions"}],"wp:featuredmedia":[{"embeddable":true,"href":"https:\/\/www.cnbb.org.br\/cnbb-app\/wp\/v2\/media\/263426"}],"wp:attachment":[{"href":"https:\/\/www.cnbb.org.br\/cnbb-app\/wp\/v2\/media?parent=263425"}],"wp:term":[{"taxonomy":"category","embeddable":true,"href":"https:\/\/www.cnbb.org.br\/cnbb-app\/wp\/v2\/categories?post=263425"},{"taxonomy":"post_tag","embeddable":true,"href":"https:\/\/www.cnbb.org.br\/cnbb-app\/wp\/v2\/tags?post=263425"}],"curies":[{"name":"wp","href":"https:\/\/api.w.org\/{rel}","templated":true}]}}