{"id":26352,"date":"2016-05-04T00:00:00","date_gmt":"2016-05-04T03:00:00","guid":{"rendered":"https:\/\/www.cnbb.org.br\/arquidiocese-de-florianopolis-promovera-4-festival-da-familia\/"},"modified":"2016-05-04T00:00:00","modified_gmt":"2016-05-04T03:00:00","slug":"arquidiocese-de-florianopolis-promovera-4-festival-da-familia","status":"publish","type":"post","link":"https:\/\/www.cnbb.org.br\/arquidiocese-de-florianopolis-promovera-4-festival-da-familia\/","title":{"rendered":"Arquidiocese de Florian\u00f3polis promover\u00e1 4\u00ba Festival da Fam\u00edlia"},"content":{"rendered":"<p>Evento contar\u00e1 com diferentes apresenta\u00e7\u00f5es musicais<\/p>\n<p>  <!--more-->  <\/p>\n<p>\u00a0<\/p>\n<p style=\"text-align: justify\">A Beira Mar Continental, em Florian\u00f3polis (SC), acolher\u00e1 milhares de fi\u00e9is para o 4\u00ba Festival da Fam\u00edlia. O evento ocorrer\u00e1 no domingo, 22 de maio, com a proposta de celebrar o Dia Internacional da Fam\u00edlia.\u00a0<\/p>\n<p style=\"text-align: justify\">A atividade ter\u00e1 in\u00edcio \u00e0s 9h, com a concentra\u00e7\u00e3o dos participantes e prepara\u00e7\u00e3o para a missa presidida pelo arcebispo de Florian\u00f3polis, dom Wilson Tadeu J\u00f6nck, e concelebrada pelos sacerdotes e di\u00e1conos locais. Ainda, pela manh\u00e3, haver\u00e1 apresenta\u00e7\u00f5es musicais.\u00a0<\/p>\n<p style=\"text-align: justify\">No per\u00edodo da tarde, outras bandas sobem ao palco do evento, com diferentes shows. \u00c0s 15h30, acontecer\u00e1 o tradicional \u201cCineFam\u00edlia\u201d.\u00a0<\/p>\n<p style=\"text-align: justify\">Ao longo o evento, ser\u00e3o oferecidas atividades recreativas para crian\u00e7as promovidas pela Comiss\u00e3o Vida e Fam\u00edlia da arquidiocese.<\/p>\n<p style=\"text-align: justify\"><strong>Confira a programa\u00e7\u00e3o:<\/strong><\/p>\n<p>9h \u2013 Concentra\u00e7\u00e3o na Beira Mar Continental<\/p>\n<p>09h30 \u2013 Apresenta\u00e7\u00e3o e acolhida<\/p>\n<p>10h30 \u2013 Santa presidida por Dom Wilson\u00a0<\/p>\n<p>12h \u2013 Piquenique na pra\u00e7a (Almo\u00e7o Festivo)<\/p>\n<p>13h30 \u2013 In\u00edcio do festival<\/p>\n<p>15h30 \u2013 Cine fam\u00edlia \u2013 filme com forma\u00e7\u00e3o<\/p>\n<p>17h\u00a0<span style=\"font-size: 12.16px;line-height: 15.808px\">\u2013\u00a0<\/span>Despedidas<\/p>\n<p>Acesse a p\u00e1gina do evento no Facebook: https:\/\/www.facebook.com\/festivaldafamilia\/<\/p>\n<p>\u00a0<\/p>\n<p>\u00a0<\/p>\n","protected":false},"excerpt":{"rendered":"<p>Evento contar\u00e1 com diferentes apresenta\u00e7\u00f5es musicais<\/p>\n","protected":false},"author":83,"featured_media":18041,"comment_status":"open","ping_status":"open","sticky":false,"template":"","format":"standard","meta":{"site-sidebar-layout":"default","site-content-layout":"default","ast-global-header-display":"","ast-banner-title-visibility":"","ast-main-header-display":"","ast-hfb-above-header-display":"","ast-hfb-below-header-display":"","ast-hfb-mobile-header-display":"","site-post-title":"","ast-breadcrumbs-content":"","ast-featured-img":"","footer-sml-layout":"","theme-transparent-header-meta":"","adv-header-id-meta":"","stick-header-meta":"","header-above-stick-meta":"","header-main-stick-meta":"","header-below-stick-meta":""},"categories":[769,791],"tags":[],"acf":[],"_links":{"self":[{"href":"https:\/\/www.cnbb.org.br\/cnbb-app\/wp\/v2\/posts\/26352"}],"collection":[{"href":"https:\/\/www.cnbb.org.br\/cnbb-app\/wp\/v2\/posts"}],"about":[{"href":"https:\/\/www.cnbb.org.br\/cnbb-app\/wp\/v2\/types\/post"}],"author":[{"embeddable":true,"href":"https:\/\/www.cnbb.org.br\/cnbb-app\/wp\/v2\/users\/83"}],"replies":[{"embeddable":true,"href":"https:\/\/www.cnbb.org.br\/cnbb-app\/wp\/v2\/comments?post=26352"}],"version-history":[{"count":0,"href":"https:\/\/www.cnbb.org.br\/cnbb-app\/wp\/v2\/posts\/26352\/revisions"}],"wp:featuredmedia":[{"embeddable":true,"href":"https:\/\/www.cnbb.org.br\/cnbb-app\/wp\/v2\/media\/18041"}],"wp:attachment":[{"href":"https:\/\/www.cnbb.org.br\/cnbb-app\/wp\/v2\/media?parent=26352"}],"wp:term":[{"taxonomy":"category","embeddable":true,"href":"https:\/\/www.cnbb.org.br\/cnbb-app\/wp\/v2\/categories?post=26352"},{"taxonomy":"post_tag","embeddable":true,"href":"https:\/\/www.cnbb.org.br\/cnbb-app\/wp\/v2\/tags?post=26352"}],"curies":[{"name":"wp","href":"https:\/\/api.w.org\/{rel}","templated":true}]}}