{"id":263646,"date":"2021-05-13T12:25:41","date_gmt":"2021-05-13T15:25:41","guid":{"rendered":"https:\/\/www.cnbb.org.br\/?p=263646"},"modified":"2021-05-13T12:27:48","modified_gmt":"2021-05-13T15:27:48","slug":"ascensao-do-senhor-e-anuncio-de-salvacao","status":"publish","type":"post","link":"https:\/\/www.cnbb.org.br\/ascensao-do-senhor-e-anuncio-de-salvacao\/","title":{"rendered":"Ascens\u00e3o do Senhor e an\u00fancio de salva\u00e7\u00e3o"},"content":{"rendered":"<p style=\"text-align: right;\"><strong>Dom Jaime Vieira Rocha<\/strong><br \/>\n<strong>Arcebispo de Natal (RN)<\/strong><\/p>\n<p>&nbsp;<\/p>\n<p style=\"text-align: justify;\">A Igreja celebra neste domingo, dia 16, a solenidade da Ascens\u00e3o do Senhor, eleva\u00e7\u00e3o da natureza humana \u00e0 direita de Deus Pai. Por causa do fato da Encarna\u00e7\u00e3o e da \u201cquenose\u201d, ou seja, \u00e0 ren\u00fancia ao apego de ser igual a Deus (cf. Fl 2,6s), o Verbo divino, Filho eterno, ao ressuscitar, \u00e9 elevado \u00e0 gl\u00f3ria que tinha desde toda a eternidade (cf. Jo 17,5). A Ascens\u00e3o significa que o des\u00edgnio divino se cumpre e, com o envio do Esp\u00edrito Santo, em Pentecostes, se torna realidade permanente para todos os homens e mulheres.<\/p>\n<p style=\"text-align: justify;\">Na Liturgia da Igreja, a verdade da Ascens\u00e3o \u00e9 expressa levando em considera\u00e7\u00e3o o papel de Mediador que Ele tem: \u201c<em>Vencendo o pecado e a morte, vosso Filho, Jesus, rei da gl\u00f3ria, subiu (hoje) ante os anjos maravilhados ao mais alto dos c\u00e9us. E tornou-se o mediador entre v\u00f3s, Deus, nosso Pai, e a humanidade redimida, juiz do mundo e Senhor do universo. Ele, nossa cabe\u00e7a e princ\u00edpio, subiu aos c\u00e9us, n\u00e3o para afastar-se de nossa humildade, mas para dar-nos a certeza de que nos conduzir\u00e1 \u00e0 gl\u00f3ria da imortalidade<\/em>\u201d (MISSAL ROMANO. Pref\u00e1cio da Ascens\u00e3o do Senhor I).\u00a0O Cristo, elevado \u00e0 direita do Pai, n\u00e3o \u201cfoi embora\u201d, Ele continua presente em nossa vida, especialmente pela a\u00e7\u00e3o do Esp\u00edrito Santo, pois Ele torna presente em n\u00f3s a Imagem de Deus, segundo a qual fomos feitos (cf. Gn 1,26-27; cf. tamb\u00e9m Cl 1,15, onde o Ap\u00f3stolo afirma que a imagem de Deus \u00e9 o Filho). A presen\u00e7a do Esp\u00edrito Santo na Igreja \u00e9 condi\u00e7\u00e3o para o discipulado, e o primeiro dom do Ressuscitado (cf. MISSAL ROMANO. Ora\u00e7\u00e3o Eucar\u00edstica IV). \u00c9 de fato, pela presen\u00e7a do Esp\u00edrito Santo que a miss\u00e3o de Jesus, continuada na miss\u00e3o dos seus seguidores, n\u00e3o seja uma simples \u201crecorda\u00e7\u00e3o\u201d de um evento do passado, que fique apenas como lembran\u00e7a inspiradora, mas como \u201cMemorial\u201d que se torna realidade presente e atuante, seja na profiss\u00e3o de f\u00e9, na liturgia celebrada e na pr\u00e1xis da caridade. Pela a\u00e7\u00e3o do Esp\u00edrito Santo, recebido no Batismo, todos n\u00f3s, leigos e leigas, ministros ordenados e religiosos, somos envolvidos pela gra\u00e7a do discipulado, e nos tornamos, de forma \u201cinerente\u201d, como afirma o Conc\u00edlio de Trento, uma comunh\u00e3o de intimidade divina, e configurados ao Sacerd\u00f3cio de Cristo, especialmente na doa\u00e7\u00e3o de tantos irm\u00e3os e irm\u00e3s ao trabalho pastoral e na participa\u00e7\u00e3o nas nossas comunidades, como afirma o Conc\u00edlio Vaticano II.<\/p>\n<p style=\"text-align: justify;\">Uma das tantas formas de atua\u00e7\u00e3o do Cristo ressuscitado e exaltado \u00e0 direita do Pai, na a\u00e7\u00e3o do Esp\u00edrito Santo dado aos seus seguidores, \u00e9 a transmiss\u00e3o da f\u00e9, exercida por tantos na vida da Igreja, o que se torna t\u00e3o urgente e necess\u00e1ria, principalmente no tempo em que vivemos, onde uma verdadeira gera\u00e7\u00e3o digital atua com seus desafios, sejam eles ben\u00e9ficos sejam preocupantes. Por isso, torna-se muito oportuno que, na solenidade da Ascens\u00e3o, a Igreja celebre o Dia Mundial das Comunica\u00e7\u00f5es Sociais, esse ano com o lema: \u201c<em>Vem e ver\u00e1s\u201d (<\/em>Jo<em>\u00a01, 46). Comunicar encontrando as pessoas onde est\u00e3o e como s\u00e3o\u201d.<\/em> Uma preocupa\u00e7\u00e3o que est\u00e1 no cora\u00e7\u00e3o da Igreja: a experi\u00eancia do encontro pessoal, realidade que acontece como condi\u00e7\u00e3o, dada e feita pelo pr\u00f3prio Senhor em toda din\u00e2mica do discipulado mission\u00e1rio, e que tamb\u00e9m \u00e9 fonte para o testemunho e a transmiss\u00e3o da f\u00e9. Somente porque acontece esse encontro \u00e9 poss\u00edvel entender o chamado, n\u00e3o s\u00f3 para os agentes de nossas pastorais da comunica\u00e7\u00e3o, mas para todos os crist\u00e3os e crist\u00e3os, de comunicar a f\u00e9. Tal comunica\u00e7\u00e3o n\u00e3o destr\u00f3i jamais a realidade das pessoas, seja de onde elas s\u00e3o e como s\u00e3o, na sua hist\u00f3ria, na sua condi\u00e7\u00e3o ontol\u00f3gica e cultural. Oxal\u00e1 compreendamos essa mensagem de Papa Francisco e coloquemos em pr\u00e1tica esse sentido da comunica\u00e7\u00e3o, oriundo do mesmo mandato do Senhor, antes de sua Ascens\u00e3o: \u201cIde pelo mundo inteiro e anunciai a Boa Nova a toda criatura\u201d (Mc 16,15).<\/p>\n<p>&nbsp;<\/p>\n","protected":false},"excerpt":{"rendered":"<p>Dom Jaime Vieira Rocha Arcebispo de Natal (RN) &nbsp; A Igreja celebra neste domingo, dia 16, a solenidade da Ascens\u00e3o do Senhor, eleva\u00e7\u00e3o da natureza humana \u00e0 direita de Deus Pai. Por causa do fato da Encarna\u00e7\u00e3o e da \u201cquenose\u201d, ou seja, \u00e0 ren\u00fancia ao apego de ser igual a Deus (cf. Fl 2,6s), o &hellip;<\/p>\n<p class=\"read-more\"> <a class=\"\" href=\"https:\/\/www.cnbb.org.br\/ascensao-do-senhor-e-anuncio-de-salvacao\/\"> <span class=\"screen-reader-text\">Ascens\u00e3o do Senhor e an\u00fancio de salva\u00e7\u00e3o<\/span> Leia mais &raquo;<\/a><\/p>\n","protected":false},"author":19,"featured_media":0,"comment_status":"open","ping_status":"open","sticky":false,"template":"","format":"standard","meta":{"site-sidebar-layout":"default","site-content-layout":"default","ast-global-header-display":"","ast-banner-title-visibility":"","ast-main-header-display":"","ast-hfb-above-header-display":"","ast-hfb-below-header-display":"","ast-hfb-mobile-header-display":"","site-post-title":"","ast-breadcrumbs-content":"","ast-featured-img":"","footer-sml-layout":"","theme-transparent-header-meta":"default","adv-header-id-meta":"","stick-header-meta":"","header-above-stick-meta":"","header-main-stick-meta":"","header-below-stick-meta":""},"categories":[758],"tags":[],"acf":[],"_links":{"self":[{"href":"https:\/\/www.cnbb.org.br\/cnbb-app\/wp\/v2\/posts\/263646"}],"collection":[{"href":"https:\/\/www.cnbb.org.br\/cnbb-app\/wp\/v2\/posts"}],"about":[{"href":"https:\/\/www.cnbb.org.br\/cnbb-app\/wp\/v2\/types\/post"}],"author":[{"embeddable":true,"href":"https:\/\/www.cnbb.org.br\/cnbb-app\/wp\/v2\/users\/19"}],"replies":[{"embeddable":true,"href":"https:\/\/www.cnbb.org.br\/cnbb-app\/wp\/v2\/comments?post=263646"}],"version-history":[{"count":0,"href":"https:\/\/www.cnbb.org.br\/cnbb-app\/wp\/v2\/posts\/263646\/revisions"}],"wp:attachment":[{"href":"https:\/\/www.cnbb.org.br\/cnbb-app\/wp\/v2\/media?parent=263646"}],"wp:term":[{"taxonomy":"category","embeddable":true,"href":"https:\/\/www.cnbb.org.br\/cnbb-app\/wp\/v2\/categories?post=263646"},{"taxonomy":"post_tag","embeddable":true,"href":"https:\/\/www.cnbb.org.br\/cnbb-app\/wp\/v2\/tags?post=263646"}],"curies":[{"name":"wp","href":"https:\/\/api.w.org\/{rel}","templated":true}]}}