{"id":26365,"date":"2008-09-30T00:00:00","date_gmt":"2008-09-30T03:00:00","guid":{"rendered":"https:\/\/www.cnbb.org.br\/papa-bento-xvi-escolhe-tema-do-43o-dia-mundial-das-comunicacoes\/"},"modified":"2008-09-30T00:00:00","modified_gmt":"2008-09-30T03:00:00","slug":"papa-bento-xvi-escolhe-tema-do-43o-dia-mundial-das-comunicacoes","status":"publish","type":"post","link":"https:\/\/www.cnbb.org.br\/papa-bento-xvi-escolhe-tema-do-43o-dia-mundial-das-comunicacoes\/","title":{"rendered":"Papa Bento XVI escolhe tema do 43\u00ba Dia Mundial das Comunica\u00e7\u00f5es"},"content":{"rendered":"<p style=\"text-align: justify\">&#8220;Novas tecnologias, novas rela\u00e7\u00f5es. Promover uma cultura de respeito, de di\u00e1logo, de amizade\u201d.\u00a0 Este \u00e9 o tema do 43\u00ba Dia Mundial das Comunica\u00e7\u00f5es, escolhido pelo<\/p>\n<p>  <!--more-->  <\/p>\n<p style=\"text-align: justify\">Papa Bento VXI para 2009 e divulgado pela Sala de Imprensa da Santa S\u00e9, nesta segunda-feira, 29 de setembro de 2008.<\/p>\n<p style=\"text-align: justify\">A comemora\u00e7\u00e3o ficou para o dia 24 de maio de 2009, na festa da Ascens\u00e3o do Senhor.<\/p>\n<p style=\"text-align: justify\">O Dia Mundial das Comunica\u00e7\u00f5es foi comemorado pela primeira vez em 12 de maio de 1967, atendendo a uma proposta do Conc\u00edlio Vaticano II. Na ocasi\u00e3o, o papa Paulo VI publicou uma mensagem com o tema: Os meios de Comunica\u00e7\u00e3o Social.Em janeiro, dever\u00e1 ser publicada a mensagem do papa Bento XVI sobre o tema escolhido.<\/p>\n","protected":false},"excerpt":{"rendered":"<p>&#8220;Novas tecnologias, novas rela\u00e7\u00f5es. Promover uma cultura de respeito, de di\u00e1logo, de amizade\u201d.\u00a0 Este \u00e9 o tema do 43\u00ba Dia Mundial das Comunica\u00e7\u00f5es, escolhido pelo<\/p>\n","protected":false},"author":83,"featured_media":0,"comment_status":"open","ping_status":"open","sticky":false,"template":"","format":"standard","meta":{"site-sidebar-layout":"default","site-content-layout":"default","ast-global-header-display":"","ast-banner-title-visibility":"","ast-main-header-display":"","ast-hfb-above-header-display":"","ast-hfb-below-header-display":"","ast-hfb-mobile-header-display":"","site-post-title":"","ast-breadcrumbs-content":"","ast-featured-img":"","footer-sml-layout":"","theme-transparent-header-meta":"","adv-header-id-meta":"","stick-header-meta":"","header-above-stick-meta":"","header-main-stick-meta":"","header-below-stick-meta":""},"categories":[784],"tags":[],"acf":[],"_links":{"self":[{"href":"https:\/\/www.cnbb.org.br\/cnbb-app\/wp\/v2\/posts\/26365"}],"collection":[{"href":"https:\/\/www.cnbb.org.br\/cnbb-app\/wp\/v2\/posts"}],"about":[{"href":"https:\/\/www.cnbb.org.br\/cnbb-app\/wp\/v2\/types\/post"}],"author":[{"embeddable":true,"href":"https:\/\/www.cnbb.org.br\/cnbb-app\/wp\/v2\/users\/83"}],"replies":[{"embeddable":true,"href":"https:\/\/www.cnbb.org.br\/cnbb-app\/wp\/v2\/comments?post=26365"}],"version-history":[{"count":0,"href":"https:\/\/www.cnbb.org.br\/cnbb-app\/wp\/v2\/posts\/26365\/revisions"}],"wp:attachment":[{"href":"https:\/\/www.cnbb.org.br\/cnbb-app\/wp\/v2\/media?parent=26365"}],"wp:term":[{"taxonomy":"category","embeddable":true,"href":"https:\/\/www.cnbb.org.br\/cnbb-app\/wp\/v2\/categories?post=26365"},{"taxonomy":"post_tag","embeddable":true,"href":"https:\/\/www.cnbb.org.br\/cnbb-app\/wp\/v2\/tags?post=26365"}],"curies":[{"name":"wp","href":"https:\/\/api.w.org\/{rel}","templated":true}]}}