{"id":26371,"date":"2009-12-15T00:00:00","date_gmt":"2009-12-15T02:00:00","guid":{"rendered":"https:\/\/www.cnbb.org.br\/papa-pede-responsabilidade-aos-paises-industrializados-sobre-aquecimento-global\/"},"modified":"2009-12-15T00:00:00","modified_gmt":"2009-12-15T02:00:00","slug":"papa-pede-responsabilidade-aos-paises-industrializados-sobre-aquecimento-global","status":"publish","type":"post","link":"https:\/\/www.cnbb.org.br\/papa-pede-responsabilidade-aos-paises-industrializados-sobre-aquecimento-global\/","title":{"rendered":"Papa pede responsabilidade aos pa\u00edses industrializados sobre aquecimento global"},"content":{"rendered":"<p style=\"text-align: justify\">O papa Bento XVI pediu que os pa\u00edses industrializados reconhe\u00e7am sua responsabilidade hist\u00f3rica na mudan\u00e7a clim\u00e1tica, em uma mensagem divulgada hoje,15, pelo Vaticano.<\/p>\n<p>  <!--more-->  <\/p>\n<p style=\"text-align: justify\">&#8220;\u00c9 importante reconhecer, entre as causas da atual crise ecol\u00f3gica, a responsabilidade hist\u00f3rica dos pa\u00edses industrializados&#8221;, afirmou Bento XVI em uma mensagem que ser\u00e1 lida por ocasi\u00e3o do Dia Mundial de Paz, no pr\u00f3ximo 1\u00ba de janeiro e que o Vaticano antecipou para a imprensa.<\/p>\n<p style=\"text-align: justify\">&#8220;Os pa\u00edses menos desenvolvidos e, em particular, os emergentes, n\u00e3o est\u00e3o isentos da responsabilidade ante a Cria\u00e7\u00e3o, porque todos t\u00eam o dever de adotar progressivamente medidas e pol\u00edticas de meio ambiente eficazes&#8221;.<\/p>\n<p style=\"text-align: justify\">&#8220;Como permanecer indiferentes ante problemas que derivam de fen\u00f4menos como as mudan\u00e7as clim\u00e1ticas, a desertifica\u00e7\u00e3o, a degrada\u00e7\u00e3o e a perda da biodiversidade, o aumento do desmatamento das zonas equatoriais e tropicais?&#8221;, questiona o Sumo Pont\u00edfice.<\/p>\n<p style=\"text-align: justify\">O Papa prega &#8220;uma revis\u00e3o profunda e vision\u00e1ria do modelo de desenvolvimento e uma solidariedade intergeracional&#8221; para enfrentar esses problemas.<\/p>\n<p style=\"text-align: justify\">O papa Bento XVI disse ainda que a humanidade n\u00e3o pode continuar indiferente \u00e0 mudan\u00e7a clim\u00e1tica e que \u00e9 necess\u00e1rio que os pa\u00edses ricos diminuam o consumo de energia e que promovam as com menos impacto ambiental, e que haja uma mudan\u00e7a no modelo de desenvolvimento global.<\/p>\n<p style=\"text-align: justify\">Em sua mensagem, o papa afirma que &#8220;embora seja certo que devido \u00e0 crueldade do homem contra o homem, h\u00e1 muitas amea\u00e7as para a paz e o desenvolvimento humano, como guerras, atentados terroristas e viola\u00e7\u00f5es dos direitos humanos, n\u00e3o s\u00e3o menos preocupantes os perigos causados pela distra\u00e7\u00e3o e pelo abuso da terra e dos bens naturais que Deus nos deu&#8221;.<\/p>\n<p style=\"text-align: justify\">Por isso, afirmou que \u00e9 &#8220;indispens\u00e1vel&#8221; que a humanidade renove e reforce a &#8220;alian\u00e7a entre o ser humano e o meio ambiente&#8221;.<\/p>\n<p style=\"text-align: justify\">&#8220;Como permanecer indiferentes diante dos problemas derivados da mudan\u00e7a clim\u00e1tica, da desertifica\u00e7\u00e3o, da deteriora\u00e7\u00e3o e da perda de produtividade de amplas zonas agr\u00edcolas, da polui\u00e7\u00e3o dos rios, da perda da biodiversidade, do aumento de fen\u00f4menos naturais extremos, do desmatamento de \u00e1reas equatoriais e tropicais?&#8221;, se perguntou o pont\u00edfice.<\/p>\n<p style=\"text-align: justify\">Bento XVI tamb\u00e9m se referiu \u00e0s pessoas que t\u00eam que abandonar os lugares onde vivem os &#8220;foragidos ambientais&#8221;, por causa de sua deteriora\u00e7\u00e3o, e disse que o homem tem que buscar uma solu\u00e7\u00e3o.<\/p>\n<p style=\"text-align: justify\">Al\u00e9m disso, afirmou que a humanidade necessita &#8220;uma profunda renova\u00e7\u00e3o cultural, redescobrir os valores que constituem as bases para construir um mundo melhor&#8221;, j\u00e1 que as crises que o mundo est\u00e1 atravessando atualmente sejam de car\u00e1ter econ\u00f4mico, aliment\u00edcio, ambiental e social &#8220;s\u00e3o crise morais, relacionadas entre si&#8221;.<\/p>\n<p>O papa disse ainda que \u00e9 necess\u00e1rio superar a l\u00f3gica do mero consumo para promover formas de produ\u00e7\u00e3o agr\u00edcola e industrial que respeitem a ordem da cria\u00e7\u00e3o e que &#8220;satisfa\u00e7am as necessidades prim\u00e1rias de todos&#8221;.<\/p>\n<p>&#8220;A crise ecol\u00f3gica \u00e9 uma oportunidade hist\u00f3rica para mudar o modelo de desenvolvimento global seguindo uma dire\u00e7\u00e3o mais respeitosa com a cria\u00e7\u00e3o e de um desenvolvimento humano integral, inspirado nos valores pr\u00f3prios da caridade na verdade&#8221;, afirmou.<\/p>\n","protected":false},"excerpt":{"rendered":"<p>O papa Bento XVI pediu que os pa\u00edses industrializados reconhe\u00e7am sua responsabilidade hist\u00f3rica na mudan\u00e7a clim\u00e1tica, em uma mensagem divulgada hoje,15, pelo Vaticano.<\/p>\n","protected":false},"author":83,"featured_media":0,"comment_status":"open","ping_status":"open","sticky":false,"template":"","format":"standard","meta":{"site-sidebar-layout":"default","site-content-layout":"default","ast-global-header-display":"","ast-banner-title-visibility":"","ast-main-header-display":"","ast-hfb-above-header-display":"","ast-hfb-below-header-display":"","ast-hfb-mobile-header-display":"","site-post-title":"","ast-breadcrumbs-content":"","ast-featured-img":"","footer-sml-layout":"","theme-transparent-header-meta":"","adv-header-id-meta":"","stick-header-meta":"","header-above-stick-meta":"","header-main-stick-meta":"","header-below-stick-meta":""},"categories":[784],"tags":[],"acf":[],"_links":{"self":[{"href":"https:\/\/www.cnbb.org.br\/cnbb-app\/wp\/v2\/posts\/26371"}],"collection":[{"href":"https:\/\/www.cnbb.org.br\/cnbb-app\/wp\/v2\/posts"}],"about":[{"href":"https:\/\/www.cnbb.org.br\/cnbb-app\/wp\/v2\/types\/post"}],"author":[{"embeddable":true,"href":"https:\/\/www.cnbb.org.br\/cnbb-app\/wp\/v2\/users\/83"}],"replies":[{"embeddable":true,"href":"https:\/\/www.cnbb.org.br\/cnbb-app\/wp\/v2\/comments?post=26371"}],"version-history":[{"count":0,"href":"https:\/\/www.cnbb.org.br\/cnbb-app\/wp\/v2\/posts\/26371\/revisions"}],"wp:attachment":[{"href":"https:\/\/www.cnbb.org.br\/cnbb-app\/wp\/v2\/media?parent=26371"}],"wp:term":[{"taxonomy":"category","embeddable":true,"href":"https:\/\/www.cnbb.org.br\/cnbb-app\/wp\/v2\/categories?post=26371"},{"taxonomy":"post_tag","embeddable":true,"href":"https:\/\/www.cnbb.org.br\/cnbb-app\/wp\/v2\/tags?post=26371"}],"curies":[{"name":"wp","href":"https:\/\/api.w.org\/{rel}","templated":true}]}}