{"id":263722,"date":"2021-05-14T11:57:04","date_gmt":"2021-05-14T14:57:04","guid":{"rendered":"https:\/\/www.cnbb.org.br\/?p=263722"},"modified":"2021-05-14T16:33:37","modified_gmt":"2021-05-14T19:33:37","slug":"cardeal-odilo-scherer-reestruturacao-do-celam","status":"publish","type":"post","link":"https:\/\/www.cnbb.org.br\/cardeal-odilo-scherer-reestruturacao-do-celam\/","title":{"rendered":"Cardeal Odilo Scherer: &#8220;o processo de reestrutura\u00e7\u00e3o do Celam n\u00e3o \u00e9 simplesmente um remendo \u00e0quilo que j\u00e1 foi&#8221;"},"content":{"rendered":"<p style=\"text-align: justify;\"><em>A 38\u00aa Assembleia Geral do Conselho Episcopal Latino-americano, que acontecer\u00e1 virtualmente de 18 a 21 de maio, traz como expectativa maior \u201ca reformula\u00e7\u00e3o do plano de reestrutura\u00e7\u00e3o e renova\u00e7\u00e3o do Celam, que a \u00faltima Assembleia deu como encargo \u00e0 nova presid\u00eancia\u201d, segundo afirma o cardeal Odilo Scherer, primeiro vice-presidente do Conselho.<\/em><\/p>\n<p style=\"text-align: justify;\"><em>Ap\u00f3s um ano de reflex\u00e3o, inclusive de encontros com os dicast\u00e9rios da C\u00faria Romana, onde a proposta do Celam teve boa acolhida, a 38\u00aa Assembleia Geral pretende concretizar essa proposta nova. O cardeal lembra que o &#8220;Celam existe para ajudar as Confer\u00eancias Episcopais levar \u00e0 pr\u00e1tica, tentar traduzir em novas formas de pr\u00e1tica pastoral aquilo que s\u00e3o as ideias que o Papa Francisco vai explicitando no seu Magist\u00e9rio\u201d, fortemente influenciadas pela Conferencia de Aparecida.<\/em><\/p>\n<p style=\"text-align: justify;\"><em>O arcebispo de S\u00e3o Paulo destaca que o Celam \u201cfaz uma proposta muito mais como um organismo de reflex\u00e3o, um organismo subsidi\u00e1rio, um organismo que est\u00e1 atento a v\u00e1rias realidades continentais e vai estimulando o caminho de reflex\u00e3o\u201d, algo que \u201cdepois as dioceses v\u00e3o traduzindo em pr\u00e1ticas pastorais de evangeliza\u00e7\u00e3o, de acordo com cada realidade local\u201d.<\/em><\/p>\n<p style=\"text-align: justify;\"><em><strong>Quais as expectativas diante da Assembleia do Celam que vai acontecer na pr\u00f3xima semana?<\/strong><\/em><\/p>\n<p>A Assembleia tem primeiramente objetivos regimentares, \u00e9 uma assembleia ordin\u00e1ria, onde normalmente dever\u00e3o ser tratados assuntos previstos para as assembleias ordin\u00e1rias, como os relat\u00f3rios, presta\u00e7\u00f5es de contas. Mas a expectativa maior \u00e9 a reformula\u00e7\u00e3o do plano de reestrutura\u00e7\u00e3o e renova\u00e7\u00e3o do Celam, que a \u00faltima Assembleia deu como encargo \u00e0 nova presid\u00eancia. Durante este \u00faltimo ano, foi trabalhado muito para estudar, apresentar uma proposta de renova\u00e7\u00e3o e reestrutura\u00e7\u00e3o do Celam, e isto ser\u00e1 apresentado na Assembleia. A expectativa \u00e9 para ver como a Assembleia do Celam vai acolher esta proposta, que espero que acolha bem, e que o Celam possa dar o passo seguinte na renova\u00e7\u00e3o do organismo naquilo que ainda falta, e efetivamente estruturar a nova proposta.<\/p>\n<p><em><strong>Neste processo de renova\u00e7\u00e3o, o Celam teve contato com diferentes dicast\u00e9rios da C\u00faria Vaticana. Como tem sido feito esse trabalho entre o Celam e a C\u00faria Vaticana, e como isso ajuda a estabelecer la\u00e7os ainda maiores entre a Igreja latino-americana e caribenha e o Vaticano?<\/strong><\/em><\/p>\n<p>O Celam \u00e9 um organismo episcopal da Igreja na Am\u00e9rica Latina e no Caribe e, portanto, da Igreja. A Santa S\u00e9 \u00e9 o organismo maior da Igreja, e por isso que se relacione constantemente com a Santa S\u00e9. Mais do que o Vaticano, \u00e9 a Santa S\u00e9, pessoas que atuam com o Papa, em nome do Papa. \u00c9 importante manter o di\u00e1logo, a sintonia, o confronto com a proposta para poder amadurecer mais e mais. Eu vi que houve uma boa acolhida e interesse da parte dos dicast\u00e9rios em rela\u00e7\u00e3o \u00e0 proposta elaborada pelo Celam. Eu creio que a impress\u00e3o que foi passada por esta proposta, tamb\u00e9m a este organismo central da Igreja, que \u00e9 a C\u00faria Romana, que atua com o Papa, eu creio que foi uma impress\u00e3o boa, que suscitou algumas perguntas e alguns questionamentos, porque de fato \u00e9 uma proposta nova, e n\u00e3o \u00e9 simplesmente, digamos, um remendo \u00e0quilo que o Celam j\u00e1 foi. Claro que suscita tamb\u00e9m um pouco de interroga\u00e7\u00f5es, como isto vai funcionar, mas o tempo vai mostrar como isto vai funcionar e quais as vantagens desta nova proposta. Mas de maneira geral, eu pude perceber uma boa acolhida a esta proposta dos diversos dicast\u00e9rios da C\u00faria Romana. O Celam tem se esfor\u00e7ado em trazer para a realidade latino-americana as propostas do Papa Francisco, sobretudo uma Igreja mission\u00e1ria, uma Igreja em sa\u00edda, uma Igreja sinodal, que s\u00e3o elementos j\u00e1 presentes na V Confer\u00eancia do Celam, celebrada em Aparecida.<\/p>\n<p><strong><em>Como concretizar, dentro desse processo de renova\u00e7\u00e3o e reestrutura\u00e7\u00e3o, esse Magist\u00e9rio do Papa Francisco?<\/em><\/strong><\/p>\n<p>O Celam existe para ajudar as Confer\u00eancias Episcopais para levar \u00e0 pr\u00e1tica, tentar traduzir em novas formas de pr\u00e1tica pastoral aquilo que s\u00e3o as ideias que o Papa Francisco vai explicitando no seu Magist\u00e9rio, e que est\u00e3o presentes na Confer\u00eancia de Aparecida, onde o Papa Francisco esteve tamb\u00e9m, ainda como arcebispo de Buenos Aires, e teve um papel importante como chefe da comiss\u00e3o de reda\u00e7\u00e3o do Documento de Aparecida. Mas \u00e9 agora que deve acontecer, e as Igrejas locais, as confer\u00eancias episcopais, as dioceses, s\u00e3o as primeiras que acolhem, que trabalham, que devem demarcar como trazer estas novas propostas em pr\u00e1ticas pastorais para a Igreja, para fazer o caminho de renova\u00e7\u00e3o, de convers\u00e3o pastoral, de uma Igreja em sa\u00edda, uma Igreja profundamente mission\u00e1ria. E isso vai acontecendo pouco a pouco, porque na Igreja as mudan\u00e7as n\u00e3o acontecem por decreto, na Igreja as mudan\u00e7as pastorais v\u00e3o acontecendo lentamente, na medida em que h\u00e1 ades\u00e3o, n\u00e3o s\u00f3 das autoridades representativas da Igreja, mas ades\u00e3o tamb\u00e9m da comunidade Povo de Deus, da comunidade dos te\u00f3logos, dos pastoralistas, \u00e9 um longo processo. Mas a Igreja faz o seu caminho de renova\u00e7\u00e3o, e o que talvez n\u00e3o se percebe no curto prazo, vai se percebendo no prazo um pouco mais longo. N\u00f3s estamos a quase 15 anos da Confer\u00eancia de Aparecida, que ali\u00e1s no dia 13 de maio de 2007 foi aberta, estamos por tanto no anivers\u00e1rio da Confer\u00eancia de Aparecida, 14 anos. De 14 anos para c\u00e1 muita coisa caminhou na Igreja da Am\u00e9rica Latina, inclusive na Igreja como um todo, na Igreja universal, pois as propostas e as ideias elaboradas na Confer\u00eancia de Aparecida, repercutiram na Igreja toda, at\u00e9 mesmo na elei\u00e7\u00e3o do Papa Francisco.<\/p>\n<p style=\"text-align: justify;\">J\u00e1 no S\u00ednodo de 2012, que foi sobre a Nova Evangeliza\u00e7\u00e3o para a transmiss\u00e3o da f\u00e9, as propostas, ideias da Confer\u00eancia de Aparecida j\u00e1 estavam muito presentes, tanto assim que na Assembleia do S\u00ednodo de 2012, ainda era o Papa Bento XVI, durante essa Assembleia Sinodal houve curiosidade, questionamentos, sobre o que foi a Confer\u00eancia de Aparecida, o que aconteceu l\u00e1, o que est\u00e1 dizendo essa Confer\u00eancia de Aparecida, porque os representantes da Am\u00e9rica Latina no S\u00ednodo de 2012, falaram muito sobre a Confer\u00eancia de Aparecida, durante a Assembleia do S\u00ednodo.<\/p>\n<p style=\"text-align: justify;\">Coube depois ao Papa Francisco fazer a exorta\u00e7\u00e3o apost\u00f3lica p\u00f3s-sinodal, referente a este S\u00ednodo de 2012, porque quando o Papa Bento XVI renunciou, a exorta\u00e7\u00e3o p\u00f3s-sinodal ainda n\u00e3o havia sido feita. E, por tanto, foi o Papa Francisco que fez a exorta\u00e7\u00e3o p\u00f3s-sinodal, com a bel\u00edssima exorta\u00e7\u00e3o apost\u00f3lica Evangelii Gaudium, que est\u00e1 toda plasmada, podemos dizer assim, a partir das propostas de Aparecida. Evidentemente, a gente nem sempre consegue medir logo, em quantidade, em gr\u00e1ficos, em n\u00fameros, as mudan\u00e7as que acontecem na Igreja, mas elas est\u00e3o acontecendo. E v\u00e3o acontecendo com a a\u00e7\u00e3o humana, a a\u00e7\u00e3o dos pastores, a a\u00e7\u00e3o do Povo de Deus, mas com a gra\u00e7a e a a\u00e7\u00e3o do Esp\u00edrito Santo no cora\u00e7\u00e3o da Igreja.<\/p>\n<p style=\"text-align: justify;\"><em><strong>Diante desse processo de renova\u00e7\u00e3o e reestrutura\u00e7\u00e3o do Celam, que deve ser mais ou menos concretizado na pr\u00f3xima assembleia, e diante da realidade que a sociedade latino-americana e caribenha, e a pr\u00f3pria Igreja, est\u00e3o vivendo, muito marcada pela pandemia da Covid-19, quais os desafios a serem enfrentados para concretizar na vida pastoral das Igrejas particulares, das paroquias e comunidades, essa renova\u00e7\u00e3o e reestrutura\u00e7\u00e3o do Celam?<br \/>\n<\/strong><\/em><br \/>\n\u00c9 uma decis\u00e3o que diz respeito ao Celam, antes de tudo, e n\u00e3o \u00e9 que a renova\u00e7\u00e3o do Celam deve logo influenciar as dioceses, as paroquias, cada coisa no seu lugar, aqui temos o princ\u00edpio de subsidiariedade. Por tanto, o organismo Celam n\u00e3o \u00e9 uma confer\u00eancia episcopal, ele faz uma proposta muito mais como um organismo de reflex\u00e3o, um organismo subsidi\u00e1rio, um organismo que est\u00e1 atento a v\u00e1rias realidades continentais e vai estimulando o caminho de reflex\u00e3o. Mas a vida e a renova\u00e7\u00e3o da Igreja devem acontecer nas dioceses, estimuladas, ajudadas pelas confer\u00eancias episcopais, mas \u00e9 nas dioceses que deve acontecer a verdadeira renova\u00e7\u00e3o na Igreja, na Am\u00e9rica Latina e no Caribe. As confer\u00eancias episcopais e o Conselho Episcopal Latino-americano, o Celam, ajudam as dioceses, ajudam os bispos para poder perceber o caminho, a fazer um discernimento sobre os desafios, a tomarem tamb\u00e9m decis\u00f5es em comunh\u00e3o, de acordo com as situa\u00e7\u00f5es que v\u00e3o sendo vividas e que depois as dioceses v\u00e3o traduzindo em pr\u00e1ticas pastorais de evangeliza\u00e7\u00e3o, de acordo com cada realidade local. A quest\u00e3o da pandemia que n\u00f3s estamos vivendo \u00e9 circunstancial, espero que ela n\u00e3o dure tanto, mas a preocupa\u00e7\u00e3o com a pandemia \u00e9 uma preocupa\u00e7\u00e3o pontual, agora, que devemos enfrentar. Por\u00e9m, esperemos que ela n\u00e3o dure a longo prazo, o problema da Igreja \u00e9 evangelizar a longo prazo, \u00e9 dar respostas \u00e0 f\u00e9, ao discernimento diante das situa\u00e7\u00f5es dos povos, dos pa\u00edses, das culturas, dos desafios que as pessoas vivem, pessoalmente, comunitariamente, socialmente, em cada comunidade nacional. Por tanto, a preocupa\u00e7\u00e3o da evangeliza\u00e7\u00e3o, ela n\u00e3o se baseia simplesmente nos desafios presentes. A evangeliza\u00e7\u00e3o traz uma mensagem,\u00a0 motivada pelo Evangelho. Justamente pelo an\u00fancio que a Igreja tem, n\u00e3o \u00e9 simplesmente um desafio ou outro que leva a Igreja a agir. Com grandes ou pequenos desafios, a Igreja vai agir sempre, porque ela \u00e9 mensageira da Boa Nova, ela \u00e9 testemunha de Jesus Cristo Ressuscitado e presente entre n\u00f3s. A Igreja \u00e9 testemunha do Reino de Deus, anunciadora do Reino definitivo, esta \u00e9 a grande quest\u00e3o, que deve ser anunciada diante de todos os tempos, tempos de grandes desafios, tempos de paz, tempos de estabilidade, diante de qualquer tempo.<\/p>\n","protected":false},"excerpt":{"rendered":"<p>Na entrevista, o arcebispo faz uma an\u00e1lise do papel de organismos como o Conselho Episcopal Latino-Americano (Celam) e das confer\u00eancias episcopais. Segundo ele, \u00e9 nas dioceses que deve acontecer a verdadeira renova\u00e7\u00e3o na Igreja, na Am\u00e9rica Latina e no Caribe sonhada pela confer\u00eancia episcopal de Aparecida e pelo magist\u00e9rio do Papa Francisco. Confira<\/p>\n","protected":false},"author":83,"featured_media":263734,"comment_status":"open","ping_status":"open","sticky":false,"template":"","format":"standard","meta":{"site-sidebar-layout":"default","site-content-layout":"default","ast-global-header-display":"","ast-banner-title-visibility":"","ast-main-header-display":"","ast-hfb-above-header-display":"","ast-hfb-below-header-display":"","ast-hfb-mobile-header-display":"","site-post-title":"","ast-breadcrumbs-content":"","ast-featured-img":"","footer-sml-layout":"","theme-transparent-header-meta":"default","adv-header-id-meta":"","stick-header-meta":"","header-above-stick-meta":"","header-main-stick-meta":"","header-below-stick-meta":""},"categories":[1294,50],"tags":[2213,3626],"acf":[],"_links":{"self":[{"href":"https:\/\/www.cnbb.org.br\/cnbb-app\/wp\/v2\/posts\/263722"}],"collection":[{"href":"https:\/\/www.cnbb.org.br\/cnbb-app\/wp\/v2\/posts"}],"about":[{"href":"https:\/\/www.cnbb.org.br\/cnbb-app\/wp\/v2\/types\/post"}],"author":[{"embeddable":true,"href":"https:\/\/www.cnbb.org.br\/cnbb-app\/wp\/v2\/users\/83"}],"replies":[{"embeddable":true,"href":"https:\/\/www.cnbb.org.br\/cnbb-app\/wp\/v2\/comments?post=263722"}],"version-history":[{"count":0,"href":"https:\/\/www.cnbb.org.br\/cnbb-app\/wp\/v2\/posts\/263722\/revisions"}],"wp:featuredmedia":[{"embeddable":true,"href":"https:\/\/www.cnbb.org.br\/cnbb-app\/wp\/v2\/media\/263734"}],"wp:attachment":[{"href":"https:\/\/www.cnbb.org.br\/cnbb-app\/wp\/v2\/media?parent=263722"}],"wp:term":[{"taxonomy":"category","embeddable":true,"href":"https:\/\/www.cnbb.org.br\/cnbb-app\/wp\/v2\/categories?post=263722"},{"taxonomy":"post_tag","embeddable":true,"href":"https:\/\/www.cnbb.org.br\/cnbb-app\/wp\/v2\/tags?post=263722"}],"curies":[{"name":"wp","href":"https:\/\/api.w.org\/{rel}","templated":true}]}}