{"id":26392,"date":"2009-09-30T00:00:00","date_gmt":"2009-09-30T03:00:00","guid":{"rendered":"https:\/\/www.cnbb.org.br\/igreja-da-africa-esta-em-sinodo\/"},"modified":"2009-09-30T00:00:00","modified_gmt":"2009-09-30T03:00:00","slug":"igreja-da-africa-esta-em-sinodo","status":"publish","type":"post","link":"https:\/\/www.cnbb.org.br\/igreja-da-africa-esta-em-sinodo\/","title":{"rendered":"Igreja da \u00c1frica est\u00e1 em S\u00ednodo"},"content":{"rendered":"<p style=\"text-align: justify\">No pr\u00f3ximo domingo, dia 4 de outubro, o papa Bento XVI abrir\u00e1, em Roma, a 2\u00aa. Assembl\u00e9ia Especial   <!--more-->  do S\u00ednodo dos bispos para a \u00c1frica; os trabalhos se estender\u00e3o por tr\u00eas semanas, at\u00e9 o dia 25 de outubro, e ter\u00e3o a participa\u00e7\u00e3o expressiva de 33 cardeais, 79 arcebispos e 156 bispos; tamb\u00e9m estar\u00e3o presentes 29 peritos, 49 convidados especiais, como \u201couvintes\u201d, e 5 \u201cdelegados fraternos\u201d, representando outras Igrejas crist\u00e3s n\u00e3o-cat\u00f3licas. Evidentemente, a maioria absoluta dos membros da Assembl\u00e9ia Sinodal ser\u00e3o bispos dos pa\u00edses africanos; mas, entre outros convidados de fora do Continente africano, tamb\u00e9m estar\u00e3o presentes 2 bispos brasileiros, D.Raymundo Damasceno Assis, arcebispo de Aparecida e presidente do CELAM, e D.Benedito Beni dos Santos, representando os bispos afro-descententes de nosso pa\u00eds.<\/p>\n<p style=\"text-align: justify\">\u00c9 pela 2\u00aa. vez que acontece uma Assembl\u00e9ia Especial do S\u00ednodo dos Bispos para a \u00c1frica; a outra foi em 1994, no contexto da prepara\u00e7\u00e3o do Grande Jubileu do 2\u00ba. Mil\u00eanio do nascimento de Jesus Cristo. Na Exorta\u00e7\u00e3o Apost\u00f3lica p\u00f3s-sinodal \u2013 Ecclesia in Africa -, publicada em setembro de 1995, o papa Jo\u00e3o Paulo II apresentava a hist\u00f3ria da evangeliza\u00e7\u00e3o do Continente Africano na \u00f3tica da esperan\u00e7a: \u201cDeus quer salvar a \u00c1frica\u201d, recordava o Papa, mostrando como essa j\u00e1 esteve presente na hist\u00f3ria de Jesus e dos ap\u00f3stolos, bem como na primeira evangeliza\u00e7\u00e3o, feita ainda na era apost\u00f3lica. A \u00c1frica est\u00e1 no des\u00edgnio da Provid\u00eancia divina e, por isso, a Igreja precisa ser presen\u00e7a mission\u00e1ria ativa em meio aos povos africanos, a servi\u00e7o do projeto salvador de Deus e do seu reino\u00a0 (cf. n. 27-29).<\/p>\n<p style=\"text-align: justify\">Passados 15 anos daquela esperan\u00e7osa Assembl\u00e9ia Especial, agora a Igreja da \u00c1frica est\u00e1 reunida novamente em torno do Sucessor de Pedro, convocada por ele, para refletir sobre o tema: \u201cA Igreja na \u00c1frica, a servi\u00e7o da reconcilia\u00e7\u00e3o, da justi\u00e7a e da paz\u201d. O tema \u00e9 muito significativo e coloca em evid\u00eancia uma preocupa\u00e7\u00e3o: as guerras, as lutas tribais e religiosas em curso naquele Continente, as injusti\u00e7as sociais, a pobreza de grande parte da popula\u00e7\u00e3o, as doen\u00e7as end\u00eamicas, a fome, as discrimina\u00e7\u00f5es raciais e as feridas, ainda abertas, de longas guerras civis e at\u00e9 a chaga da escravid\u00e3o, ainda persistente em algumas partes, interpelam a miss\u00e3o da Igreja no meio daqueles povos.<\/p>\n<p style=\"text-align: justify\">Em muitos lugares, trata-se de uma presen\u00e7a ainda bem pequena, ao lado das religi\u00f5es origin\u00e1rias, o islamismo e outros grupos crist\u00e3os. Uma presen\u00e7a mission\u00e1ria mantida, geralmente, pela Congrega\u00e7\u00e3o para a Evangeliza\u00e7\u00e3o dos Povos, em meio a muitas dificuldades; mas \u00e9 um catolicismo florescente e jovial, de muitas voca\u00e7\u00f5es e intensa participa\u00e7\u00e3o laical. No S\u00ednodo, a Igreja na \u00c1frica se prop\u00f5e a ser, no seu conjunto, em cada uma de suas comunidades locais e cada um de seus membros, uma promotora da reconcilia\u00e7\u00e3o, da justi\u00e7a e da paz entre aqueles povos.<\/p>\n<p style=\"text-align: justify\">O lema \u2013 \u201cv\u00f3s sois o sal da terra; v\u00f3s sois a luz do mundo\u201d (Mt 5,13.14) \u2013 coloca isso bem em evid\u00eancia. A Igreja tem a miss\u00e3o de anunciar o Evangelho como Boa Nova do amor e da paz aos povos; e o faz tanto nas suas liturgias, como tamb\u00e9m na a\u00e7\u00e3o social e caritativa em rela\u00e7\u00e3o aos \u201c\u00faltimos\u201d da sociedade; e n\u00e3o por \u00faltimo, pela promo\u00e7\u00e3o do di\u00e1logo paciente entre as partes em conflito, para alcan\u00e7ar a reconcilia\u00e7\u00e3o, a justi\u00e7a e a paz na conviv\u00eancia.<\/p>\n<p style=\"text-align: justify\">\u201cDeixai-vos reconciliar com Deus\u201d, exortava S.Paulo aos Cor\u00edntios (2Cor 5,20). A reconcilia\u00e7\u00e3o sincera com Deus tamb\u00e9m tornar\u00e1 poss\u00edvel a reconcilia\u00e7\u00e3o com os irm\u00e3os e a supera\u00e7\u00e3o de dificuldades que, humanamente, pareceriam insuper\u00e1veis, para uma conviv\u00eancia pac\u00edfica. A Igreja mission\u00e1ria n\u00e3o vai com sua pr\u00f3pria for\u00e7a e argumenta\u00e7\u00e3o, mas anuncia Jesus Cristo, o \u201cpr\u00edncipe da paz\u201d; Ele abateu toda inimizade, unindo os povos divididos (cf Ef 22,14). Os crist\u00e3os s\u00e3o chamados a serem operadores de paz e o S\u00ednodo da \u00c1frica deseja recordar e assumir isso de modo muito concreto e eficaz.<\/p>\n","protected":false},"excerpt":{"rendered":"<p>No pr\u00f3ximo domingo, dia 4 de outubro, o papa Bento XVI abrir\u00e1, em Roma, a 2\u00aa. Assembl\u00e9ia Especial<\/p>\n","protected":false},"author":83,"featured_media":0,"comment_status":"open","ping_status":"open","sticky":false,"template":"","format":"standard","meta":{"site-sidebar-layout":"default","site-content-layout":"default","ast-global-header-display":"","ast-banner-title-visibility":"","ast-main-header-display":"","ast-hfb-above-header-display":"","ast-hfb-below-header-display":"","ast-hfb-mobile-header-display":"","site-post-title":"","ast-breadcrumbs-content":"","ast-featured-img":"","footer-sml-layout":"","theme-transparent-header-meta":"","adv-header-id-meta":"","stick-header-meta":"","header-above-stick-meta":"","header-main-stick-meta":"","header-below-stick-meta":""},"categories":[784],"tags":[],"acf":[],"_links":{"self":[{"href":"https:\/\/www.cnbb.org.br\/cnbb-app\/wp\/v2\/posts\/26392"}],"collection":[{"href":"https:\/\/www.cnbb.org.br\/cnbb-app\/wp\/v2\/posts"}],"about":[{"href":"https:\/\/www.cnbb.org.br\/cnbb-app\/wp\/v2\/types\/post"}],"author":[{"embeddable":true,"href":"https:\/\/www.cnbb.org.br\/cnbb-app\/wp\/v2\/users\/83"}],"replies":[{"embeddable":true,"href":"https:\/\/www.cnbb.org.br\/cnbb-app\/wp\/v2\/comments?post=26392"}],"version-history":[{"count":0,"href":"https:\/\/www.cnbb.org.br\/cnbb-app\/wp\/v2\/posts\/26392\/revisions"}],"wp:attachment":[{"href":"https:\/\/www.cnbb.org.br\/cnbb-app\/wp\/v2\/media?parent=26392"}],"wp:term":[{"taxonomy":"category","embeddable":true,"href":"https:\/\/www.cnbb.org.br\/cnbb-app\/wp\/v2\/categories?post=26392"},{"taxonomy":"post_tag","embeddable":true,"href":"https:\/\/www.cnbb.org.br\/cnbb-app\/wp\/v2\/tags?post=26392"}],"curies":[{"name":"wp","href":"https:\/\/api.w.org\/{rel}","templated":true}]}}