{"id":26394,"date":"2009-07-21T00:00:00","date_gmt":"2009-07-21T03:00:00","guid":{"rendered":"https:\/\/www.cnbb.org.br\/a-enciclica-de-bento-xvi\/"},"modified":"2009-07-21T00:00:00","modified_gmt":"2009-07-21T03:00:00","slug":"a-enciclica-de-bento-xvi","status":"publish","type":"post","link":"https:\/\/www.cnbb.org.br\/a-enciclica-de-bento-xvi\/","title":{"rendered":"A Enc\u00edclica de Bento XVI"},"content":{"rendered":"<p style=\"text-align: justify\">Acaba de ser publicada (dia 7 pp.) a nova Carta Enc\u00edclica de Bento XVI sobre a Doutrina Social da Igreja,   <!--more-->  intitulada \u201cCaridade na Verdade\u201d. Oportunamente aborda muitas tem\u00e1ticas da modernidade no horizonte do desenvolvimento humano integral, vivido na caridade e na verdade. Ambos os termos merecem aten\u00e7\u00e3o pelo respectivo conte\u00fado, denso de significado. Desenvolvimento e progresso. O que \u00e9 desenvolvimento humano? O que \u00e9 progresso? Qual \u00e9 a diferen\u00e7a entre ambos os conceitos? O que significa desenvolvimento humano integral? E por que a express\u00e3o \u201ccaridade na verdade\u201d vinculada ao desenvolvimento humano?<\/p>\n<p style=\"text-align: justify\">Desenvolvimento e progresso s\u00e3o termos n\u00e3o redut\u00edveis a conceitos nominais. S\u00e3o realidades vividas concretamente como experi\u00eancias que repercutem diretamente na vida das pessoas e dos povos. O que \u00e9 o progresso de um povo sen\u00e3o a somat\u00f3ria de suas conquistas sociais, vinculadas ao bom desempenho cient\u00edfico e tecnol\u00f3gico que, por sua vez, projetam-se nos relacionamentos s\u00f3cio-econ\u00f4micos e pol\u00edticos? O que \u00e9 o desenvolvimento humano sen\u00e3o a contempla\u00e7\u00e3o dos benef\u00edcios que dignificam a vida dos cidad\u00e3os e cidad\u00e3s, facilitando a conviv\u00eancia social, respeitando o bem p\u00fablico, provocando bons relacionamentos e, enfim, a tranquilidade na ordem?<\/p>\n<p style=\"text-align: justify\">No centro de todo progresso deve estar o ser humano, coletivamente pensado, priorizando os grandes valores referenciais, \u00e9ticos e morais, agregados aos benef\u00edcios advindos no tempo e no espa\u00e7o. Diz Bento XVI: \u201cN\u00e3o \u00e9 suficiente progredir do ponto de vista econ\u00f4mico e tecnol\u00f3gico. \u00c9 preciso que o desenvolvimento seja verdadeiro e integral, antes de tudo. A sa\u00edda do atraso econ\u00f4mico, um dado em si mesmo positivo, n\u00e3o resolve a complexa problem\u00e1tica da promo\u00e7\u00e3o do homem\u201d (n. 23).<\/p>\n<p style=\"text-align: justify\">O progresso \u00e9, na sua origem e na sua ess\u00eancia, uma voca\u00e7\u00e3o! Nos des\u00edgnios de Deus cada homem \u00e9 chamado a se desenvolver porque toda a vida \u00e9 voca\u00e7\u00e3o. \u00c9 precisamente este fato que legitima a interven\u00e7\u00e3o da Igreja nas problem\u00e1ticas do desenvolvimento (n. 16). Sem Deus o desenvolvimento ou \u00e9 negado ou acaba confiado unicamente \u00e0s m\u00e3os do homem, que cai na presun\u00e7\u00e3o da auto-salva\u00e7\u00e3o e acaba por fomentar um desenvolvimento desumanizado.<\/p>\n","protected":false},"excerpt":{"rendered":"<p>Acaba de ser publicada (dia 7 pp.) a nova Carta Enc\u00edclica de Bento XVI sobre a Doutrina Social da Igreja,<\/p>\n","protected":false},"author":83,"featured_media":0,"comment_status":"open","ping_status":"open","sticky":false,"template":"","format":"standard","meta":{"site-sidebar-layout":"default","site-content-layout":"default","ast-global-header-display":"","ast-banner-title-visibility":"","ast-main-header-display":"","ast-hfb-above-header-display":"","ast-hfb-below-header-display":"","ast-hfb-mobile-header-display":"","site-post-title":"","ast-breadcrumbs-content":"","ast-featured-img":"","footer-sml-layout":"","theme-transparent-header-meta":"","adv-header-id-meta":"","stick-header-meta":"","header-above-stick-meta":"","header-main-stick-meta":"","header-below-stick-meta":""},"categories":[784],"tags":[],"acf":[],"_links":{"self":[{"href":"https:\/\/www.cnbb.org.br\/cnbb-app\/wp\/v2\/posts\/26394"}],"collection":[{"href":"https:\/\/www.cnbb.org.br\/cnbb-app\/wp\/v2\/posts"}],"about":[{"href":"https:\/\/www.cnbb.org.br\/cnbb-app\/wp\/v2\/types\/post"}],"author":[{"embeddable":true,"href":"https:\/\/www.cnbb.org.br\/cnbb-app\/wp\/v2\/users\/83"}],"replies":[{"embeddable":true,"href":"https:\/\/www.cnbb.org.br\/cnbb-app\/wp\/v2\/comments?post=26394"}],"version-history":[{"count":0,"href":"https:\/\/www.cnbb.org.br\/cnbb-app\/wp\/v2\/posts\/26394\/revisions"}],"wp:attachment":[{"href":"https:\/\/www.cnbb.org.br\/cnbb-app\/wp\/v2\/media?parent=26394"}],"wp:term":[{"taxonomy":"category","embeddable":true,"href":"https:\/\/www.cnbb.org.br\/cnbb-app\/wp\/v2\/categories?post=26394"},{"taxonomy":"post_tag","embeddable":true,"href":"https:\/\/www.cnbb.org.br\/cnbb-app\/wp\/v2\/tags?post=26394"}],"curies":[{"name":"wp","href":"https:\/\/api.w.org\/{rel}","templated":true}]}}