{"id":264033,"date":"2021-05-20T11:40:31","date_gmt":"2021-05-20T14:40:31","guid":{"rendered":"https:\/\/www.cnbb.org.br\/?p=264033"},"modified":"2021-05-20T11:43:12","modified_gmt":"2021-05-20T14:43:12","slug":"o-divino-espirito-santo-3","status":"publish","type":"post","link":"https:\/\/www.cnbb.org.br\/o-divino-espirito-santo-3\/","title":{"rendered":"O Divino Esp\u00edrito Santo"},"content":{"rendered":"<p style=\"text-align: right;\"><strong>Dom Adelar Baruffi<\/strong><br \/>\n<strong>Bispo de Cruz Alta (RS)<\/strong><\/p>\n<p>&nbsp;<\/p>\n<p style=\"text-align: justify;\">\u00a0\u00a0\u00a0\u00a0\u00a0\u00a0\u00a0\u00a0\u00a0\u00a0\u00a0 Na Solenidade de Pentecostes, nossa Diocese de Cruz Alta tem o Divino Esp\u00edrito Santo como padroeiro. Dia 18 de maio, data pr\u00f3xima da Solenidade, foi oficialmente designado como sendo a dedica\u00e7\u00e3o da nossa Catedral, festa lit\u00fargica para todos n\u00f3s diocesanos. Ele est\u00e1 na Catedral Diocesana, bem no alto, num vitral iluminado, sobre o altar e sobre o Pai e o Filho. Nele est\u00e1 o s\u00edmbolo por excel\u00eancia do Esp\u00edrito Santo, a pomba e os sete dons dos sacramentos. Ele est\u00e1 l\u00e1, quase escondido, como costuma estar o Esp\u00edrito Santo em nossa vida. Onde est\u00e1 Ele? Ele est\u00e1 sobre tudo no que vem de Deus. Ele \u00e9 Deus. Ele diviniza. Esta solenidade lit\u00fargica, com tantos elementos portugueses, traz consigo muitas festividades.<\/p>\n<p style=\"text-align: justify;\">\u00a0\u00a0\u00a0\u00a0\u00a0\u00a0\u00a0\u00a0\u00a0\u00a0\u00a0 Mas, se Ele est\u00e1 escondido, como \u00e9 t\u00e3o importante? A viv\u00eancia unicamente do cristianismo como um seguidor de Jesus, o Nazareno, e a n\u00e3o viv\u00eancia da intimidade com o Pai e com os pobres, est\u00e1 bem presente hoje. Basta vermos o exemplo de Jesus Cristo. Na verdade, Jesus Cristo, o Filho de Deus, encontrava-se com seu Pai sempre. Algumas vezes sabemos do que dialogavam, como na ora\u00e7\u00e3o do pai-nosso (cf. Mt 6,9-13) e na profunda ora\u00e7\u00e3o do Filho ao Pai (cf. Jo 17). O seu modo de viver, t\u00e3o profundamente humano e misericordioso, viu assim a todos os pobres. Ele, contudo, tinha uma absoluta confian\u00e7a no Pai. Como diria S\u00e3o Paulo: \u201ceu sei em quem eu confiei\u201d (2Tm 1,12). No grande relato da sua paix\u00e3o, vemos esta garantia, quase nos dando a impress\u00e3o de uma f\u00e9 profunda, que Ele sabia em quem havia confiado. De fato, Ele \u201cabrindo o livro, encontrou o lugar onde est\u00e1 escrito: \u2018O Esp\u00edrito do Senhor est\u00e1 sobre mim, pois ele me ungiu para anunciar o evangelho aos pobres\u2019\u201d (Lc 4,17-18). O Esp\u00edrito Santo est\u00e1 sobre todos n\u00f3s, pois o recebemos no batismo, se quisermos, em nossa vida e no nosso agir.<\/p>\n<p style=\"text-align: justify;\">\u00a0\u00a0\u00a0\u00a0\u00a0\u00a0\u00a0\u00a0\u00a0\u00a0\u00a0 N\u00f3s, crist\u00e3os cat\u00f3licos, fomos batizados no Esp\u00edrito Santo. Sabemos que Ele nos conduz \u00e0 vida comum com o Pai e o Filho. N\u00f3s somos um em Cristo. Ele est\u00e1 acima de todos n\u00f3s, ou se quisermos, no nosso meio, no nosso interior. \u201cEu vim para que todos tenham vida, e a tenham em abund\u00e2ncia\u201d (Jo10,10). Pentecostes \u00e9 a festa lit\u00fargica do Pai que nos quer todos consigo, no seu Filho Jesus Cristo. Ele o faz pelo seu Esp\u00edrito. Do pr\u00f3prio pastor Jesus Cristo, nos \u00e9 dito: \u201cningu\u00e9m tira a minha vida, mas sou Eu que a ofere\u00e7o livremente\u201d (Jo 10,18). \u00a0A vida, com tudo o que ela tem de mais precioso, s\u00f3 a encontramos quando algu\u00e9m a doa por n\u00f3s. Isto, aprendemos de Cristo e, no dom do Esp\u00edrito Santo, que \u00e9 uma doa\u00e7\u00e3o de Deus por n\u00f3s. Quanto mais algu\u00e9m doa sua vida por outros, pelo bem dos outros, mais vida corre nele! Assim, as grandes prega\u00e7\u00f5es de Pedro, nos Atos dos Ap\u00f3stolos, nos discursos sobre Jesus e a morte humilhante que teve, mas que Deus o constituiu Senhor e Cristo (cf. At 4,10-12). Ou a atitude dos ap\u00f3stolos que, ao retornarem de Ema\u00fas para Jerusal\u00e9m, anunciaram tudo o que tinham visto pelo caminho (cf. Lc 24,35). Eles estavam cheios do Esp\u00edrito Santo para anunciarem com tanta alegria que \u201cnenhum outro h\u00e1 salva\u00e7\u00e3o, pois n\u00e3o existe debaixo do c\u00e9u outro nome dado aos homens, pelo qual possamos ser salvos\u201d (At 4,12).<\/p>\n<p style=\"text-align: justify;\">\u00a0\u201cV\u00f3s n\u00e3o recebestes um Esp\u00edrito que vos escraviza e volta a encher-vos de medo; mas recebestes um Esp\u00edrito que faz de v\u00f3s filhos adotivos. \u00c9 por Ele que clamamos: Abb\u00e1, \u00f3 Pai\u201d (Rm 8,15). O Esp\u00edrito nos revela o sentido divino das Escrituras. Ele nos move interiormente e nos diz \u201cvai\u201d para sermos mission\u00e1rios. Ele transfigura o p\u00e3o e o vinho em corpo e sangue de Cristo. Ele nos envia aos mais pobres. O Esp\u00edrito Santo est\u00e1 sobre n\u00f3s!<\/p>\n<p>&nbsp;<\/p>\n","protected":false},"excerpt":{"rendered":"<p>Dom Adelar Baruffi Bispo de Cruz Alta (RS) &nbsp; \u00a0\u00a0\u00a0\u00a0\u00a0\u00a0\u00a0\u00a0\u00a0\u00a0\u00a0 Na Solenidade de Pentecostes, nossa Diocese de Cruz Alta tem o Divino Esp\u00edrito Santo como padroeiro. Dia 18 de maio, data pr\u00f3xima da Solenidade, foi oficialmente designado como sendo a dedica\u00e7\u00e3o da nossa Catedral, festa lit\u00fargica para todos n\u00f3s diocesanos. Ele est\u00e1 na Catedral Diocesana, &hellip;<\/p>\n<p class=\"read-more\"> <a class=\"\" href=\"https:\/\/www.cnbb.org.br\/o-divino-espirito-santo-3\/\"> <span class=\"screen-reader-text\">O Divino Esp\u00edrito Santo<\/span> Leia mais &raquo;<\/a><\/p>\n","protected":false},"author":26,"featured_media":0,"comment_status":"open","ping_status":"open","sticky":false,"template":"","format":"standard","meta":{"site-sidebar-layout":"default","site-content-layout":"default","ast-global-header-display":"","ast-banner-title-visibility":"","ast-main-header-display":"","ast-hfb-above-header-display":"","ast-hfb-below-header-display":"","ast-hfb-mobile-header-display":"","site-post-title":"","ast-breadcrumbs-content":"","ast-featured-img":"","footer-sml-layout":"","theme-transparent-header-meta":"default","adv-header-id-meta":"","stick-header-meta":"","header-above-stick-meta":"","header-main-stick-meta":"","header-below-stick-meta":""},"categories":[758],"tags":[],"acf":[],"_links":{"self":[{"href":"https:\/\/www.cnbb.org.br\/cnbb-app\/wp\/v2\/posts\/264033"}],"collection":[{"href":"https:\/\/www.cnbb.org.br\/cnbb-app\/wp\/v2\/posts"}],"about":[{"href":"https:\/\/www.cnbb.org.br\/cnbb-app\/wp\/v2\/types\/post"}],"author":[{"embeddable":true,"href":"https:\/\/www.cnbb.org.br\/cnbb-app\/wp\/v2\/users\/26"}],"replies":[{"embeddable":true,"href":"https:\/\/www.cnbb.org.br\/cnbb-app\/wp\/v2\/comments?post=264033"}],"version-history":[{"count":0,"href":"https:\/\/www.cnbb.org.br\/cnbb-app\/wp\/v2\/posts\/264033\/revisions"}],"wp:attachment":[{"href":"https:\/\/www.cnbb.org.br\/cnbb-app\/wp\/v2\/media?parent=264033"}],"wp:term":[{"taxonomy":"category","embeddable":true,"href":"https:\/\/www.cnbb.org.br\/cnbb-app\/wp\/v2\/categories?post=264033"},{"taxonomy":"post_tag","embeddable":true,"href":"https:\/\/www.cnbb.org.br\/cnbb-app\/wp\/v2\/tags?post=264033"}],"curies":[{"name":"wp","href":"https:\/\/api.w.org\/{rel}","templated":true}]}}