{"id":264099,"date":"2021-05-20T17:33:28","date_gmt":"2021-05-20T20:33:28","guid":{"rendered":"https:\/\/www.cnbb.org.br\/?p=264099"},"modified":"2021-05-20T17:48:26","modified_gmt":"2021-05-20T20:48:26","slug":"assembleia-eclesial-ceama-e-apresentacao-da-realidade-confira-os-destaques-do-terceiro-dia-da-38a-assembleia-do-celam","status":"publish","type":"post","link":"https:\/\/www.cnbb.org.br\/assembleia-eclesial-ceama-e-apresentacao-da-realidade-confira-os-destaques-do-terceiro-dia-da-38a-assembleia-do-celam\/","title":{"rendered":"Assembleia Eclesial, Ceama e apresenta\u00e7\u00e3o da realidade; confira os destaques do terceiro dia da 38\u00aa Assembleia do Celam"},"content":{"rendered":"<p style=\"text-align: justify;\">A Assembleia Geral do Conselho Episcopal Latino-americano &#8211; Celam, que se realiza virtualmente de 18 a 21 de maio, concentrou-se no seu terceiro dia de trabalho nos relat\u00f3rios sobre a Assembleia Eclesial da Am\u00e9rica Latina e do Caribe, a Confer\u00eancia Eclesial da Amaz\u00f4nia e a realidade dos diferentes pa\u00edses da Am\u00e9rica Latina e do Caribe.<\/p>\n<p style=\"text-align: justify;\">A pandemia de Covid-19 est\u00e1 marcando decisivamente a vida do povo e da Igreja na Am\u00e9rica Latina e no Caribe. Apesar das dificuldades, o cardeal Oscar Rodriguez Maradiaga, ao apresentar a Assembleia Eclesial da Am\u00e9rica Latina e do Caribe, sublinhou que a sua prepara\u00e7\u00e3o n\u00e3o parou. O Cardeal hondurenho apresentou os objetivos, que t\u00eam um impacto na reanima\u00e7\u00e3o da Igreja, apresentando uma nova forma de ser Igreja, numa chave sinodal, para fazer uma releitura de Aparecida a fim de retomar os aspectos mais impactantes e voltar a ligar as cinco confer\u00eancias e o Magist\u00e9rio do Papa Francisco.<\/p>\n<p style=\"text-align: justify;\">O cardeal salientou que &#8220;o S\u00ednodo para a Amaz\u00f3nia foi uma escola muito grande para todos n\u00f3s na Igreja universal, uma escola que outra metodologia poderia ser utilizada&#8221;. At\u00e9 ent\u00e3o, havia grande dificuldade em realizar sondagens antes dos s\u00ednodos, que ou n\u00e3o eram feitas ou eram feitas por muito poucas pessoas, sempre de dentro da Igreja, segundo o cardeal. Com o S\u00ednodo da Amaz\u00f3nia, foi demonstrada a possibilidade de que o ver se torna escuta.<\/p>\n<p style=\"text-align: justify;\">Segundo o arcebispo de Tegucigalpa, esta \u00e9 uma inspira\u00e7\u00e3o para a Assembleia Eclesial, &#8220;onde queremos que a escuta tenha uma for\u00e7a muito grande&#8221;, algo que \u00e9 coletado diretamente pelo comit\u00e9 de escuta, insistindo que qualquer pessoa pode entrar no website e contribuir. Sublinhou tamb\u00e9m a import\u00e2ncia de uma vis\u00e3o contemplativa da escuta, que \u00e9 complementada pelo itiner\u00e1rio espiritual. Por conseguinte, \u00e9 necess\u00e1rio, segundo o cardeal, motivar a escuta, a necessidade de participa\u00e7\u00e3o e anima\u00e7\u00e3o. Neste sentido, sublinhou que &#8220;a vantagem \u00e9 que atrav\u00e9s de meios telem\u00e1ticos se pode chegar diretamente ao comit\u00e9 de escuta.<\/p>\n<p style=\"text-align: justify;\">A Confer\u00eancia Eclesial da Amaz\u00f3nia, da qual fazem parte nove pa\u00edses e sete confer\u00eancias episcopais, que est\u00e3o inclu\u00eddas no Celam, uma novidade nascida em junho de 2020, \u00e9 um dos frutos do S\u00ednodo para a Amaz\u00f3nia, que fez a proposta de criar um organismo episcopal para coordenar a implementa\u00e7\u00e3o do S\u00ednodo no territ\u00f3rio, como recordou o Cardeal Claudio Hummes. No entanto, por indica\u00e7\u00e3o e desejo do Papa Francisco, este organismo tornou-se uma confer\u00eancia eclesial. \u00c9, segundo o presidente do Ceama, &#8220;um passo adiante na dire\u00e7\u00e3o e uma Igreja mais sinodal, menos piramidal, onde participa muito mais todo o Povo de Deus em todas as suas categorias&#8221;. <img decoding=\"async\" loading=\"lazy\" class=\"aligncenter size-large wp-image-264102\" src=\"https:\/\/www.cnbb.org.br\/wp-content\/uploads\/2021\/05\/WhatsApp-Image-2021-05-20-at-17.10.41-1024x682.jpeg\" alt=\"\" width=\"1024\" height=\"682\" srcset=\"https:\/\/www.cnbb.org.br\/wp-content\/uploads\/2021\/05\/WhatsApp-Image-2021-05-20-at-17.10.41-1024x682.jpeg 1024w, https:\/\/www.cnbb.org.br\/wp-content\/uploads\/2021\/05\/WhatsApp-Image-2021-05-20-at-17.10.41-300x200.jpeg 300w, https:\/\/www.cnbb.org.br\/wp-content\/uploads\/2021\/05\/WhatsApp-Image-2021-05-20-at-17.10.41-768x512.jpeg 768w, https:\/\/www.cnbb.org.br\/wp-content\/uploads\/2021\/05\/WhatsApp-Image-2021-05-20-at-17.10.41-391x260.jpeg 391w, https:\/\/www.cnbb.org.br\/wp-content\/uploads\/2021\/05\/WhatsApp-Image-2021-05-20-at-17.10.41-1536x1023.jpeg 1536w, https:\/\/www.cnbb.org.br\/wp-content\/uploads\/2021\/05\/WhatsApp-Image-2021-05-20-at-17.10.41-500x333.jpeg 500w, https:\/\/www.cnbb.org.br\/wp-content\/uploads\/2021\/05\/WhatsApp-Image-2021-05-20-at-17.10.41.jpeg 1600w\" sizes=\"(max-width: 1024px) 100vw, 1024px\" \/><\/p>\n<p style=\"text-align: justify;\">O cardeal sublinhou que n\u00e3o \u00e9 um simples secretariado ou comiss\u00e3o de outra entidade, mas tem o n\u00edvel de uma confer\u00eancia, o que lhe daria toda a sua autonomia. Ao mesmo tempo, insistiu que se trata de uma confer\u00eancia eclesial, da qual n\u00e3o s\u00f3 os bispos fazem parte.<\/p>\n<p style=\"text-align: justify;\">Falando da miss\u00e3o da Ceama, o cardeal Hummes disse que se trata de ajudar a delinear o rosto amaz\u00f3nico da Igreja, promovendo uma pastoral de conjunto, como Aparecida nos tinha indicado, diferenciada, dada a diversidade de culturas e realidades dentro da Pan-Amaz\u00f3nia, promovendo grandemente a incultura\u00e7\u00e3o da f\u00e9 nos seus territ\u00f3rios, aplicando os resultados do S\u00ednodo Especial para a Amaz\u00f3nia.<\/p>\n<p style=\"text-align: justify;\">A Ceama, que como recordou dom Miguel Cabrejos \u00e9 um dos tr\u00eas eixos atuais do Celam, est\u00e1 em processo de aprova\u00e7\u00e3o can\u00f3nica pela C\u00faria Romana, um processo que se vai realizando pouco a pouco, insiste o cardeal, porque &#8220;se trata de colocar os fundamentos can\u00f4nicos de uma nova realidade na Igreja&#8221;. N\u00e3o podemos esquecer, como nos lembra o presidente da Ceama, que &#8220;o que daqui sair ser\u00e1 uma base para outras confer\u00eancias semelhantes na Igreja universal, o que constitui um ponto importante&#8221;.<\/p>\n<p style=\"text-align: justify;\">A CEAMA j\u00e1 tem o seu secret\u00e1rio executivo, o jesu\u00edta colombiano Alfredo Ferro, que ficar\u00e1 sedeado na sede do Celam, ao qual a CEAMA est\u00e1 organicamente ligada. Pouco a pouco, o plano pastoral para a implementa\u00e7\u00e3o do S\u00ednodo no territ\u00f3rio est\u00e1 sendo constru\u00eddo. Neste sentido, o Cardeal Hummes insistiu que &#8220;devemos sonhar com uma Igreja ind\u00edgena, n\u00e3o s\u00f3 com uma Igreja indigenista, que seria uma Igreja onde s\u00e3o os ind\u00edgenas que tem seus pr\u00f3prios bispos, presb\u00edteros, di\u00e1conos, ministros institu\u00eddos, uma Igreja que seja mission\u00e1ria em rela\u00e7\u00e3o aos outros ind\u00edgenas n\u00e3o evangelizados&#8221;.<\/p>\n<p style=\"text-align: justify;\">Mauricio L\u00f3pez, que at\u00e9 h\u00e1 poucas semanas era o secret\u00e1rio executivo interino da Ceama, sublinhou a import\u00e2ncia de todas as inst\u00e2ncias do Celam poderem abordar a realidade da Ceama. Nas suas palavras enfatizou a import\u00e2ncia de participar nos processos presentes na Ceama, tais como os aspectos de ministerialidade e itiner\u00e1rios. Ao mesmo tempo, salientou como o trabalho articulado e o acolhimento do Celam \u00e0 Ceama \u00e9 muito positivo. Tamb\u00e9m mostrou o apoio de todos os centros do Celam \u00e0 caminhada da Ceama, como fonte de vida e de novos caminhos.<\/p>\n<p style=\"text-align: justify;\">No debate que se seguiu, foram abordadas algumas quest\u00f5es relacionadas com a Ceama, tais como o tema da Universidade da Amaz\u00f3nia, que nas palavras do Cardeal Hummes \u00e9 &#8220;uma universidade que trabalha com o povo e a partir da\u00ed constr\u00f3i conhecimento, uma universidade diferenciada, pronta a ouvir e a construir processos em conjunto e n\u00e3o de cima para baixo&#8221;.<\/p>\n<p style=\"text-align: justify;\">A apresenta\u00e7\u00e3o da realidade dos pa\u00edses, que o cardeal Rodriguez Maradiaga considera um enriquecimento m\u00fatuo, foi feita atrav\u00e9s de pequenos v\u00eddeos, onde um bispo de cada confer\u00eancia episcopal ajudou a compreender a situa\u00e7\u00e3o que est\u00e1 sendo vivida em cada canto do continente. Apesar de outras situa\u00e7\u00f5es terem sido relatadas, o aspecto mais marcante das interven\u00e7\u00f5es foi a pandemia da Covid-19 e a forma como a Igreja est\u00e1 respondendo. As iniciativas realizadas foram muito semelhantes, destacando as grandes express\u00f5es de solidariedade, especialmente atrav\u00e9s da Caritas, que, nas palavras do presidente do Celam, &#8220;mostram o rosto materno e misericordioso da Igreja&#8221;.<\/p>\n<p style=\"text-align: justify;\">Na confer\u00eancia de imprensa, que se realiza todos os dias no final das sess\u00f5es da assembleia, o Cardeal Rodriguez Maradiaga refletiu sobre o Centro de Gest\u00e3o do Conhecimento do Celam, que ele coordena. Neste sentido, sublinhou a import\u00e2ncia da &#8220;capacidade de reflex\u00e3o e conhecimento que podemos oferecer a um mundo dominado por sistemas pol\u00edticos e econ\u00f3micos que falharam&#8221;. \u00c9 necess\u00e1rio, no caso da Am\u00e9rica Latina e do Caribe, &#8220;contribuir para a reflex\u00e3o que brota da nossa terra, da nossa identidade&#8221;, dando como exemplo a Universidade Cat\u00f3lica da Amaz\u00f3nia, uma ideia nascida do S\u00ednodo e que j\u00e1 deu os seus primeiros passos.<\/p>\n<p style=\"text-align: justify;\">O cardeal hondurenho refletiu sobre a cultura do encontro, algo necess\u00e1rio numa sociedade em que vemos desacordos, colocando o di\u00e1logo como um instrumento que &#8220;nos d\u00e1 a oportunidade de discutir, mas como irm\u00e3os&#8221;. \u00c9 por isso que insistiu que &#8220;a cultura do encontro tem de ser promovida a todos os n\u00edveis na nossa Igreja&#8221;. Segundo o Cardeal Rodriguez Maradiaga, a assembleia \u00e9 uma prova do que pode ser feito quando h\u00e1 vontade, \u00e9 um sinal positivo, afirmando que &#8220;a p\u00f3s-pandemia n\u00e3o pode ser a mesma, n\u00f3s aprendemos&#8221;. Finalmente, agradeceu aos comunicadores &#8220;por nos darem seu tempo&#8221;.<\/p>\n<p style=\"text-align: justify;\">Tamb\u00e9m presente na confer\u00eancia de imprensa esteve o Padre David Jasso, que salientou, na linha do que foi discutido neste terceiro dia da 38\u00aa Assembleia Geral do Celam, como neste tempo de pandemia, a Igreja demonstrou compaix\u00e3o e adaptabilidade, &#8220;compreendemos que as telas n\u00e3o s\u00e3o muros, mas pontes&#8221;. O Secret\u00e1rio-Geral Adjunto do Celam destacou o dinamismo da Pastoral Social neste \u00faltimo ano, &#8220;para ver por aqueles que n\u00e3o contam e que foram os mais afetados&#8221;, os mais pobres e indefesos, numa mudan\u00e7a de \u00e9poca que j\u00e1 estava a chegar, mas que se acelerou.<\/p>\n<p style=\"text-align: justify;\">Referindo-se \u00e0 Assembleia Eclesial da Am\u00e9rica Latina e do Caribe, afirmou que est\u00e1 avan\u00e7ando de forma constante, apesar de saber que nem todos t\u00eam os recursos digitais para se ligarem, para os quais est\u00e3o sendo procuradas alternativas. Na sua opini\u00e3o, &#8220;a assembleia \u00e9 um ponto de chegada e de partida, um momento especial de gra\u00e7a&#8221;, sublinhando a import\u00e2ncia da ora\u00e7\u00e3o. A pandemia mostrou-nos, segundo o padre mexicano, que &#8220;h\u00e1 uma ressignifica\u00e7\u00e3o do que somos e do que fazemos, n\u00e3o podemos estabelecer projetos pastorais sem considerar este contexto da pandemia&#8221;. Por esta raz\u00e3o, ele v\u00ea os desafios de mostrar proximidade e solidariedade.<\/p>\n<p>&nbsp;<\/p>\n<pre>Por Padre Luis Miguel Modino - Equipe de Comunica\u00e7\u00e3o do Celam<\/pre>\n","protected":false},"excerpt":{"rendered":"<p>A Assembleia Geral do Conselho Episcopal Latino-americano &#8211; Celam, que se realiza virtualmente de 18 a 21 de maio, concentrou-se no seu terceiro dia de trabalho nos relat\u00f3rios sobre a Assembleia Eclesial da Am\u00e9rica Latina e do Caribe, a Confer\u00eancia Eclesial da Amaz\u00f4nia e a realidade dos diferentes pa\u00edses da Am\u00e9rica Latina e do Caribe<\/p>\n","protected":false},"author":83,"featured_media":264101,"comment_status":"open","ping_status":"open","sticky":false,"template":"","format":"standard","meta":{"site-sidebar-layout":"default","site-content-layout":"default","ast-global-header-display":"","ast-banner-title-visibility":"","ast-main-header-display":"","ast-hfb-above-header-display":"","ast-hfb-below-header-display":"","ast-hfb-mobile-header-display":"","site-post-title":"","ast-breadcrumbs-content":"","ast-featured-img":"","footer-sml-layout":"","theme-transparent-header-meta":"default","adv-header-id-meta":"","stick-header-meta":"","header-above-stick-meta":"","header-main-stick-meta":"","header-below-stick-meta":""},"categories":[1294,50],"tags":[3649,2213],"acf":[],"_links":{"self":[{"href":"https:\/\/www.cnbb.org.br\/cnbb-app\/wp\/v2\/posts\/264099"}],"collection":[{"href":"https:\/\/www.cnbb.org.br\/cnbb-app\/wp\/v2\/posts"}],"about":[{"href":"https:\/\/www.cnbb.org.br\/cnbb-app\/wp\/v2\/types\/post"}],"author":[{"embeddable":true,"href":"https:\/\/www.cnbb.org.br\/cnbb-app\/wp\/v2\/users\/83"}],"replies":[{"embeddable":true,"href":"https:\/\/www.cnbb.org.br\/cnbb-app\/wp\/v2\/comments?post=264099"}],"version-history":[{"count":0,"href":"https:\/\/www.cnbb.org.br\/cnbb-app\/wp\/v2\/posts\/264099\/revisions"}],"wp:featuredmedia":[{"embeddable":true,"href":"https:\/\/www.cnbb.org.br\/cnbb-app\/wp\/v2\/media\/264101"}],"wp:attachment":[{"href":"https:\/\/www.cnbb.org.br\/cnbb-app\/wp\/v2\/media?parent=264099"}],"wp:term":[{"taxonomy":"category","embeddable":true,"href":"https:\/\/www.cnbb.org.br\/cnbb-app\/wp\/v2\/categories?post=264099"},{"taxonomy":"post_tag","embeddable":true,"href":"https:\/\/www.cnbb.org.br\/cnbb-app\/wp\/v2\/tags?post=264099"}],"curies":[{"name":"wp","href":"https:\/\/api.w.org\/{rel}","templated":true}]}}