{"id":264131,"date":"2021-05-21T12:01:33","date_gmt":"2021-05-21T15:01:33","guid":{"rendered":"https:\/\/www.cnbb.org.br\/?p=264131"},"modified":"2021-05-21T12:03:16","modified_gmt":"2021-05-21T15:03:16","slug":"inscricoes-prorrogadas-para-os-premios-de-comunicacao-da-cnbb","status":"publish","type":"post","link":"https:\/\/www.cnbb.org.br\/inscricoes-prorrogadas-para-os-premios-de-comunicacao-da-cnbb\/","title":{"rendered":"Inscri\u00e7\u00f5es prorrogadas para os Pr\u00eamios de Comunica\u00e7\u00e3o da CNBB"},"content":{"rendered":"<p style=\"text-align: justify;\">As inscri\u00e7\u00f5es para os Pr\u00eamios de Comunica\u00e7\u00e3o da CNBB foram prorrogadas at\u00e9 o dia 10 de junho. Poder\u00e3o ser inscritos os trabalhos realizados entre 1 de janeiro de 2019 e 31 de dezembro de 2020. Uma das novidades deste ano \u00e9 o Pr\u00eamio Pastoral Kerigma, exclusivo para trabalhos da Pastoral da Comunica\u00e7\u00e3o. Confira abaixo mais detalhes desta categoria.<\/p>\n<p style=\"text-align: justify;\">Neste ano, segundo o coordenador dos Pr\u00eamios, Rafael Alberto, a iniciativa ainda acontece em meio a uma onda crescente de contamina\u00e7\u00f5es e mortes pelo novo coronav\u00edrus. \u201cNossa expectativa inicial era realizar a cerim\u00f4nia de entrega dos pr\u00eamios presencialmente em Bras\u00edlia, na nova sede da CNBB\u201d, conta.<\/p>\n<p style=\"text-align: justify;\">Para garantir a seguran\u00e7a de todos os envolvidos e reiterar a posi\u00e7\u00e3o da Confer\u00eancia de valoriza\u00e7\u00e3o da vida, o coordenador dos Pr\u00eamios explica que para a 53\u00aa edi\u00e7\u00e3o haver\u00e1 uma festa remota. \u201cA ideia \u00e9 entregar os trof\u00e9us nas cidades dos premiados, o que tamb\u00e9m dar\u00e1 uma perspectiva da diversidade das regi\u00f5es do nosso pa\u00eds\u201d, disse Rafael.<\/p>\n<h3 style=\"text-align: justify;\">O que \u00e9 o Pr\u00eamio Pastoral Kerigma?<\/h3>\n<p style=\"text-align: justify;\">Aprovada pelo Conselho Permanente da CNBB em 2019, esta categoria visa o reconhecimento e o incentivo de a\u00e7\u00f5es desenvolvidas pelas equipes de Pastoral da Comunica\u00e7\u00e3o das par\u00f3quias e dioceses, tendo como crit\u00e9rio a implementa\u00e7\u00e3o das Diretrizes Gerais da A\u00e7\u00e3o Evangelizadora da CNBB (2019-2023). S\u00e3o v\u00e1lidas para este pr\u00eamio todas e quaisquer iniciativas pastorais que destaquem ao menos dois dos seguintes crit\u00e9rios:<\/p>\n<p style=\"text-align: justify;\">\u2013 a evangeliza\u00e7\u00e3o no mundo urbano;<\/p>\n<p style=\"text-align: justify;\">\u2013 a forma\u00e7\u00e3o de comunidades eclesiais mission\u00e1rias;<\/p>\n<p style=\"text-align: justify;\">\u2013 a op\u00e7\u00e3o preferencial pelos pobres;<\/p>\n<p style=\"text-align: justify;\">\u2013 o cuidado da Casa Comum.<\/p>\n<p style=\"text-align: justify;\">Segundo Rafael Alberto, a categoria para a Pascom foi decidida antes mesmo dos desafios impostos pelo novo coronav\u00edrus e o objetivo \u00e9 fazer com que os trabalhos dos agentes da pastoral tenham a mesma oportunidade de outras produ\u00e7\u00f5es maiores, que contam com recursos profissionais, de serem destacados como um servi\u00e7o pertinente de propaga\u00e7\u00e3o dos valores crist\u00e3os.<\/p>\n<p style=\"text-align: justify;\">\u201c\u00c9 significativo que a primeira entrega dessa categoria seja realizada durante a pandemia, pois as restri\u00e7\u00f5es para a celebra\u00e7\u00e3o da missa em nossas par\u00f3quias revelou-se um enorme desafio sobretudo para a Pascom, que tem respondido com a\u00e7\u00f5es criativas e muito bonitas. Ser\u00e1 lindo poder destacar essas a\u00e7\u00f5es, para que outras par\u00f3quias possam seguir o exemplo\u201d, afirmou.<\/p>\n<h3 style=\"text-align: justify;\">Conhe\u00e7a as outras categorias dos Pr\u00eamios de Comunica\u00e7\u00e3o<\/h3>\n<p style=\"text-align: justify;\">Os Pr\u00eamios de Comunica\u00e7\u00e3o foram criados pela Confer\u00eancia Nacional dos Bispos do Brasil (CNBB) para explicitar o reconhecimento p\u00fablico da Igreja Cat\u00f3lica Apost\u00f3lica Romana ao trabalho merit\u00f3rio de profissionais da comunica\u00e7\u00e3o social nos diversos meios que apresentaram suas obras e se distinguiram pelo servi\u00e7o \u00e0 dignidade humana e aos valores do Evangelho. Al\u00e9m dos pr\u00eamios tradicionais, a CNBB estreia nesta 53\u00aa edi\u00e7\u00e3o duas novas categorias \u2013 Pesquisas de P\u00f3s-Gradua\u00e7\u00e3o e pr\u00e1ticas e experi\u00eancias da Pastoral da Comunica\u00e7\u00e3o.<\/p>\n<h3 style=\"text-align: justify;\">PR\u00caMIO DE CINEMA \u201cMARGARIDA DE PRATA\u201d<\/h3>\n<p style=\"text-align: justify;\">A CNBB instituiu, em 1967, o primeiro Pr\u00eamio de Comunica\u00e7\u00e3o Margarida de Prata para o Cinema, que representou um importante apoio \u00e0 produ\u00e7\u00e3o cultural livre. O pr\u00eamio \u00e9 entregue em duas modalidades:<\/p>\n<p style=\"text-align: justify;\">a) Longa-metragem: podem participar desta categoria os filmes, ficcionais ou document\u00e1rios, com dura\u00e7\u00e3o m\u00ednima de 70 minutos.<\/p>\n<p style=\"text-align: justify;\">b) Curta-metragem: podem participar desta categoria os filmes, ficcionais ou document\u00e1rios com menos de 70 minutos (incluindo cr\u00e9ditos).<\/p>\n<h3 style=\"text-align: justify;\">PR\u00caMIO MICROFONE DE PRATA<\/h3>\n<p style=\"text-align: justify;\">Em 1989, a CNBB apoiou a cria\u00e7\u00e3o do Pr\u00eamio Microfone de Prata para produ\u00e7\u00f5es radiof\u00f4nicas, promovido pela Uni\u00e3o de R\u00e1dio Difus\u00e3o Cat\u00f3lica (UNDA-Brasil). Em 2010, a promo\u00e7\u00e3o da categoria passou para a Rede Cat\u00f3lica de R\u00e1dio (RCR). Para concorrer ao pr\u00eamio, poder\u00e3o se inscrever conte\u00fados veiculados em emissoras de r\u00e1dio, web r\u00e1dio e em agregadores de podcast. Cada emissora poder\u00e1 inscrever at\u00e9 3 trabalhos por modalidade. A premia\u00e7\u00e3o ser\u00e1 entregue nas seguintes modalidades:<\/p>\n<p style=\"text-align: justify;\">a) Jornal\u00edstico Concorrem trabalhos com dura\u00e7\u00e3o m\u00e1xima de 30 minutos (no caso de programas, basta enviar uma vers\u00e3o editada com esse mesmo tempo).<\/p>\n<p style=\"text-align: justify;\">b) Religioso Concorrem trabalhos com dura\u00e7\u00e3o m\u00e1xima de 30 minutos (no caso de programas mais extensos, basta enviar uma vers\u00e3o editada com esse mesmo tempo).<\/p>\n<p style=\"text-align: justify;\">c) Entretenimento Concorrem trabalhos com dura\u00e7\u00e3o m\u00e1xima de 30 minutos (no caso de programas mais extensos, basta enviar uma vers\u00e3o editada com esse mesmo tempo).<\/p>\n<h3 style=\"text-align: justify;\">PR\u00caMIO CLARA DE ASSIS<\/h3>\n<p style=\"text-align: justify;\">Em 2005, a CNBB instituiu o Pr\u00eamio Clara de Assis para a Televis\u00e3o, concedido a programas televisivos nacionais produzidos e exibidos por emissoras comerciais, educativas e comunit\u00e1rias. Mais recentemente, tamb\u00e9m s\u00e3o aceitos v\u00eddeos veiculados em plataformas digitais. Cada ve\u00edculo pode inscrever at\u00e9 3 trabalho por modalidade. As modalidades desta categoria s\u00e3o:<\/p>\n<p style=\"text-align: justify;\">a) Reportagem Concorrem nesta modalidade reportagens televisivas com dura\u00e7\u00e3o entre 1\u201930 a 5 minutos. Ser\u00e3o aceitas inscri\u00e7\u00f5es de s\u00e9ries de reportagens.<\/p>\n<p style=\"text-align: justify;\">b) Document\u00e1rio Podem se inscrever document\u00e1rios produzidos e veiculados em canais de televis\u00e3o que tenham dura\u00e7\u00e3o entre 15 a 60 minutos.<\/p>\n<h3 style=\"text-align: justify;\">PR\u00caMIO DOM HELDER CAMARA<\/h3>\n<p style=\"text-align: justify;\">Em comemora\u00e7\u00e3o aos 50 anos de funda\u00e7\u00e3o da CNBB, em 2002, a Assessoria de Comunica\u00e7\u00e3o da CNBB instituiu o Pr\u00eamio Dom Helder C\u00e2mara de Imprensa, com o objetivo de premiar reportagens e trabalhos jornal\u00edsticos voltados \u00e0 promo\u00e7\u00e3o humana e social. Este pr\u00eamio inclui mat\u00e9rias, s\u00e9ries de mat\u00e9rias, reportagens ou outras formas do texto jornal\u00edstico. Cada ve\u00edculo pode inscrever at\u00e9 3 trabalhos nas seguintes modalidades:<\/p>\n<p style=\"text-align: justify;\">a) Jornal: concorrem trabalhos publicados em jornal impresso (ainda que tenham vers\u00f5es eletr\u00f4nicas).<\/p>\n<p style=\"text-align: justify;\">b) Revista: concorrem trabalhos publicados em revista impressa (ainda que tenham vers\u00f5es eletr\u00f4nicas).<\/p>\n<h3 style=\"text-align: justify;\">PR\u00caMIO DOM LUCIANO MENDES DE ALMEIDA<\/h3>\n<p style=\"text-align: justify;\">Na celebra\u00e7\u00e3o de 50 anos dos Pr\u00eamios de Comunica\u00e7\u00e3o, a CNBB lan\u00e7ou este pr\u00eamio para reconhecer o trabalho de converg\u00eancia midi\u00e1tica realizado no ambiente virtual da internet. Este pr\u00eamio est\u00e1 dividido em tr\u00eas modalidades. Os trabalhos concorrentes devem colocar em evid\u00eancia valores humanos e crist\u00e3os, com conte\u00fado no formato digital:<\/p>\n<p style=\"text-align: justify;\">a) Sites\/Portais\/Blogs Local na Internet identificado por um nome de dom\u00ednio, constitu\u00eddo por uma ou mais p\u00e1ginas de hipertexto, que podem conter textos, gr\u00e1ficos e informa\u00e7\u00f5es em multim\u00eddia.<\/p>\n<p style=\"text-align: justify;\">b) Iniciativas com Redes Sociais: projetos lan\u00e7ados em redes sociais (Facebook, Instagram, Twitter, You Tube, etc) para criar la\u00e7os entre pessoas em vista da apresenta\u00e7\u00e3o, defesa e engajamento em uma causa religiosa ou social.<\/p>\n<p style=\"text-align: justify;\">c) Aplicativos Aplicativo (app) \u00e9 um software desenvolvido para ser instalado em um dispositivo eletr\u00f4nico m\u00f3vel.<\/p>\n<h3 style=\"text-align: justify;\">PR\u00caMIO PAPA FRANCISCO<\/h3>\n<p style=\"text-align: justify;\">Aprovada pelo Conselho Permanente da CNBB em 2019, a categoria visa reconhecer e incentivar o trabalho dos pesquisadores em comunica\u00e7\u00e3o, que tanto colaboram com a reflex\u00e3o, bem como no trabalho pastoral da Igreja no Brasil. Cada pessoa pode inscrever apenas um trabalho nesta categoria. Participam deste pr\u00eamio trabalhos acad\u00eamicos, aprovados no per\u00edodo de validade do concurso, nas seguintes modalidades:<\/p>\n<p style=\"text-align: justify;\">a) Mestrado: para esta modalidade, poder\u00e3o se inscrever autores de disserta\u00e7\u00f5es de mestrado que desenvolvam temas ligados \u00e0 articula\u00e7\u00e3o Igreja e comunica\u00e7\u00e3o. Ser\u00e3o aceitos trabalhos defendidos entre 1 de janeiro de 2015 e 31 de dezembro de 2020. Para a inscri\u00e7\u00e3o, ser\u00e1 necess\u00e1rio um breve artigo sobre o trabalho, conforme as normas da Associa\u00e7\u00e3o Brasileira de Normas T\u00e9cnicas, entre oito e dez p\u00e1ginas de conte\u00fado textual, al\u00e9m das refer\u00eancias bibliogr\u00e1ficas. A \u00edntegra do trabalho tamb\u00e9m dever\u00e1 ser anexada junto \u00e0 inscri\u00e7\u00e3o.<\/p>\n<p style=\"text-align: justify;\">b) Doutorado: para esta modalidade, poder\u00e3o se inscrever autores de teses de doutorado que desenvolvam temas ligados \u00e0 articula\u00e7\u00e3o Igreja e comunica\u00e7\u00e3o. Ser\u00e3o aceitos trabalhos defendidos entre 1 de janeiro de 2015 e 31 de dezembro de 2020. Para a inscri\u00e7\u00e3o, ser\u00e1 necess\u00e1rio um breve artigo sobre o trabalho, conforme as normas da Associa\u00e7\u00e3o Brasileira de Normas T\u00e9cnicas, entre oito e dez p\u00e1ginas de conte\u00fado textual, al\u00e9m das refer\u00eancias bibliogr\u00e1ficas. A \u00edntegra do trabalho tamb\u00e9m dever\u00e1 ser anexada junto \u00e0 inscri\u00e7\u00e3o.<\/p>\n<h3 style=\"text-align: justify;\">Como se inscrever?<\/h3>\n<p style=\"text-align: justify;\">Para realizar a inscri\u00e7\u00e3o e obter mais informa\u00e7\u00f5es sobre a 53\u00aa edi\u00e7\u00e3o dos Pr\u00eamios de Comunica\u00e7\u00e3o da CNBB basta entrar no seguinte endere\u00e7o: www.premios.cnbb.org.br<\/p>\n<p style=\"text-align: justify;\">Acesse a carta de lan\u00e7amento do edital: <a href=\"https:\/\/www.cnbb.org.br\/wp-content\/uploads\/2020\/11\/Carta-da-53%C2%AA.-Edic%CC%A7a%CC%83o-de-Pre%CC%82mios-de-Comunicac%CC%A7a%CC%83o-da-CNBB.pdf\">Carta de lan\u00e7amento da 53\u00aa Edi\u00e7\u00e3o<\/a><\/p>\n<p style=\"text-align: justify;\">Acesse o edital: <a href=\"https:\/\/www.cnbb.org.br\/wp-content\/uploads\/2021\/04\/Edital_Premios_CNBB_2021-Atualizado-em-ABRIL2021.pdf\">Edital da 53\u00aa edi\u00e7\u00e3o dos Pr\u00eamios de Comunica\u00e7\u00e3o<\/a><\/p>\n<p style=\"text-align: justify;\">\n","protected":false},"excerpt":{"rendered":"<p>As inscri\u00e7\u00f5es para os Pr\u00eamios de Comunica\u00e7\u00e3o da CNBB foram prorrogadas at\u00e9 o dia 10 de junho. Poder\u00e3o ser inscritos os trabalhos realizados entre 1 de janeiro de 2019 e 31 de dezembro de 2020. Uma das novidades deste ano \u00e9 o Pr\u00eamio Pastoral Kerigma, exclusivo para trabalhos da Pastoral da Comunica\u00e7\u00e3o<\/p>\n","protected":false},"author":83,"featured_media":255727,"comment_status":"open","ping_status":"open","sticky":false,"template":"","format":"standard","meta":{"site-sidebar-layout":"default","site-content-layout":"default","ast-global-header-display":"","ast-banner-title-visibility":"","ast-main-header-display":"","ast-hfb-above-header-display":"","ast-hfb-below-header-display":"","ast-hfb-mobile-header-display":"","site-post-title":"","ast-breadcrumbs-content":"","ast-featured-img":"","footer-sml-layout":"","theme-transparent-header-meta":"default","adv-header-id-meta":"","stick-header-meta":"","header-above-stick-meta":"","header-main-stick-meta":"","header-below-stick-meta":""},"categories":[878,50],"tags":[3166,1850,3457],"acf":[],"_links":{"self":[{"href":"https:\/\/www.cnbb.org.br\/cnbb-app\/wp\/v2\/posts\/264131"}],"collection":[{"href":"https:\/\/www.cnbb.org.br\/cnbb-app\/wp\/v2\/posts"}],"about":[{"href":"https:\/\/www.cnbb.org.br\/cnbb-app\/wp\/v2\/types\/post"}],"author":[{"embeddable":true,"href":"https:\/\/www.cnbb.org.br\/cnbb-app\/wp\/v2\/users\/83"}],"replies":[{"embeddable":true,"href":"https:\/\/www.cnbb.org.br\/cnbb-app\/wp\/v2\/comments?post=264131"}],"version-history":[{"count":0,"href":"https:\/\/www.cnbb.org.br\/cnbb-app\/wp\/v2\/posts\/264131\/revisions"}],"wp:featuredmedia":[{"embeddable":true,"href":"https:\/\/www.cnbb.org.br\/cnbb-app\/wp\/v2\/media\/255727"}],"wp:attachment":[{"href":"https:\/\/www.cnbb.org.br\/cnbb-app\/wp\/v2\/media?parent=264131"}],"wp:term":[{"taxonomy":"category","embeddable":true,"href":"https:\/\/www.cnbb.org.br\/cnbb-app\/wp\/v2\/categories?post=264131"},{"taxonomy":"post_tag","embeddable":true,"href":"https:\/\/www.cnbb.org.br\/cnbb-app\/wp\/v2\/tags?post=264131"}],"curies":[{"name":"wp","href":"https:\/\/api.w.org\/{rel}","templated":true}]}}