{"id":264148,"date":"2021-05-21T14:47:37","date_gmt":"2021-05-21T17:47:37","guid":{"rendered":"https:\/\/www.cnbb.org.br\/?p=264148"},"modified":"2021-05-21T19:54:27","modified_gmt":"2021-05-21T22:54:27","slug":"equipe-nacional-do-sav-pastoral-vocacional-esteve-reunida-de-forma-on-line-para-tratar-sobre-o-terceiro-ano-vocacional","status":"publish","type":"post","link":"https:\/\/www.cnbb.org.br\/equipe-nacional-do-sav-pastoral-vocacional-esteve-reunida-de-forma-on-line-para-tratar-sobre-o-terceiro-ano-vocacional\/","title":{"rendered":"Equipe Nacional do SAV\/ Pastoral Vocacional esteve reunida, de forma on-line, para tratar sobre o terceiro Ano Vocacional"},"content":{"rendered":"<p style=\"text-align: justify;\">Na manh\u00e3 do dia 20 de maio, quinta-feira, os membros da Equipe Nacional do Servi\u00e7o de Anima\u00e7\u00e3o Vocacional\/Pastoral Vocacional (SAV\/PV) estiveram reunidos, de forma on-line, para tratar sobre a estrutura\u00e7\u00e3o do terceiro Ano Vocacional, analisando as v\u00e1rias propostas que chegaram de tema e lema do Ano Vocacional de 2023, que est\u00e1 no processo de escolha. Na ocasi\u00e3o, tamb\u00e9m foi apresentado o conte\u00fado do subs\u00eddio Hora Vocacional, que est\u00e1 sendo editado pela editora da CNBB, a Edi\u00e7\u00f5es CNBB.<\/p>\n<p style=\"text-align: justify;\">Padre Marlon Malacoski, coordenador nacional do SAV\/PV, explicou que a partir das sugest\u00f5es de tema e lema para o terceiro ano vocacional, a coordena\u00e7\u00e3o nacional fez uma avalia\u00e7\u00e3o e dentre as discuss\u00f5es escolheu cinco propostas que ser\u00e3o apresentadas, futuramente, nas reuni\u00f5es do Consep e do Conselho Permanente da CNBB.<\/p>\n<p style=\"text-align: justify;\">Ainda segundo o padre Marlon, a reuni\u00e3o tamb\u00e9m trouxe a oportunidade de tratar sobre o M\u00eas Vocacional, celebrado em agosto. &#8220;Conversamos sobre o subs\u00eddio que est\u00e1 sendo preparado, o Hora Vocacional, e outros que est\u00e3o sendo elaborados para bem celebrarmos esse m\u00eas vocacional. A proposta \u00e9 que no final do m\u00eas de maio e in\u00edcio de junho esse material j\u00e1 possa estar dispon\u00edvel para consulta, para facilitar o trabalho dos animadores junto \u00e0s equipes paroquiais&#8221;, disse.<\/p>\n<p style=\"text-align: justify;\">Outro pauta da reuni\u00e3o, conforme o padre Marlon, foram as Diretrizes do Servi\u00e7o de Anima\u00e7\u00e3o Vocacional. &#8220;N\u00f3s estamos pensando em construirmos juntos um processo de estrutura\u00e7\u00e3o dessas Diretrizes, das quais j\u00e1 foram iniciadas pela equipe nacional anterior e que agora queremos revisar aquilo que j\u00e1 foi produzido ate ent\u00e3o, aprimorando e dando continuidade a esse trabalho para que a gente possa t\u00ea-las em breve&#8221;, afirmou o padre.<\/p>\n<h4><strong>Rec\u00e9m-eleito<\/strong><\/h4>\n<p style=\"text-align: justify;\">O padre Marlon foi eleito coordenador nacional do SAV\/PV em mar\u00e7o deste ano. Da diocese de Ca\u00e7ador (SC), trabalha como reitor da etapa de Teologia em Florian\u00f3polis. Est\u00e1 desde 2016 como coordenador do SAV\/PV no Regional Sul 4. Tem 8 anos de sacerd\u00f3cio.<\/p>\n<p>Em \u00e1udio ele conta sobre suas expectativas como representante do SAV\/PV para o quadri\u00eanio:<\/p>\n<!--[if lt IE 9]><script>document.createElement('audio');<\/script><![endif]-->\n<audio class=\"wp-audio-shortcode\" id=\"audio-264148-1\" preload=\"none\" style=\"width: 100%;\" controls=\"controls\"><source type=\"audio\/mpeg\" src=\"https:\/\/www.cnbb.org.br\/wp-content\/uploads\/2021\/05\/Pe.-Marlon.mp3?_=1\" \/><a href=\"https:\/\/www.cnbb.org.br\/wp-content\/uploads\/2021\/05\/Pe.-Marlon.mp3\">https:\/\/www.cnbb.org.br\/wp-content\/uploads\/2021\/05\/Pe.-Marlon.mp3<\/a><\/audio>\n<p>&nbsp;<\/p>\n<h3><strong>Ano Vocacional 2023<\/strong><\/h3>\n<div class=\"iframely-embed\">\n<div class=\"iframely-responsive\" style=\"padding-bottom: 56.2667%; padding-top: 120px;\"><a href=\"https:\/\/www.cnbb.org.br\/58a-assembleia-geral-da-cnbb-aprova-realizacao-do-ano-vocacional-em-2023\/\" data-iframely-url=\"\/\/cdn.iframe.ly\/nVDBWbv?maxheight=750\"><\/a><\/div>\n<\/div>\n<p><script async src=\"\/\/cdn.iframe.ly\/embed.js\" charset=\"utf-8\"><\/script><\/p>\n","protected":false},"excerpt":{"rendered":"<p>Na manh\u00e3 do dia 20 de maio, quinta-feira, os membros da Equipe Nacional do Servi\u00e7o de Anima\u00e7\u00e3o Vocacional\/Pastoral Vocacional (SAV\/PV) estiveram reunidos, de forma online, para tratar sobre a estrutura\u00e7\u00e3o do terceiro Ano Vocacional, analisando as v\u00e1rias propostas que chegaram de tema e lema<\/p>\n","protected":false},"author":83,"featured_media":264158,"comment_status":"open","ping_status":"open","sticky":false,"template":"","format":"standard","meta":{"site-sidebar-layout":"default","site-content-layout":"default","ast-global-header-display":"","ast-banner-title-visibility":"","ast-main-header-display":"","ast-hfb-above-header-display":"","ast-hfb-below-header-display":"","ast-hfb-mobile-header-display":"","site-post-title":"","ast-breadcrumbs-content":"","ast-featured-img":"","footer-sml-layout":"","theme-transparent-header-meta":"default","adv-header-id-meta":"","stick-header-meta":"","header-above-stick-meta":"","header-main-stick-meta":"","header-below-stick-meta":""},"categories":[50,838],"tags":[3461,2096,2810],"acf":[],"_links":{"self":[{"href":"https:\/\/www.cnbb.org.br\/cnbb-app\/wp\/v2\/posts\/264148"}],"collection":[{"href":"https:\/\/www.cnbb.org.br\/cnbb-app\/wp\/v2\/posts"}],"about":[{"href":"https:\/\/www.cnbb.org.br\/cnbb-app\/wp\/v2\/types\/post"}],"author":[{"embeddable":true,"href":"https:\/\/www.cnbb.org.br\/cnbb-app\/wp\/v2\/users\/83"}],"replies":[{"embeddable":true,"href":"https:\/\/www.cnbb.org.br\/cnbb-app\/wp\/v2\/comments?post=264148"}],"version-history":[{"count":0,"href":"https:\/\/www.cnbb.org.br\/cnbb-app\/wp\/v2\/posts\/264148\/revisions"}],"wp:featuredmedia":[{"embeddable":true,"href":"https:\/\/www.cnbb.org.br\/cnbb-app\/wp\/v2\/media\/264158"}],"wp:attachment":[{"href":"https:\/\/www.cnbb.org.br\/cnbb-app\/wp\/v2\/media?parent=264148"}],"wp:term":[{"taxonomy":"category","embeddable":true,"href":"https:\/\/www.cnbb.org.br\/cnbb-app\/wp\/v2\/categories?post=264148"},{"taxonomy":"post_tag","embeddable":true,"href":"https:\/\/www.cnbb.org.br\/cnbb-app\/wp\/v2\/tags?post=264148"}],"curies":[{"name":"wp","href":"https:\/\/api.w.org\/{rel}","templated":true}]}}